{"id":4697,"date":"2016-06-21T00:40:03","date_gmt":"2016-06-20T22:40:03","guid":{"rendered":"http:\/\/www.moravecteam.cz\/?p=4697"},"modified":"2016-06-21T23:34:59","modified_gmt":"2016-06-21T21:34:59","slug":"maska-popojela","status":"publish","type":"post","link":"https:\/\/www.moravecteam.cz\/?p=4697","title":{"rendered":"MASka popojela!"},"content":{"rendered":"<p style=\"text-align: justify;\"><span style=\"color: #800000;\"><strong>Za aktivn\u00ed pomoci MORAVEC Teamu se mo\u017en\u00e1 v\u00a0ned\u011bli, 19. \u010dervna 2016 poda\u0159ilo polo\u017eit z\u00e1kladn\u00ed k\u00e1men pohodov\u00e9 cyklistick\u00e9 vyj\u00ed\u017e\u010fky pro skute\u010dn\u011b nej\u0161ir\u0161\u00ed region\u00e1ln\u00ed cyklistickou ve\u0159ejnost. M\u00edstn\u00ed ak\u010dn\u00ed skupina Boskovicko, kter\u00e1 tuto akci iniciovala a ve spolupr\u00e1ci s\u00a0kterou dva \u010dlenov\u00e9 MORAVEC Teamu pomohli stanovit okruh, kter\u00fd rekrea\u010dn\u00ed cyklist\u00e9 absolvovali, zvl\u00e1dla premi\u00e9rov\u00fd ro\u010dn\u00edk, a\u017e na n\u011bkter\u00e9 detaily, organiza\u010dn\u011b bez chyby.<\/strong><\/span><\/p>\n<figure id=\"attachment_4721\" aria-describedby=\"caption-attachment-4721\" style=\"width: 732px\" class=\"wp-caption alignnone\"><a href=\"http:\/\/www.moravecteam.cz\/?attachment_id=4721\" rel=\"attachment wp-att-4721\"><img decoding=\"async\" loading=\"lazy\" class=\" wp-image-4721\" alt=\"DSCN8654\" src=\"http:\/\/www.moravecteam.cz\/wp-content\/uploads\/2016\/06\/DSCN8654.jpg\" width=\"732\" height=\"756\" srcset=\"https:\/\/www.moravecteam.cz\/wp-content\/uploads\/2016\/06\/DSCN8654.jpg 732w, https:\/\/www.moravecteam.cz\/wp-content\/uploads\/2016\/06\/DSCN8654-25x25.jpg 25w, https:\/\/www.moravecteam.cz\/wp-content\/uploads\/2016\/06\/DSCN8654-290x300.jpg 290w\" sizes=\"(max-width: 732px) 100vw, 732px\" \/><\/a><figcaption id=\"caption-attachment-4721\" class=\"wp-caption-text\">Mirka V\u00edtkov\u00e1, m\u00edstostarostka Boskovice, krajsk\u00e1 zastupitelka a kandid\u00e1tka do Sen\u00e1tu, je p\u0159es v\u0161echny svoje funkce tak\u00e9 v\u00fdte\u010dn\u00e1 cyklistka!<\/figcaption><\/figure>\n<p style=\"text-align: justify;\">Trasa o distanci 35 km vedla z\u00a0Boskovic na n\u00e1horn\u00ed plo\u0161inu Drahanskn\u00e9\u00a0 vrchoviny, p\u0159i\u010dem\u017e na startu v\u00a09.00 hodin u Boskovick\u00e9 \u00a0radnice obdr\u017eel (krom\u011b bal\u00ed\u010dku s\u00a0upom\u00ednkov\u00fdmi drobnostmi) ka\u017ed\u00fd \u00fa\u010dastn\u00edk mapu s\u00a0kontroln\u00edm listem, kter\u00fd v\u017edy p\u0159edlo\u017eil k\u00a0ozna\u010den\u00ed p\u0159i pr\u016fjezdu stanovenou obc\u00ed. T\u011bmito obcemi byl Velenov, obec Such\u00fd, Bene\u0161ov (zde byla hlavn\u00ed, placen\u00e1 ob\u010derstvova\u010dka), Ko\u0159enec (zde mohli \u00fa\u010dastn\u00edci pro zm\u011bnu zav\u00edtat zdarma do m\u00edstn\u00edho muzea lidov\u00fdch tradic), Vrat\u00edkov a c\u00edlov\u00e9 Boskovice. Peloton cca 40 cyklist\u016f se velmi z\u00e1hy d\u00edky r\u016fzn\u00e9 v\u00fdkonnosti rajdr\u016f roztrhal, to ale v\u016fbec ni\u010demu nevadilo, neb skute\u010dn\u011b ne\u0161lo o z\u00e1vod! \u00da\u010dastn\u00edci v\u00fdjezdu si to d\u00e1vali skute\u010dn\u011b na pohodu a mimo jin\u00fdch s\u00a0nimi cestu absolvovala i sou\u010dasn\u00e1 m\u00edsto starostka Boskovic Mirka V\u00edtkov\u00e1, jinak skv\u011bl\u00e1 hobby \u2013 cyklistka!<\/p>\n<figure id=\"attachment_4720\" aria-describedby=\"caption-attachment-4720\" style=\"width: 3054px\" class=\"wp-caption alignnone\"><a href=\"http:\/\/www.moravecteam.cz\/?attachment_id=4720\" rel=\"attachment wp-att-4720\"><img decoding=\"async\" loading=\"lazy\" class=\" wp-image-4720\" alt=\"DSCN8647\" src=\"http:\/\/www.moravecteam.cz\/wp-content\/uploads\/2016\/06\/DSCN8647.jpg\" width=\"3054\" height=\"2277\" srcset=\"https:\/\/www.moravecteam.cz\/wp-content\/uploads\/2016\/06\/DSCN8647.jpg 3054w, https:\/\/www.moravecteam.cz\/wp-content\/uploads\/2016\/06\/DSCN8647-300x223.jpg 300w, https:\/\/www.moravecteam.cz\/wp-content\/uploads\/2016\/06\/DSCN8647-1024x763.jpg 1024w\" sizes=\"(max-width: 3054px) 100vw, 3054px\" \/><\/a><figcaption id=\"caption-attachment-4720\" class=\"wp-caption-text\">Hlavn\u00ed depo si cyklv\u00fdletn\u00edci u\u017eili v ned\u011bli na dvo\u0159e bene\u0161ovsk\u00e9 Sokolovny.<\/figcaption><\/figure>\n<p style=\"text-align: justify;\">A te\u010f k\u00a0t\u011bm detail\u016fm, kter\u00e9 by bylo mo\u017en\u00e1 dobr\u00e9 pro p\u0159\u00ed\u0161t\u011b vylep\u0161it. \u010clenov\u00e9 MORAVEC Teamu stanovili trasu sice o n\u011bco del\u0161\u00ed (cca 37km), nicm\u00e9n\u011b vedouc\u00ed kolem n\u011bkolika zaj\u00edmav\u00fdch m\u00edst, o kter\u00fdch m\u00e1lo kdo v\u00ed: za v\u0161echna jmenuji \u201eVrata do pekla\u201c za Bene\u0161ovem \u010di docela masivn\u00ed vojensk\u00fd bunkr z\u00a0doby studen\u00e9 v\u00e1lky, kter\u00fd se nach\u00e1z\u00ed nad Ko\u0159encem. Zm\u011bn\u011bnou trasou (nejelo se proti p\u016fvodn\u00edmu pl\u00e1nu ani p\u0159es obec Hr\u00e1dkov) byli tedy \u00fa\u010dastn\u00edci o tyto zaj\u00edmavosti bohu\u017eel ochuzeni. Snad na p\u0159es rok! V\u00a0cca 15.00 z\u00e1v\u011bre\u010dn\u00e1 skupinka cyklist\u016f veden\u00e1 pan\u00ed Bezd\u011bkovou zaparkovala u radnice a sle\u010dna \u00a0v\u00a0informa\u010dn\u00edm st\u0159edisku tedy mohla vybrat od zbyl\u00fdch rajdr\u016f raz\u00edtky \u201eocejchovan\u00e9\u201c kontroln\u00ed pr\u016fjezdn\u00ed l\u00edstky, kter\u00e9 budou do ur\u010dit\u00e9ho doby vylosov\u00e1ny. Akor\u00e1t jsme nezaregistrovali, co vlastn\u011b m\u016f\u017eeme vyhr\u00e1t? \u00a0Po\u010dk\u00e1me a uvid\u00edme\u2026 A jak to v ned\u011bli vid\u011bl m\u016fj NIKON? <strong><a href=\"http:\/\/moravecteam.rajce.idnes.cz\/2016.06.19._Cyklovylet_MASKA_jede\/\">Mrkn\u011bte na fotky<\/a>.<\/strong>..<\/p>\n","protected":false},"excerpt":{"rendered":"<p>Za aktivn\u00ed pomoci MORAVEC Teamu se mo\u017en\u00e1 v\u00a0ned\u011bli, 19. \u010dervna 2016 poda\u0159ilo polo\u017eit z\u00e1kladn\u00ed k\u00e1men pohodov\u00e9 cyklistick\u00e9 vyj\u00ed\u017e\u010fky pro skute\u010dn\u011b nej\u0161ir\u0161\u00ed region\u00e1ln\u00ed cyklistickou ve\u0159ejnost. M\u00edstn\u00ed ak\u010dn\u00ed skupina Boskovicko, kter\u00e1 tuto akci iniciovala a ve spolupr\u00e1ci s\u00a0kterou dva \u010dlenov\u00e9 MORAVEC Teamu pomohli stanovit okruh, kter\u00fd rekrea\u010dn\u00ed cyklist\u00e9 absolvovali, zvl\u00e1dla premi\u00e9rov\u00fd ro\u010dn\u00edk, a\u017e na n\u011bkter\u00e9 detaily, organiza\u010dn\u011b &hellip; <a href=\"https:\/\/www.moravecteam.cz\/?p=4697\" class=\"more-link\">Pokra\u010dov\u00e1n\u00ed textu <span class=\"screen-reader-text\">MASka popojela!<\/span> <span class=\"meta-nav\">&rarr;<\/span><\/a><\/p>\n","protected":false},"author":3,"featured_media":4719,"comment_status":"open","ping_status":"closed","sticky":false,"template":"","format":"standard","meta":[],"categories":[13],"tags":[],"_links":{"self":[{"href":"https:\/\/www.moravecteam.cz\/index.php?rest_route=\/wp\/v2\/posts\/4697"}],"collection":[{"href":"https:\/\/www.moravecteam.cz\/index.php?rest_route=\/wp\/v2\/posts"}],"about":[{"href":"https:\/\/www.moravecteam.cz\/index.php?rest_route=\/wp\/v2\/types\/post"}],"author":[{"embeddable":true,"href":"https:\/\/www.moravecteam.cz\/index.php?rest_route=\/wp\/v2\/users\/3"}],"replies":[{"embeddable":true,"href":"https:\/\/www.moravecteam.cz\/index.php?rest_route=%2Fwp%2Fv2%2Fcomments&post=4697"}],"version-history":[{"count":7,"href":"https:\/\/www.moravecteam.cz\/index.php?rest_route=\/wp\/v2\/posts\/4697\/revisions"}],"predecessor-version":[{"id":4722,"href":"https:\/\/www.moravecteam.cz\/index.php?rest_route=\/wp\/v2\/posts\/4697\/revisions\/4722"}],"wp:featuredmedia":[{"embeddable":true,"href":"https:\/\/www.moravecteam.cz\/index.php?rest_route=\/wp\/v2\/media\/4719"}],"wp:attachment":[{"href":"https:\/\/www.moravecteam.cz\/index.php?rest_route=%2Fwp%2Fv2%2Fmedia&parent=4697"}],"wp:term":[{"taxonomy":"category","embeddable":true,"href":"https:\/\/www.moravecteam.cz\/index.php?rest_route=%2Fwp%2Fv2%2Fcategories&post=4697"},{"taxonomy":"post_tag","embeddable":true,"href":"https:\/\/www.moravecteam.cz\/index.php?rest_route=%2Fwp%2Fv2%2Ftags&post=4697"}],"curies":[{"name":"wp","href":"https:\/\/api.w.org\/{rel}","templated":true}]}}