{"id":4736,"date":"2016-06-26T21:49:38","date_gmt":"2016-06-26T19:49:38","guid":{"rendered":"http:\/\/www.moravecteam.cz\/?p=4736"},"modified":"2016-06-26T21:54:24","modified_gmt":"2016-06-26T19:54:24","slug":"cenny-bronz-z-duatlonu","status":"publish","type":"post","link":"https:\/\/www.moravecteam.cz\/?p=4736","title":{"rendered":"Cenn\u00fd bronz z duatlonu!"},"content":{"rendered":"<p style=\"text-align: justify;\"><strong><span style=\"color: #800000;\">Hodn\u011b bohat\u00e1 na sportovn\u00ed ud\u00e1losti byla posledn\u00ed \u010dervnov\u00e1 sobota tohoto roku. Krom\u011b n\u00e1mi ost\u0159e sleovan\u00fdch cyklistick\u00fdch akc\u00ed (silni\u010dn\u00ed M\u010cR v Kyjov\u011b a MTB &#8222;Vrchovina&#8220; ve \u017d\u010f\u00e1rn\u00e9) se konal v Boskovic\u00edch v re\u017eii sdru\u017een\u00ed Sportuj s n\u00e1mi i druh\u00fd ro\u010dn\u00edk d\u011btsk\u00e9ho duatlonu. Stejn\u011b jako loni i letos zde v t\u00e9to m\u00e9n\u011b tradi\u010dn\u00ed disciplin\u011b bojovali MORAVCI a po roce se op\u011bt m\u016f\u017eeme radovat z cenn\u00e9ho kovu ro MORAVEC Team!<\/span><\/strong><\/p>\n<figure id=\"attachment_4739\" aria-describedby=\"caption-attachment-4739\" style=\"width: 440px\" class=\"wp-caption aligncenter\"><a href=\"http:\/\/www.moravecteam.cz\/?attachment_id=4739\" rel=\"attachment wp-att-4739\"><img decoding=\"async\" loading=\"lazy\" class=\"size-full wp-image-4739 \" alt=\"img_6500_w800_h533_r3_q80_b0\" src=\"http:\/\/www.moravecteam.cz\/wp-content\/uploads\/2016\/06\/img_6500_w800_h533_r3_q80_b0.jpg\" width=\"440\" height=\"384\" srcset=\"https:\/\/www.moravecteam.cz\/wp-content\/uploads\/2016\/06\/img_6500_w800_h533_r3_q80_b0.jpg 440w, https:\/\/www.moravecteam.cz\/wp-content\/uploads\/2016\/06\/img_6500_w800_h533_r3_q80_b0-300x261.jpg 300w\" sizes=\"(max-width: 440px) 100vw, 440px\" \/><\/a><figcaption id=\"caption-attachment-4739\" class=\"wp-caption-text\">Barborka Janovsk\u00e1 se v sobotu bl\u00fdskla na d\u011btsk\u00e9m duatlonu v Boskovic\u00edch ziskem cnn\u00e9 bronzov\u00e9 medaile.<\/figcaption><\/figure>\n<p style=\"text-align: justify;\">Zaslou\u017eila se o n\u011bj jedna z na\u0161ich \u010derstv\u00fdch jarn\u00edch posil, \u0161ikovn\u00e1 <span style=\"color: #800000;\"><strong>Barborka Janovsk\u00e1<\/strong><\/span> z Kn\u00ednic, kter\u00e1 \u00a0v t\u011b\u017ek\u00e9 \u00a0konkurenci jeden\u00e1cti soupe\u0159ek vybojovala v kategorii d\u00edvek &#8222;prv\u0148a\u010dek&#8220; v\u00fdborn\u00e9 t\u0159et\u00ed m\u00edsto! V sou\u010dasnosti sv\u011b\u0159enkyn\u011b tren\u00e9ra junior Teamu Milana Tlamky tak v Boskovic\u00edch uk\u00e1zala v teplotn\u011b extr\u00e9m\u011b n\u00e1ro\u010dn\u00fdch podm\u00ednk\u00e1ch svoji sportovn\u00ed univerz\u00e1lnost, p\u0159i\u010dem\u017e ve vyrovnan\u00e9m kl\u00e1n\u00ed j\u00ed od st\u0159\u00edbra d\u011blilo p\u011bt a od zlata nicotn\u00fdch osm vte\u0159inek&#8230; D\u011btsk\u00fd duatlon sest\u00e1v\u00e1 z j\u00edzdy na kole a b\u011bhu, p\u0159i\u010dem\u017e distance jsou samoz\u0159ejm\u011b \u00fam\u011brn\u00e9 v\u011bku \u0161kolou povnn\u00fdch z\u00e1vodn\u00edk\u016f a z\u00e1vodnic. V minulosti v obdobn\u00fdch disciplin\u00e1ch vynikali z \u0159ad MORAVC\u016e p\u0159edev\u0161\u00edm Ad\u00e9la \u0160af\u00e1\u0159ov\u00e1 \u010di Michal Va\u0161\u00ed\u010dek a tak je jen dob\u0159e, \u017ee m\u00e1me v t\u00fdmu op\u011bt specialistu, resp. specialistku v t\u00e9to m\u00e9n\u011b tradi\u010dn\u00ed sportovn\u00ed disciplin\u011b. D\u00edky Bar\u010de Janovsk\u00e9 za vzorn\u00e9 repre MORAVCE a k cenn\u00e9mu bronzu j\u00ed samoz\u0159ejm\u011b blahop\u0159ejeme! Zde jsou <strong><a href=\"http:\/\/detskyduatlon.sportujsnami.cz\/\">v\u00fdsledky a bohat\u00e1 fotogalerie<\/a><\/strong>.<\/p>\n","protected":false},"excerpt":{"rendered":"<p>Hodn\u011b bohat\u00e1 na sportovn\u00ed ud\u00e1losti byla posledn\u00ed \u010dervnov\u00e1 sobota tohoto roku. Krom\u011b n\u00e1mi ost\u0159e sleovan\u00fdch cyklistick\u00fdch akc\u00ed (silni\u010dn\u00ed M\u010cR v Kyjov\u011b a MTB &#8222;Vrchovina&#8220; ve \u017d\u010f\u00e1rn\u00e9) se konal v Boskovic\u00edch v re\u017eii sdru\u017een\u00ed Sportuj s n\u00e1mi i druh\u00fd ro\u010dn\u00edk d\u011btsk\u00e9ho duatlonu. Stejn\u011b jako loni i letos zde v t\u00e9to m\u00e9n\u011b tradi\u010dn\u00ed disciplin\u011b bojovali MORAVCI a &hellip; <a href=\"https:\/\/www.moravecteam.cz\/?p=4736\" class=\"more-link\">Pokra\u010dov\u00e1n\u00ed textu <span class=\"screen-reader-text\">Cenn\u00fd bronz z duatlonu!<\/span> <span class=\"meta-nav\">&rarr;<\/span><\/a><\/p>\n","protected":false},"author":3,"featured_media":4740,"comment_status":"open","ping_status":"closed","sticky":false,"template":"","format":"standard","meta":[],"categories":[1],"tags":[],"_links":{"self":[{"href":"https:\/\/www.moravecteam.cz\/index.php?rest_route=\/wp\/v2\/posts\/4736"}],"collection":[{"href":"https:\/\/www.moravecteam.cz\/index.php?rest_route=\/wp\/v2\/posts"}],"about":[{"href":"https:\/\/www.moravecteam.cz\/index.php?rest_route=\/wp\/v2\/types\/post"}],"author":[{"embeddable":true,"href":"https:\/\/www.moravecteam.cz\/index.php?rest_route=\/wp\/v2\/users\/3"}],"replies":[{"embeddable":true,"href":"https:\/\/www.moravecteam.cz\/index.php?rest_route=%2Fwp%2Fv2%2Fcomments&post=4736"}],"version-history":[{"count":6,"href":"https:\/\/www.moravecteam.cz\/index.php?rest_route=\/wp\/v2\/posts\/4736\/revisions"}],"predecessor-version":[{"id":4744,"href":"https:\/\/www.moravecteam.cz\/index.php?rest_route=\/wp\/v2\/posts\/4736\/revisions\/4744"}],"wp:featuredmedia":[{"embeddable":true,"href":"https:\/\/www.moravecteam.cz\/index.php?rest_route=\/wp\/v2\/media\/4740"}],"wp:attachment":[{"href":"https:\/\/www.moravecteam.cz\/index.php?rest_route=%2Fwp%2Fv2%2Fmedia&parent=4736"}],"wp:term":[{"taxonomy":"category","embeddable":true,"href":"https:\/\/www.moravecteam.cz\/index.php?rest_route=%2Fwp%2Fv2%2Fcategories&post=4736"},{"taxonomy":"post_tag","embeddable":true,"href":"https:\/\/www.moravecteam.cz\/index.php?rest_route=%2Fwp%2Fv2%2Ftags&post=4736"}],"curies":[{"name":"wp","href":"https:\/\/api.w.org\/{rel}","templated":true}]}}