{"id":4746,"date":"2016-06-26T22:15:11","date_gmt":"2016-06-26T20:15:11","guid":{"rendered":"http:\/\/www.moravecteam.cz\/?p=4746"},"modified":"2016-06-26T22:40:22","modified_gmt":"2016-06-26T20:40:22","slug":"dvakrat-zlata-adela","status":"publish","type":"post","link":"https:\/\/www.moravecteam.cz\/?p=4746","title":{"rendered":"Dvakr\u00e1t zlat\u00e1 Ad\u00e9la!"},"content":{"rendered":"<p style=\"text-align: justify;\"><span style=\"color: #800000;\"><strong>O minul\u00e9m v\u00edkendu pohostil \u00farodn\u00fd kraj kyjovska \u010deskou silni\u010dn\u00ed elitu, kter\u00e1 zde svedla l\u00edt\u00e9 souboje v r\u00e1mci n\u00e1rodn\u00edho \u0161ampion\u00e1tu. N\u00e1s tato ud\u00e1lost nenechala klidn\u00fdmi, v\u017edy\u0165 ve \u010dtvrte\u010dn\u00ed juniorsk\u00e9 \u010dasovce a v sobotn\u00edch juniorsk\u00fdch z\u00e1vodech s hromadn\u00fdm startem, jsme m\u011bli d\u00edky \u00a0Ad\u00e9le \u0160af\u00e1\u0159ov\u00e9 a Dominiku Prudkovi svoje dv\u011b \u017eel\u00edzka v ohni. A v\u011bru, \u017ee se na\u0161i mohli v Kyjov\u011b t\u011b\u0161it z TOP cyklistick\u00e9 spole\u010dnosti&#8230; Na jih Moravy se sjela v \u010dase p\u0159edolympijsk\u00e9m toti\u017e kompletn\u00ed \u010desk\u00e1 silni\u010d\u00e1\u0159sk\u00e1 \u0161pi\u010dka!<\/strong><\/span><\/p>\n<figure id=\"attachment_4753\" aria-describedby=\"caption-attachment-4753\" style=\"width: 2365px\" class=\"wp-caption alignnone\"><a href=\"http:\/\/www.moravecteam.cz\/?attachment_id=4753\" rel=\"attachment wp-att-4753\"><img decoding=\"async\" loading=\"lazy\" class=\" wp-image-4753\" alt=\"DSCN8638\" src=\"http:\/\/www.moravecteam.cz\/wp-content\/uploads\/2016\/06\/DSCN8638.jpg\" width=\"2365\" height=\"1807\" srcset=\"https:\/\/www.moravecteam.cz\/wp-content\/uploads\/2016\/06\/DSCN8638.jpg 2365w, https:\/\/www.moravecteam.cz\/wp-content\/uploads\/2016\/06\/DSCN8638-300x229.jpg 300w, https:\/\/www.moravecteam.cz\/wp-content\/uploads\/2016\/06\/DSCN8638-1024x782.jpg 1024w\" sizes=\"(max-width: 2365px) 100vw, 2365px\" \/><\/a><figcaption id=\"caption-attachment-4753\" class=\"wp-caption-text\">Dominik Prudek s Ad\u00e9lou \u0160af\u00e1\u0159ovou m\u016f\u017eou odj\u00ed\u017ed\u011bt ze silni\u010dn\u00edho M\u010cR maxim\u00e1ln\u011b spokojeni!<\/figcaption><\/figure>\n<p style=\"text-align: justify;\">Tak\u017ee se zde Ad\u00e9la a Dominik mohli potkat nap\u0159\u00edklad s Romanem Kreuzigrem, Zde\u0148kem \u0160tybarem, Petrem Vako\u010dem, Poldou K\u00f6nigem \u010di Martinou S\u00e1bl\u00edkovou! \u00a0A sv\u00fdmi v\u00fdkony a v\u00fdsledky oba na\u0161i potvrdili, \u017ee i &#8222;silnici&#8220; um\u00ed v\u00fdborn\u011b!\u00a0<span style=\"color: #800000;\"><strong>Ad\u00e9la \u0160af\u00e1\u0159ov\u00e1<\/strong><\/span> (Nutrend Specialized) nejd\u0159\u00edve vybojovala zlato ve \u010dtvrte\u010dn\u00ed \u010dasovce, kdy\u017e sv\u00fdm soupe\u0159k\u00e1m nedala ani za m\u00e1k \u0161ance a z\u00e1vod proti chronometru na trati 26 km ovl\u00e1dla s n\u00e1skokem v\u00edce jak p\u016fl minuty! V sobotu pak exclovala i v z\u00e1vod\u011b s hromadn\u00fdm startem. Na trati dlouh\u00e9 84,2 km \u00a0dok\u00e1zala dlouho &#8222;uviset&#8220; i nejlep\u0161\u00ed \u017eeny, v\u010detn\u011b pozd\u011bj\u0161\u00ed v\u00edt\u011bzky, Martiny S\u00e1bl\u00edkov\u00e9, aby do c\u00edle sv\u00e9 kategorie dospurtovala op\u011bt v\u00edt\u011bzn\u011b s luxusn\u00edm, v\u00edce jak minutov\u00fdm n\u00e1skokem! Ad\u00e9le blahop\u0159ejeme a dr\u017e\u00edme palce, aby j\u00ed to do t\u0159etice medailov\u011b vy\u0161lo i tento v p\u00e1tek na MTB mistrovstv\u00ed sv\u011bta v Nov\u00e9m M\u011bst\u011b na Morav\u011b! Skv\u011ble zajel v Kyjov\u011b z\u00e1vod junior\u016f s hromadn\u00fdm startem i n\u00e1\u0161\u00a0<span style=\"color: #800000;\"><strong>Dominik Prudek<\/strong><\/span>. Byl neust\u00e1le vid\u011bt na \u0161pici pelotonu a i kdy\u017e nezachytil rozhoduj\u00edc\u00ed \u00fanik dev\u00edti\u010dlenn\u00e9 supiny, dospurtoval do c\u00edle jako t\u0159et\u00ed z \u00a0n\u00e1sledn\u00e9 grupy a jeho dvan\u00e1ct\u00e9 m\u00edsto je historicky nejlep\u0161\u00edm v\u00fdsledkem MORAVCE ze silni\u010dn\u00edho M\u010cR v t\u00e9to kategerii! I Dominikovi velk\u00fd d\u00edk za vzorn\u00e9 repre odd\u00edlu.\u00a0Zde jsou <strong><a href=\"http:\/\/www.ceskysvazcyklistiky.cz\/clanek\/4839_sablikova-ma-dalsi-zlato-z-casovky\">informace z \u010dasovky<\/a><\/strong> a zde ze <strong><a href=\"http:\/\/www.ceskysvazcyklistiky.cz\/clanek\/4846_sablikova-ma-opet-double\">z\u00e1vodu z hromadn\u00fdm startem<\/a>, <\/strong>zde pak<strong> <a href=\"http:\/\/new.cyklovysledky.cz\/\">kompletn\u00ed v\u00fdsledkov\u00fd servis<\/a>.<\/strong><\/p>\n","protected":false},"excerpt":{"rendered":"<p>O minul\u00e9m v\u00edkendu pohostil \u00farodn\u00fd kraj kyjovska \u010deskou silni\u010dn\u00ed elitu, kter\u00e1 zde svedla l\u00edt\u00e9 souboje v r\u00e1mci n\u00e1rodn\u00edho \u0161ampion\u00e1tu. N\u00e1s tato ud\u00e1lost nenechala klidn\u00fdmi, v\u017edy\u0165 ve \u010dtvrte\u010dn\u00ed juniorsk\u00e9 \u010dasovce a v sobotn\u00edch juniorsk\u00fdch z\u00e1vodech s hromadn\u00fdm startem, jsme m\u011bli d\u00edky \u00a0Ad\u00e9le \u0160af\u00e1\u0159ov\u00e9 a Dominiku Prudkovi svoje dv\u011b \u017eel\u00edzka v ohni. A v\u011bru, \u017ee se na\u0161i &hellip; <a href=\"https:\/\/www.moravecteam.cz\/?p=4746\" class=\"more-link\">Pokra\u010dov\u00e1n\u00ed textu <span class=\"screen-reader-text\">Dvakr\u00e1t zlat\u00e1 Ad\u00e9la!<\/span> <span class=\"meta-nav\">&rarr;<\/span><\/a><\/p>\n","protected":false},"author":3,"featured_media":4752,"comment_status":"open","ping_status":"closed","sticky":false,"template":"","format":"standard","meta":[],"categories":[1],"tags":[],"_links":{"self":[{"href":"https:\/\/www.moravecteam.cz\/index.php?rest_route=\/wp\/v2\/posts\/4746"}],"collection":[{"href":"https:\/\/www.moravecteam.cz\/index.php?rest_route=\/wp\/v2\/posts"}],"about":[{"href":"https:\/\/www.moravecteam.cz\/index.php?rest_route=\/wp\/v2\/types\/post"}],"author":[{"embeddable":true,"href":"https:\/\/www.moravecteam.cz\/index.php?rest_route=\/wp\/v2\/users\/3"}],"replies":[{"embeddable":true,"href":"https:\/\/www.moravecteam.cz\/index.php?rest_route=%2Fwp%2Fv2%2Fcomments&post=4746"}],"version-history":[{"count":8,"href":"https:\/\/www.moravecteam.cz\/index.php?rest_route=\/wp\/v2\/posts\/4746\/revisions"}],"predecessor-version":[{"id":4757,"href":"https:\/\/www.moravecteam.cz\/index.php?rest_route=\/wp\/v2\/posts\/4746\/revisions\/4757"}],"wp:featuredmedia":[{"embeddable":true,"href":"https:\/\/www.moravecteam.cz\/index.php?rest_route=\/wp\/v2\/media\/4752"}],"wp:attachment":[{"href":"https:\/\/www.moravecteam.cz\/index.php?rest_route=%2Fwp%2Fv2%2Fmedia&parent=4746"}],"wp:term":[{"taxonomy":"category","embeddable":true,"href":"https:\/\/www.moravecteam.cz\/index.php?rest_route=%2Fwp%2Fv2%2Fcategories&post=4746"},{"taxonomy":"post_tag","embeddable":true,"href":"https:\/\/www.moravecteam.cz\/index.php?rest_route=%2Fwp%2Fv2%2Ftags&post=4746"}],"curies":[{"name":"wp","href":"https:\/\/api.w.org\/{rel}","templated":true}]}}