{"id":4758,"date":"2016-06-26T23:24:21","date_gmt":"2016-06-26T21:24:21","guid":{"rendered":"http:\/\/www.moravecteam.cz\/?p=4758"},"modified":"2016-06-27T23:39:01","modified_gmt":"2016-06-27T21:39:01","slug":"zdarna-utok-z-jihu","status":"publish","type":"post","link":"https:\/\/www.moravecteam.cz\/?p=4758","title":{"rendered":"\u017d\u010f\u00e1rn\u00e1: \u00fatok z jihu!"},"content":{"rendered":"<p style=\"text-align: justify;\"><span style=\"color: #800000;\"><strong>Sedm\u00fdm z\u00e1vodem minulou sobotu ve \u017d\u010f\u00e1rn\u00e9 ukon\u010dila v bystr\u00e9m tempu leto\u0161n\u00ed MTB &#8222;Vrchovina&#8220; sv\u016fj prvn\u00ed polo\u010das. Po Spe\u0161ovsk\u00e9 &#8222;bestovce&#8220; nez\u00fastala svoj\u00ed \u00farovn\u00ed ani \u017e\u010f\u00e1\u0159ensk\u00e1 &#8222;race&#8220; nikterak po zadu! Par\u00e1dn\u00ed z\u00e1zem\u00ed, ide\u00e1ln\u00ed po\u010das\u00ed, maxim\u00e1ln\u011b sv\u011bdomit\u00ed po\u0159adatel\u00e9, v\u00fdborn\u011b p\u0159ipraven\u00e9 a oproti lo\u0148sku je\u0161t\u011b vylep\u0161en\u00e9 trat\u011b, op\u011bt nadpr\u016fm\u011brn\u00e1 \u00fa\u010dast rajdr\u016f podtr\u017een\u00e1 jejich v\u00fdborn\u00fdmi v\u00fdkony&#8230; To v\u0161e a nejen to&#8230; Ve \u017dd\u00e1rn\u00e9 mohli vid\u011bt v prostoru startu a c\u00edle div\u00e1ci historicky poprv\u00e9 na velkoplo\u0161n\u00e9 obrazovce v r\u00e1mci z\u00e1vod\u016f Poh\u00e1ru Drahansk\u00e9 vrchoviny on-line p\u0159enos z trat\u011b! A aby toho nebylo m\u00e1lo: po poledni oko\u0159enila z\u00e1vod s\u00fdm vystoupen\u00edm i hv\u011bzda \u010desk\u00e9 pop-music &#8211; Michal David!<\/strong><\/span><\/p>\n<figure id=\"attachment_4766\" aria-describedby=\"caption-attachment-4766\" style=\"width: 542px\" class=\"wp-caption alignnone\"><a href=\"http:\/\/www.moravecteam.cz\/?attachment_id=4766\" rel=\"attachment wp-att-4766\"><img decoding=\"async\" loading=\"lazy\" class=\" wp-image-4766\" alt=\"OLYMPUS DIGITAL CAMERA\" src=\"http:\/\/www.moravecteam.cz\/wp-content\/uploads\/2016\/06\/P6252709.jpg\" width=\"542\" height=\"457\" srcset=\"https:\/\/www.moravecteam.cz\/wp-content\/uploads\/2016\/06\/P6252709.jpg 542w, https:\/\/www.moravecteam.cz\/wp-content\/uploads\/2016\/06\/P6252709-300x252.jpg 300w\" sizes=\"(max-width: 542px) 100vw, 542px\" \/><\/a><figcaption id=\"caption-attachment-4766\" class=\"wp-caption-text\">Na\u0161\u00ed par\u00e1dn\u00ed kategori\u00ed je letos ta star\u0161\u00edch \u017e\u00e1k\u016f. A i ve \u017d\u010f\u00e1rn\u00e9 jsme se mohli t\u011b\u0161it d\u00edky Tom\u00e1\u0161i Tlamkovi &#8222;Contadorovi&#8220;, Honzovi &#8222;D\u017eonymu&#8220; \u0160indel\u00e1\u0159ovi a Kubovi Tesa\u0159ovi z hatricku!<\/figcaption><\/figure>\n<p style=\"text-align: justify;\">I siln\u00e1, tak\u0159ka kompletn\u00ed skupina MORAVEC Teamu (chyb\u011bl jen lehce zran\u011bn\u00fd Roman \u0160indel\u00e1\u0159 a na silni\u010dn\u00edm M\u010cR reprezentuj\u00edc\u00ed Dominik Prudek), se zde p\u0159edvedla v tom nejlep\u0161\u00edm sv\u011btle! T\u0159i zlat\u00e9, \u0161est st\u0159\u00edbrn\u00fdch a p\u011bt bronzov\u00fdch medail\u00ed jsou toho d\u016fkazem a kdy\u017e k tomu p\u0159ipo\u010dteme, \u017ee z dev\u00edti borc\u016f a borek v r\u00e1mci nejlep\u0161\u00edch \u0161tafet jich bylo z MORAVCE rovn\u00fdch sedm, je jasn\u00e9, \u017ee bike\u0159i MORAVEC Teamu si st\u00e1le s p\u0159ehledem dr\u017e\u00ed formu a vysokou v\u00fdkonnost! V na\u0161ich par\u00e1dn\u00edch kategori\u00edch, \u00a0kter\u00fdmi jsou star\u0161\u00ed \u017e\u00e1ci spolu s jniorkami a kadetkami jsme se op\u011bt do\u010dkali dvou &#8222;hattrick\u016f&#8220;, to jest kompletn\u00edho obsazen\u00ed stup\u0148\u016f v\u00edt\u011bz\u016f!<\/p>\n<figure id=\"attachment_4769\" aria-describedby=\"caption-attachment-4769\" style=\"width: 2000px\" class=\"wp-caption alignnone\"><a href=\"http:\/\/www.moravecteam.cz\/?attachment_id=4769\" rel=\"attachment wp-att-4769\"><img decoding=\"async\" loading=\"lazy\" class=\" wp-image-4769\" alt=\"OLYMPUS DIGITAL CAMERA\" src=\"http:\/\/www.moravecteam.cz\/wp-content\/uploads\/2016\/06\/P6252770.jpg\" width=\"2000\" height=\"1500\" srcset=\"https:\/\/www.moravecteam.cz\/wp-content\/uploads\/2016\/06\/P6252770.jpg 2000w, https:\/\/www.moravecteam.cz\/wp-content\/uploads\/2016\/06\/P6252770-300x225.jpg 300w, https:\/\/www.moravecteam.cz\/wp-content\/uploads\/2016\/06\/P6252770-1024x768.jpg 1024w\" sizes=\"(max-width: 2000px) 100vw, 2000px\" \/><\/a><figcaption id=\"caption-attachment-4769\" class=\"wp-caption-text\">To v kategorii kadetek a juniorek obsadila d\u011bv\u010data z MORAVCE hned \u010dty\u0159i prvn\u00ed m\u00edsta!<\/figcaption><\/figure>\n<p style=\"text-align: justify;\">Jedn\u00edm ze zlat\u00fdch h\u0159eb\u016f dne byl popoledn\u00ed start junior\u016f a kadet\u016f. Zat\u00edm co hork\u00fd favorit \u0160t\u011bp\u00e1n Stloukal (KC Kooperativa Jablonec) nenechal nikoho na pochyb\u00e1ch o sv\u00e9 suverenit\u011b a tra\u0165, podobn\u011b jako na Okrouhl\u00e9 doslova prolet\u011bl, svedli za n\u00edm jezd\u00edc\u00ed \u010dty\u0159i borci zaj\u00edmav\u00fd souboj o zbyl\u00e9 dv\u011b medaile! Z &#8222;qarteta&#8220; Michal \u0160m\u00edda, Mat\u011bj Maz\u00e1nek, \u00a0Karel Vinick\u00fd a Jan \u0160m\u00edda nakonec spurtovali v \u00fa\u017easn\u00e9m z\u00e1v\u011bru o medaile posledn\u011b dva jmenovan\u00ed, p\u0159i\u010dem\u017e ze st\u0159\u00edbra se mohl v c\u00edli radovat o pev\u011bstnou &#8222;galusku&#8220; zku\u0161n\u011bj\u0161\u00ed borec z Drahansk\u00e9ho Sportteamu, Jan \u0160m\u00edda. Ka\u017edop\u00e1dn\u011b tento souboj zvedl div\u00e1ky pomysln\u011b ze sedadel a byl jedn\u00edm z vrchol\u016f \u017e\u010f\u00e1\u0159ensk\u00e9 race! Stejn\u011b jako souboj Kubica &#8211; Kozel v z\u00e1vod\u011b mu\u017esk\u00e9 elity. I tentokr\u00e1t se nakonec radoval z v\u00edt\u011bzstv\u00ed Michal Kozel, kter\u00fd o sv\u00e9m triumfu rozhodl a\u017e v posledn\u00edm, ze \u0161esti 3000m dlouh\u00fdch okruh\u016f. I tento souboj nenechal div\u00e1ky klidn\u00fdmi a poskytnul jim skute\u010dn\u00fd TOP sportovn\u00ed z\u00e1\u017eitek.<\/p>\n<figure id=\"attachment_4770\" aria-describedby=\"caption-attachment-4770\" style=\"width: 2000px\" class=\"wp-caption alignnone\"><a href=\"http:\/\/www.moravecteam.cz\/?attachment_id=4770\" rel=\"attachment wp-att-4770\"><img decoding=\"async\" loading=\"lazy\" class=\" wp-image-4770\" alt=\"OLYMPUS DIGITAL CAMERA\" src=\"http:\/\/www.moravecteam.cz\/wp-content\/uploads\/2016\/06\/P6252771.jpg\" width=\"2000\" height=\"1500\" srcset=\"https:\/\/www.moravecteam.cz\/wp-content\/uploads\/2016\/06\/P6252771.jpg 2000w, https:\/\/www.moravecteam.cz\/wp-content\/uploads\/2016\/06\/P6252771-300x225.jpg 300w, https:\/\/www.moravecteam.cz\/wp-content\/uploads\/2016\/06\/P6252771-1024x768.jpg 1024w\" sizes=\"(max-width: 2000px) 100vw, 2000px\" \/><\/a><figcaption id=\"caption-attachment-4770\" class=\"wp-caption-text\">Nejhodnotn\u011bj\u0161\u00ed z\u00e1vod dne, start junior\u016f a kadet\u016f byl ve znamen\u00ed hlavn\u011b souboje borc\u016f z Drahansk\u00e9ho Sportteamu a \u00a0MORAVEC Teamu.<\/figcaption><\/figure>\n<p style=\"text-align: justify;\">D\u00e1le nem\u016f\u017eeme nezm\u00ednit nar\u016fstaj\u00edc\u00ed po\u010dty \u00fato\u010d\u00edc\u00edch d\u011btsk\u00fdch z\u00e1vodn\u00edk\u016f z ji\u017en\u00ed Moravy, p\u0159esn\u011bji ze zl\u00ednska, jejich\u017e velmi agyln\u00edmi reprezentanty jsou p\u0159edev\u0161\u00edm borci a borky z t\u00fdmu TUFO CZ Otrokovice (nap\u0159. jejich \u00a0double v kategorii chlapc\u016f 11-12 let) , kte\u0159\u00ed jsou spolu s tak\u00e9 soustavn\u011b po\u010detn\u011b rostouc\u00edm \u0161ikem FAVORITU Brno st\u00e1le tvrd\u0161\u00ed konkurenc\u00ed pro renomovan\u00e9 region\u00e1ln\u00ed t\u00fdmy, samoz\u0159ejm\u011b v\u010detn\u011b toho na\u0161eho&#8230; To n\u00e1m ale v\u016fbec nevad\u00ed. Naopak: ka\u017ed\u00fd ryt\u00ed\u0159sk\u00fd fair-play souboj s kvalitn\u00edm soupe\u0159em n\u00e1s (a nejenom n\u00e1s) m\u016f\u017ee v\u00fdkonnostn\u011b jenom d\u00e1le posunout! Poj\u010fme si tedy p\u0159ipomenout \u017e\u010f\u00e1\u0159ensk\u00e9 medailisty z \u0159ad reprezentant\u016f MORAVEC Teamu:<\/p>\n<ul>\n<li>Odr\u00e1\u017eedla &#8211;\u00a0<span style=\"color: #993300;\"><strong>3. Ja\u0148ula &#8211; Maru\u0161ka Lipensk\u00e1<\/strong><\/span><\/li>\n<li>D\u00edvky do 6 let &#8211; <span style=\"color: #993300;\"><strong>3. Maru\u0161ka Barto\u0161ov\u00e1<\/strong><\/span><\/li>\n<li>D\u00edvky 7-8 let &#8211;\u00a0<span style=\"color: #808080;\"><strong>2. Lucie Koudelkov\u00e1<\/strong><\/span><\/li>\n<li>Chlapci 7-8 let \u2013\u00a0<strong><span style=\"color: #808080;\">2. Matou\u0161 Lipensk\u00fd<\/span><\/strong><\/li>\n<li>Star\u0161\u00ed \u017e\u00e1ci \u2013\u00a0<span style=\"color: #ff9900;\"><strong>1. Tom\u00e1\u0161 Tlamka \u201eContador\u201c<\/strong><\/span>,\u00a0<strong><span style=\"color: #808080;\">2. Honza \u0160indel\u00e1\u0159<\/span><\/strong>,\u00a0<span style=\"color: #993300;\"><strong>3. Jakub Tesa\u0159<\/strong><\/span><\/li>\n<li>Star\u0161\u00ed \u017e\u00e1kyn\u011b &#8211;\u00a0<strong><span style=\"color: #808080;\">2. Krist\u00fdna Kol\u00e1\u0159ov\u00e1<\/span><\/strong><\/li>\n<li>Juniorky, kadetky \u2013\u00a0<strong><span style=\"color: #ff9900;\">1. Jana Tesa\u0159ov\u00e1<\/span><\/strong>,\u00a0<strong><span style=\"color: #808080;\">2. Anna Zem\u00e1nkov\u00e1<\/span><\/strong>,\u00a0<strong><span style=\"color: #993300;\">3. Krist\u00fdna Haasov\u00e1<\/span><\/strong><\/li>\n<li>Junio\u0159i, kadeti \u2013 <strong><span style=\"color: #993300;\">3. Karel Vinick\u00fd<\/span><\/strong><\/li>\n<li>Mu\u017ei Masters III \u00a0&#8211;\u00a0<strong><span style=\"color: #808080;\">2. Jirka \u0160t\u011bpan\u00edk<\/span><\/strong><\/li>\n<li>Mu\u017ei Masters II &#8211;\u00a0<strong><span style=\"color: #993300;\">1. Martin Gottwald<\/span><\/strong><\/li>\n<li>\u0160tafety: 1. T\u00ddPCI (Filip Kulha, <strong><span style=\"color: #ff9900;\">Anna Zem\u00e1nkov\u00e1, Patrik Kol\u00e1\u0159<\/span><\/strong>), 2. \u010cERN\u00c1 PAN\u00cd (<strong><span style=\"color: #808080;\">Barbora Tlamkov\u00e1, Honza \u0160indel\u00e1\u0159, Karel Vinick\u00fd<\/span><\/strong>), 3. RYCHL\u00cdCI (<strong><span style=\"color: #993300;\">Ad\u00e9la Zav\u0159elov\u00e1, Tom\u00e1\u0161 Tlamka<\/span> <span style=\"color: #993300;\">&#8222;Contador&#8220;<\/span><\/strong>, Michal Kozel).<\/li>\n<\/ul>\n<figure id=\"attachment_4767\" aria-describedby=\"caption-attachment-4767\" style=\"width: 2000px\" class=\"wp-caption alignnone\"><a href=\"http:\/\/www.moravecteam.cz\/?attachment_id=4767\" rel=\"attachment wp-att-4767\"><img decoding=\"async\" loading=\"lazy\" class=\" wp-image-4767\" alt=\"OLYMPUS DIGITAL CAMERA\" src=\"http:\/\/www.moravecteam.cz\/wp-content\/uploads\/2016\/06\/P6252733.jpg\" width=\"2000\" height=\"1500\" srcset=\"https:\/\/www.moravecteam.cz\/wp-content\/uploads\/2016\/06\/P6252733.jpg 2000w, https:\/\/www.moravecteam.cz\/wp-content\/uploads\/2016\/06\/P6252733-300x225.jpg 300w, https:\/\/www.moravecteam.cz\/wp-content\/uploads\/2016\/06\/P6252733-1024x768.jpg 1024w\" sizes=\"(max-width: 2000px) 100vw, 2000px\" \/><\/a><figcaption id=\"caption-attachment-4767\" class=\"wp-caption-text\">\u010cerno-\u017elut\u00ed jezdci z t\u00fdmu TUFO CZ Otrokovice se st\u00e1vaj\u00ed pov\u011bsn\u00fdmi \u010dern\u00fdmi ko\u0148mi leto\u0161n\u00ed &#8222;Vrchoviny&#8220;. A jsou jej\u00ed ozdobou!<\/figcaption><\/figure>\n<p style=\"text-align: justify;\"><span style=\"text-align: justify; line-height: 1.5;\">V\u00fd\u0161e zm\u00edn\u011bn\u00e9 p\u0159evratn\u00e9 novinky byli pak skute\u010dnou t\u0159e\u0161ni\u010dkou na \u017e\u010f\u00e1\u0159ensk\u00e9m sobotn\u00edm MTB dortu. Kamera on-line p\u0159enosu byla um\u00edst\u011bna na um\u011bl\u00e9m skokansk\u00e9m m\u016fstku a velkoplo\u0161n\u00fd monitor byl um\u00edst\u011bn v z\u00e1dve\u0159\u00ed sportovn\u00ed haly, tak\u017ee d\u00edv\u00e1ci, kte\u0159\u00ed povzbuzov\u00e1n\u00edm vyprovodili po startu z\u00e1vodn\u00edky na tra\u0165, se z\u00e1hy p\u0159esunuli k momitoru s nap\u011bt\u00edm o\u010dek\u00e1vaj\u00edce, jak se z\u00e1vod vyv\u00edj\u00ed na tomto atraktivn\u00edm m\u00edst\u011b trati. Nem\u011blo to chybu! Pod\u011bkov\u00e1n\u00ed samoz\u0159ejme pat\u0159\u00ed &#8211; krom\u011b po\u0159adatel\u016f &#8211; \u00a0firm\u011b TOP-NET, kter\u00e1 sponzorsky tuto techniku zast\u0159e\u0161ila a nem\u011blo by, co se on-line p\u0159enosu t\u00fd\u010de, z\u00fastat pouze u \u017e\u010f\u00e1\u0159ensk\u00e9ho z\u00e1vodu&#8230; A Michal David? I on splnil o\u010dek\u00e1v\u00e1n\u00ed! Svoj\u00ed show roztleskal div\u00e1ky a rozeh\u0159\u00e1l je zrovna tak, jako ten den poctiv\u011b pracuj\u00edc\u00ed, a u\u017e letn\u00edmi parametry se vyzna\u010duj\u00edc\u00ed na\u0161e nejbli\u017e\u0161\u00ed hv\u011bzda!<\/span><\/p>\n<figure id=\"attachment_4768\" aria-describedby=\"caption-attachment-4768\" style=\"width: 1544px\" class=\"wp-caption alignnone\"><a href=\"http:\/\/www.moravecteam.cz\/?attachment_id=4768\" rel=\"attachment wp-att-4768\"><img decoding=\"async\" loading=\"lazy\" class=\" wp-image-4768\" alt=\"OLYMPUS DIGITAL CAMERA\" src=\"http:\/\/www.moravecteam.cz\/wp-content\/uploads\/2016\/06\/P6252752.jpg\" width=\"1544\" height=\"857\" srcset=\"https:\/\/www.moravecteam.cz\/wp-content\/uploads\/2016\/06\/P6252752.jpg 1544w, https:\/\/www.moravecteam.cz\/wp-content\/uploads\/2016\/06\/P6252752-300x166.jpg 300w, https:\/\/www.moravecteam.cz\/wp-content\/uploads\/2016\/06\/P6252752-1024x568.jpg 1024w, https:\/\/www.moravecteam.cz\/wp-content\/uploads\/2016\/06\/P6252752-672x372.jpg 672w, https:\/\/www.moravecteam.cz\/wp-content\/uploads\/2016\/06\/P6252752-1038x576.jpg 1038w\" sizes=\"(max-width: 1544px) 100vw, 1544px\" \/><\/a><figcaption id=\"caption-attachment-4768\" class=\"wp-caption-text\">Mu\u017ei ELITE vyr\u00e1\u017e\u00ed na tra\u0165. Po necel\u00e9 hodin\u011b boje se z v\u00edt\u011bzstv\u00ed radoval op\u011bt Michal Kozel (zcela vpravo).<\/figcaption><\/figure>\n<p style=\"text-align: justify;\">Z borc\u016f a borek MORAVCE, kte\u0159\u00ed ve \u017d\u010f\u00e1rn\u00e9 sedly v sobotu l\u00edt\u00e9 souboje vyzvednu je\u0161t\u011b dva: na\u0161e nov\u00e1 posila Bar\u010da Janovsk\u00e1 z Kn\u00ednic, se postavila na start kategorie d\u00edvek 7-8 let (dojela na osm\u00e9m m\u00edst\u011b), aby je\u0161t\u011b ten den dok\u00e1zala vybojovat bronz na d\u011btsk\u00e9m duatlonu v Boskovic\u00edch! Bravo Barborko! V z\u00e1vod\u011b Masters II m\u011bl ur\u010dit\u011b medailov\u00e9 ambice i v\u00fdborn\u011b jezd\u00edc\u00ed Honza \u0160inde\u00e1\u0159 st. \u00a0Defekt p\u0159edn\u00ed pneu ho ale zbrzdil a posunul mimo medailov\u00e9 pozice. Honza ov\u0161em p\u0159edvedl fam\u00f3zn\u00ed, nev\u00eddanou st\u00edhac\u00ed j\u00edzdu a ze zadn\u00edch pozic zrychloval v extr\u00e9mn\u00edm horku tak, \u017ee ho v c\u00edli od bronzu nakonec d\u011blila pouh\u00e1 minuta..! Klobouk dol\u016f&#8230; A nebylo jen u Honzovy &#8222;brambory&#8220;&#8230; Stejnou, nevd\u011b\u010dnou pozici \u00a0je\u0161t\u011b pro MORAVEC ten den vybojovali Monika Kone\u010dn\u00e1, Magdal\u00e9nka Barto\u0161ov\u00e1 a Mat\u011bj Maz\u00e1nek&#8230; Tak tro\u0161ku p\u0159ed\u010dasn\u00e1 bramborov\u00e1 kampa\u0148..? Zde studujte kompletn\u00ed <strong><a href=\"http:\/\/www.pohardrahanskevrchoviny.cz\/\">v\u00fdsledkov\u00fd servis<\/a><\/strong> a zde je fotodokumetace:<\/p>\n<ul>\n<li><strong><a href=\"http:\/\/moravecteam.rajce.idnes.cz\/2016.06.25._PDV_Zdarna_1\/\">fotogalerie 1<\/a><\/strong><\/li>\n<li><strong><a href=\"http:\/\/moravecteam.rajce.idnes.cz\/2016.06.25._PDV_Zdarna_2\/\">fotogalerie 2<\/a><\/strong><\/li>\n<li><strong><a href=\"http:\/\/moravecteam.rajce.idnes.cz\/2016.06.25._PDV_Zdarna_3\/\">fotogalerie 3<\/a><\/strong><\/li>\n<\/ul>\n<p>&nbsp;<\/p>\n","protected":false},"excerpt":{"rendered":"<p>Sedm\u00fdm z\u00e1vodem minulou sobotu ve \u017d\u010f\u00e1rn\u00e9 ukon\u010dila v bystr\u00e9m tempu leto\u0161n\u00ed MTB &#8222;Vrchovina&#8220; sv\u016fj prvn\u00ed polo\u010das. Po Spe\u0161ovsk\u00e9 &#8222;bestovce&#8220; nez\u00fastala svoj\u00ed \u00farovn\u00ed ani \u017e\u010f\u00e1\u0159ensk\u00e1 &#8222;race&#8220; nikterak po zadu! Par\u00e1dn\u00ed z\u00e1zem\u00ed, ide\u00e1ln\u00ed po\u010das\u00ed, maxim\u00e1ln\u011b sv\u011bdomit\u00ed po\u0159adatel\u00e9, v\u00fdborn\u011b p\u0159ipraven\u00e9 a oproti lo\u0148sku je\u0161t\u011b vylep\u0161en\u00e9 trat\u011b, op\u011bt nadpr\u016fm\u011brn\u00e1 \u00fa\u010dast rajdr\u016f podtr\u017een\u00e1 jejich v\u00fdborn\u00fdmi v\u00fdkony&#8230; To v\u0161e a nejen &hellip; <a href=\"https:\/\/www.moravecteam.cz\/?p=4758\" class=\"more-link\">Pokra\u010dov\u00e1n\u00ed textu <span class=\"screen-reader-text\">\u017d\u010f\u00e1rn\u00e1: \u00fatok z jihu!<\/span> <span class=\"meta-nav\">&rarr;<\/span><\/a><\/p>\n","protected":false},"author":3,"featured_media":4765,"comment_status":"open","ping_status":"closed","sticky":false,"template":"","format":"standard","meta":[],"categories":[1],"tags":[],"_links":{"self":[{"href":"https:\/\/www.moravecteam.cz\/index.php?rest_route=\/wp\/v2\/posts\/4758"}],"collection":[{"href":"https:\/\/www.moravecteam.cz\/index.php?rest_route=\/wp\/v2\/posts"}],"about":[{"href":"https:\/\/www.moravecteam.cz\/index.php?rest_route=\/wp\/v2\/types\/post"}],"author":[{"embeddable":true,"href":"https:\/\/www.moravecteam.cz\/index.php?rest_route=\/wp\/v2\/users\/3"}],"replies":[{"embeddable":true,"href":"https:\/\/www.moravecteam.cz\/index.php?rest_route=%2Fwp%2Fv2%2Fcomments&post=4758"}],"version-history":[{"count":11,"href":"https:\/\/www.moravecteam.cz\/index.php?rest_route=\/wp\/v2\/posts\/4758\/revisions"}],"predecessor-version":[{"id":4783,"href":"https:\/\/www.moravecteam.cz\/index.php?rest_route=\/wp\/v2\/posts\/4758\/revisions\/4783"}],"wp:featuredmedia":[{"embeddable":true,"href":"https:\/\/www.moravecteam.cz\/index.php?rest_route=\/wp\/v2\/media\/4765"}],"wp:attachment":[{"href":"https:\/\/www.moravecteam.cz\/index.php?rest_route=%2Fwp%2Fv2%2Fmedia&parent=4758"}],"wp:term":[{"taxonomy":"category","embeddable":true,"href":"https:\/\/www.moravecteam.cz\/index.php?rest_route=%2Fwp%2Fv2%2Fcategories&post=4758"},{"taxonomy":"post_tag","embeddable":true,"href":"https:\/\/www.moravecteam.cz\/index.php?rest_route=%2Fwp%2Fv2%2Ftags&post=4758"}],"curies":[{"name":"wp","href":"https:\/\/api.w.org\/{rel}","templated":true}]}}