{"id":4776,"date":"2016-06-27T09:40:26","date_gmt":"2016-06-27T07:40:26","guid":{"rendered":"http:\/\/www.moravecteam.cz\/?p=4776"},"modified":"2016-06-29T23:27:29","modified_gmt":"2016-06-29T21:27:29","slug":"co-se-bude-dit-st26-2","status":"publish","type":"post","link":"https:\/\/www.moravecteam.cz\/?p=4776","title":{"rendered":"Co se bude d\u00edt? (ST26)"},"content":{"rendered":"<h5><span style=\"color: #800000;\"><strong>St\u0159eda 29.6. 2016<\/strong><\/span><\/h5>\n<ul>\n<li>\n<div style=\"text-align: justify;\">Tr\u00e9nink mlad\u00fdch cyklist\u016f druh\u00e9 vlny venku na kolech s tren\u00e9rem\u00a0<strong>Milanem Tlamkou (776 108 046)<\/strong>.\u00a0Sraz v 17.00 na Okrouhl\u00e9 u Tlamk\u016f \u010d.p. 117. \u00c1\u010dko MORAVCE v t\u00fddnu potr\u00e9nuje dle pokyn\u016f tren\u00e9ra<strong>\u00a0V\u00edti Prudka (731 180 096)<\/strong>.<\/div>\n<\/li>\n<li style=\"text-align: justify;\">Zna\u010den\u00ed lesn\u00edch \u00fasek\u016f trat\u00ed VC Bene\u0161ova. kdo budete m\u00edt mo\u017enost p\u0159ij\u010fte pomoci, sraz je na m\u00edstn\u00edm \u00a0fotbalov\u00e9m h\u0159i\u0161ti v 8.00 hodin.<\/li>\n<\/ul>\n<h5 style=\"text-align: justify;\"><span style=\"color: #800000;\"><strong>\u010ctvrtek\u00a030.6. 2016<\/strong><\/span><\/h5>\n<p style=\"text-align: justify;\">Odjezd skupiny dobrovoln\u00edk\u016f MORAVCE na MTB MS do Nov\u00e9ho M\u011bsta na Morav\u011b. Vyraz\u00edme asi v 16.00 hodin, p\u0159i\u010dem\u017e p\u0159epravu zajist\u00ed sv\u00fdmi vozy Karel Vinick\u00fd, Milan Tlamka a Karel V\u0161etula. Up\u0159es\u0148uj\u00edc\u00ed informace: \u00a0Ve \u010dtvrtek 30.6.2016 po\u0159e\u0161\u00edme p\u0159esun \u00a0do Vyso\u010dina ar\u00e9ny takto:<\/p>\n<ul>\n<li>v 15.50 nalo\u017e\u00ed Petr a Karlem na Bene\u0161ov\u011b do Petrova vozu vozu Evu Zem\u00e1nkovou<\/li>\n<li>v 16.00 p\u0159esednou \u00a0Karel, Eva \u00a0a Petr do dod\u00e1vky Milana Tlamky &#8211; n\u00e1sledn\u00fd odjezd spolu s Lenkou Tlamkovou a Tom\u00e1\u0161em Tlamkou &#8222;Contadorem&#8220; sm\u011br Boskovice. Petr\u016fv v\u016fz z\u016fstane parkovan\u00fd do ned\u011ble na Okrouhl\u00e9 \u010d. 117.<\/li>\n<li>v cca 16.20 &#8211; nalo\u017een\u00ed do dod\u00e1vky Milana Tlamky na ul. Ludv\u00edka Vojt\u011bcha MIlana \u0160af\u00e1\u0159e s kolem<\/li>\n<li>Karel Vinick\u00fd s Magdou Vinickou nalo\u017e\u00ed v Lysic\u00edch Ivanu Prudkovou \u010dasov\u011b tak, abychom se v 17.00 &#8211; 18.00 sjeli &#8211; oba vozy &#8211; v NMnM na ubytovn\u011b B\u011blisko a ubytovali se zde.<\/li>\n<li>v cca 17.20 . parkov\u00e1n\u00ed Tlamkovic karavanu v kempu v NMnM<\/li>\n<li>v 19.00 sch\u016fzka dobrovoln\u00edk\u016f MORAVEC Teamu ve Vyso\u010dina ar\u00e9n\u011b s Pavlem Mik\u0161\u00edkem (m\u00e1 na starosti v p\u00e1tek doprovodn\u00e9 z\u00e1vody).<\/li>\n<li>Jedin\u00e1 komplikace, kter\u00e1 se zat\u00edm r\u00fdsuje: vstupenky zdarma na MS maj\u00ed dostat jen Ti z dobrovoln\u00edk\u016f, kte\u0159\u00ed se z\u00fa\u0159\u010dastnili \u0161kolen\u00ed v sobotu 11.6.2016. To by pro MORAVEC Team znamenalo m\u00ednus 5 vol\u0148\u00e1sk\u016f&#8230; Budu se sna\u017eit tuto skute\u010dnost s l\u00eddry po\u0159adatel\u016f zvr\u00e1tit v pr\u016fb\u011bhu \u010dtvrtka.Jinak v\u0161e o MTB MS <strong><a href=\"http:\/\/mtb2016nmnm.com\/en\/\">hledejte zde<\/a><\/strong>:<\/li>\n<\/ul>\n<p><strong style=\"line-height: 1.5;\"><span style=\"color: #800000; line-height: 1.33333;\">P<\/span><span style=\"color: #800000; line-height: 1.33333;\">ond\u011bl\u00ed\u00a04.7. 2016<\/span><\/strong><\/p>\n<ul>\n<li>Dozna\u010den\u00ed\u00a0trat\u00ed VC Bene\u0161ova. kdo budete m\u00edt mo\u017enost, p\u0159ij\u010fte pomoci, sraz je na m\u00edstn\u00edm \u00a0fotbalov\u00e9m h\u0159i\u0161ti v 8.00 hodin.<\/li>\n<li style=\"text-align: justify;\">Od 17.00 hodin tr\u00e9nink MORAVC\u016e na trat\u00edch 8. z\u00e1vodu MTB Poh\u00e1ru Drahansk\u00e9 vrchoviny, v Bene\u0161ov\u011b.\u00a0Ur\u010den\u00ed z\u00e1stupci MORAVEC Teamu (sraz v prostoru startu a c\u00edle\u00a0tak\u00e9 v 17.00 hodin) dolad\u00ed s\u00a0m\u00edstn\u00edmi \u00a0po\u0159adateli v\u0161e pot\u0159ebn\u00e9 na sobotn\u00ed z\u00e1vod MTB XCO.<\/li>\n<\/ul>\n<p><span style=\"color: #800000; font-size: 18px; font-weight: bold; line-height: 1.33333; text-align: justify;\">\u00dater\u00fd 5.7. 2016<\/span><\/p>\n<p style=\"text-align: justify;\">Osm\u00fd z\u00e1vod 15. ro\u010dn\u00edku MTB Poh\u00e1ru Drahansk\u00e9 Vrchoviny v Bene\u0161ov\u011b. Sraz MORAVC\u016e, kte\u0159\u00ed budou pom\u00e1hat s organizac\u00ed z\u00e1vodu, je v 7.45 hodin v prostoru startu a c\u00edle z\u00e1vodu (u m\u00edstn\u00ed sportovn\u00ed haly). \u00da\u010dast a dopravu si na z\u00e1vod zaji\u0161\u0165uje ka\u017ed\u00fd individu\u00e1ln\u011b. Zde jsou<strong><a href=\"http:\/\/www.pohardrahanskevrchoviny.cz\/\"> propozice a pl\u00e1nky trat\u00ed<\/a>.<\/strong><\/p>\n","protected":false},"excerpt":{"rendered":"<p>St\u0159eda 29.6. 2016 Tr\u00e9nink mlad\u00fdch cyklist\u016f druh\u00e9 vlny venku na kolech s tren\u00e9rem\u00a0Milanem Tlamkou (776 108 046).\u00a0Sraz v 17.00 na Okrouhl\u00e9 u Tlamk\u016f \u010d.p. 117. \u00c1\u010dko MORAVCE v t\u00fddnu potr\u00e9nuje dle pokyn\u016f tren\u00e9ra\u00a0V\u00edti Prudka (731 180 096). Zna\u010den\u00ed lesn\u00edch \u00fasek\u016f trat\u00ed VC Bene\u0161ova. kdo budete m\u00edt mo\u017enost p\u0159ij\u010fte pomoci, sraz je na m\u00edstn\u00edm \u00a0fotbalov\u00e9m h\u0159i\u0161ti &hellip; <a href=\"https:\/\/www.moravecteam.cz\/?p=4776\" class=\"more-link\">Pokra\u010dov\u00e1n\u00ed textu <span class=\"screen-reader-text\">Co se bude d\u00edt? (ST26)<\/span> <span class=\"meta-nav\">&rarr;<\/span><\/a><\/p>\n","protected":false},"author":3,"featured_media":4782,"comment_status":"open","ping_status":"closed","sticky":false,"template":"","format":"standard","meta":[],"categories":[11],"tags":[],"_links":{"self":[{"href":"https:\/\/www.moravecteam.cz\/index.php?rest_route=\/wp\/v2\/posts\/4776"}],"collection":[{"href":"https:\/\/www.moravecteam.cz\/index.php?rest_route=\/wp\/v2\/posts"}],"about":[{"href":"https:\/\/www.moravecteam.cz\/index.php?rest_route=\/wp\/v2\/types\/post"}],"author":[{"embeddable":true,"href":"https:\/\/www.moravecteam.cz\/index.php?rest_route=\/wp\/v2\/users\/3"}],"replies":[{"embeddable":true,"href":"https:\/\/www.moravecteam.cz\/index.php?rest_route=%2Fwp%2Fv2%2Fcomments&post=4776"}],"version-history":[{"count":8,"href":"https:\/\/www.moravecteam.cz\/index.php?rest_route=\/wp\/v2\/posts\/4776\/revisions"}],"predecessor-version":[{"id":4787,"href":"https:\/\/www.moravecteam.cz\/index.php?rest_route=\/wp\/v2\/posts\/4776\/revisions\/4787"}],"wp:featuredmedia":[{"embeddable":true,"href":"https:\/\/www.moravecteam.cz\/index.php?rest_route=\/wp\/v2\/media\/4782"}],"wp:attachment":[{"href":"https:\/\/www.moravecteam.cz\/index.php?rest_route=%2Fwp%2Fv2%2Fmedia&parent=4776"}],"wp:term":[{"taxonomy":"category","embeddable":true,"href":"https:\/\/www.moravecteam.cz\/index.php?rest_route=%2Fwp%2Fv2%2Fcategories&post=4776"},{"taxonomy":"post_tag","embeddable":true,"href":"https:\/\/www.moravecteam.cz\/index.php?rest_route=%2Fwp%2Fv2%2Ftags&post=4776"}],"curies":[{"name":"wp","href":"https:\/\/api.w.org\/{rel}","templated":true}]}}