{"id":4788,"date":"2016-07-08T00:08:59","date_gmt":"2016-07-07T22:08:59","guid":{"rendered":"http:\/\/www.moravecteam.cz\/?p=4788"},"modified":"2016-07-08T00:11:06","modified_gmt":"2016-07-07T22:11:06","slug":"co-se-bude-dit-st-2","status":"publish","type":"post","link":"https:\/\/www.moravecteam.cz\/?p=4788","title":{"rendered":"Co se bude d\u00edt? (ST27)"},"content":{"rendered":"<h5><span style=\"color: #993300;\"><strong>St\u0159eda 6.7. 2016<\/strong><\/span><\/h5>\n<p style=\"text-align: justify;\">Tr\u00e9nink mlad\u00fdch cyklist\u016f druh\u00e9 vlny venku na kolech s tren\u00e9rem\u00a0 <strong><span style=\"color: #993300;\">M<\/span><span style=\"color: #993300;\">ilanem Tlamkou (776 108 046)<\/span><\/strong>. Sraz v 17.00 na Okrouhl\u00e9 u Tlamk\u016f \u010d.p. 117. \u00c1\u010dko MORAVCE v t\u00fddnu potr\u00e9nuje dle pokyn\u016f tren\u00e9ra <strong><span style=\"color: #993300;\">V\u00edti Prudka (731 180 096)<\/span>.<\/strong><\/p>\n<h5 style=\"text-align: justify;\"><strong><span style=\"line-height: 1.5; color: #993300;\">P\u00e1tek 8.7. 2016<\/span><\/strong><\/h5>\n<p style=\"text-align: justify;\">Od 17.00 hodin tr\u00e9nink MORAVC\u016e na trat\u00edch 9. z\u00e1vodu MTB Poh\u00e1ru Drahansk\u00e9 vrchoviny, v B\u0159ezov\u00e9. Ur\u010den\u00ed z\u00e1stupci MORAVEC Teamu (sraz v prostoru startu a c\u00edle tak\u00e9 v 17.00 hodin) dolad\u00ed s m\u00edstn\u00edmi po\u0159adateli v\u0161e pot\u0159ebn\u00e9 na sobotn\u00ed z\u00e1vod MTB XCO.<\/p>\n<h5 style=\"text-align: justify;\"><span style=\"color: #800000;\"><strong>Sobota 9.7. 2016<\/strong><\/span><\/h5>\n<p style=\"text-align: justify;\">Dev\u00e1t\u00fd z\u00e1vod 15. ro\u010dn\u00edku MTB Poh\u00e1ru Drahansk\u00e9 Vrchoviny v B\u0159ezov\u00e9. Sraz MORAVC\u016e, kte\u0159\u00ed budou pom\u00e1hat s organizac\u00ed z\u00e1vodu, je v 7.45 hodin v prostoru startu a c\u00edle z\u00e1vodu (motokrosov\u00fd are\u00e1l). \u00da\u010dast a dopravu si na z\u00e1vod zaji\u0161\u0165uje ka\u017ed\u00fd individu\u00e1ln\u011b. Zde jsou propozice a pl\u00e1nky trat\u00ed.<\/p>\n","protected":false},"excerpt":{"rendered":"<p>St\u0159eda 6.7. 2016 Tr\u00e9nink mlad\u00fdch cyklist\u016f druh\u00e9 vlny venku na kolech s tren\u00e9rem\u00a0 Milanem Tlamkou (776 108 046). Sraz v 17.00 na Okrouhl\u00e9 u Tlamk\u016f \u010d.p. 117. \u00c1\u010dko MORAVCE v t\u00fddnu potr\u00e9nuje dle pokyn\u016f tren\u00e9ra V\u00edti Prudka (731 180 096). P\u00e1tek 8.7. 2016 Od 17.00 hodin tr\u00e9nink MORAVC\u016e na trat\u00edch 9. z\u00e1vodu MTB Poh\u00e1ru Drahansk\u00e9 &hellip; <a href=\"https:\/\/www.moravecteam.cz\/?p=4788\" class=\"more-link\">Pokra\u010dov\u00e1n\u00ed textu <span class=\"screen-reader-text\">Co se bude d\u00edt? (ST27)<\/span> <span class=\"meta-nav\">&rarr;<\/span><\/a><\/p>\n","protected":false},"author":3,"featured_media":4794,"comment_status":"open","ping_status":"closed","sticky":false,"template":"","format":"standard","meta":[],"categories":[11],"tags":[],"_links":{"self":[{"href":"https:\/\/www.moravecteam.cz\/index.php?rest_route=\/wp\/v2\/posts\/4788"}],"collection":[{"href":"https:\/\/www.moravecteam.cz\/index.php?rest_route=\/wp\/v2\/posts"}],"about":[{"href":"https:\/\/www.moravecteam.cz\/index.php?rest_route=\/wp\/v2\/types\/post"}],"author":[{"embeddable":true,"href":"https:\/\/www.moravecteam.cz\/index.php?rest_route=\/wp\/v2\/users\/3"}],"replies":[{"embeddable":true,"href":"https:\/\/www.moravecteam.cz\/index.php?rest_route=%2Fwp%2Fv2%2Fcomments&post=4788"}],"version-history":[{"count":4,"href":"https:\/\/www.moravecteam.cz\/index.php?rest_route=\/wp\/v2\/posts\/4788\/revisions"}],"predecessor-version":[{"id":4792,"href":"https:\/\/www.moravecteam.cz\/index.php?rest_route=\/wp\/v2\/posts\/4788\/revisions\/4792"}],"wp:featuredmedia":[{"embeddable":true,"href":"https:\/\/www.moravecteam.cz\/index.php?rest_route=\/wp\/v2\/media\/4794"}],"wp:attachment":[{"href":"https:\/\/www.moravecteam.cz\/index.php?rest_route=%2Fwp%2Fv2%2Fmedia&parent=4788"}],"wp:term":[{"taxonomy":"category","embeddable":true,"href":"https:\/\/www.moravecteam.cz\/index.php?rest_route=%2Fwp%2Fv2%2Fcategories&post=4788"},{"taxonomy":"post_tag","embeddable":true,"href":"https:\/\/www.moravecteam.cz\/index.php?rest_route=%2Fwp%2Fv2%2Ftags&post=4788"}],"curies":[{"name":"wp","href":"https:\/\/api.w.org\/{rel}","templated":true}]}}