{"id":4796,"date":"2016-07-07T23:22:54","date_gmt":"2016-07-07T21:22:54","guid":{"rendered":"http:\/\/www.moravecteam.cz\/?p=4796"},"modified":"2016-07-08T00:06:07","modified_gmt":"2016-07-07T22:06:07","slug":"novomestska-dunela","status":"publish","type":"post","link":"https:\/\/www.moravecteam.cz\/?p=4796","title":{"rendered":"&#8222;Novom\u011bstsk\u00e1&#8220; dun\u011bla!"},"content":{"rendered":"<p style=\"text-align: justify;\"><span style=\"color: #800000;\"><strong>Bikov\u00e1 &#8222;Novom\u011bstsk\u00e1&#8220; symfonie po roce op\u011bt zazn\u011bla, tentokr\u00e1t v r\u00e1mci MTB Mistrovstv\u00ed sv\u011bta, \u00a0v pln\u00e9 s\u00edle! Jej\u00ed t\u00f3ny m\u011bly pro \u010cesko tentokr\u00e1t dvojn\u00e1sobn\u00e9 st\u0159\u00edbrn\u00e9 zn\u011bn\u00ed a p\u0159\u00edmo v d\u011bn\u00ed po\u0159adatelsk\u00e9ho slad\u011bn\u00e9ho orchestru, dirigovan\u00e9ho p\u0159em\u00fd\u0161liv\u00fdm Petrem Va\u0148kem, bylo od minul\u00e9ho \u010dtvrtku a\u017e po ned\u011bln\u00ed fin\u00e1lov\u00fd part i deset MORAVC\u016e &#8211; dobrovoln\u00edk\u016f. A stejn\u011b jako v\u00fdkony \u010desk\u00fdch rajdr\u016f na n\u00e1ro\u010dn\u00fdch trat\u00edch byly &#8222;na doraz&#8220;, odbdobn\u011b provedla poctivou pr\u00e1ci v r\u00e1mci sv\u00e9 t\u0159\u00eddenn\u00ed mise i skupina dobrovoln\u00edk\u016f MORAVEC Teamu!<\/strong><\/span><\/p>\n<figure id=\"attachment_4807\" aria-describedby=\"caption-attachment-4807\" style=\"width: 1440px\" class=\"wp-caption alignnone\"><a href=\"http:\/\/www.moravecteam.cz\/?attachment_id=4807\" rel=\"attachment wp-att-4807\"><img decoding=\"async\" loading=\"lazy\" class=\" wp-image-4807\" alt=\"DSCN9031\" src=\"http:\/\/www.moravecteam.cz\/wp-content\/uploads\/2016\/07\/DSCN9031.jpg\" width=\"1440\" height=\"1200\" srcset=\"https:\/\/www.moravecteam.cz\/wp-content\/uploads\/2016\/07\/DSCN9031.jpg 1440w, https:\/\/www.moravecteam.cz\/wp-content\/uploads\/2016\/07\/DSCN9031-300x250.jpg 300w, https:\/\/www.moravecteam.cz\/wp-content\/uploads\/2016\/07\/DSCN9031-1024x853.jpg 1024w\" sizes=\"(max-width: 1440px) 100vw, 1440px\" \/><\/a><figcaption id=\"caption-attachment-4807\" class=\"wp-caption-text\">Deset MORAVC\u016e dobrovoln\u00edk\u016f na MTB MS v NMnM 2016. Fotka je ze soboty, p\u0159ed zah\u00e1jen\u00edm pr\u00e1ce.<\/figcaption><\/figure>\n<h5 style=\"text-align: justify;\"><span style=\"color: #800000;\">Den nult\u00fd &#8211; \u010dtvrtek 30.6. 2016<\/span><\/h5>\n<p style=\"text-align: justify;\">V\u0161ech deset na\u0161ich dobrovoln\u00edk\u016f mus\u00ed je\u0161t\u011b do pr\u00e1ce (jeden do \u0161koly pro vysv\u011bd\u010den\u00ed), proto vyr\u00e1\u017e\u00edme do NMnM hv\u011bzdicovou j\u00edzdou dv\u011bma invazn\u00edmi vozy a\u017e v 16.00 hodin. Tomu s \u010d\u00edslem 1 vel\u00ed Milan Tlamka a pos\u00e1dku tvo\u0159\u00ed Tom\u00e1\u0161 Tlamka &#8222;Contador&#8220;, Lenka Tlamkov\u00e1, Karel V\u0161etula, Eva Zem\u00e1nkov\u00e1, Petr Koudelka a Milan \u0160af\u00e1\u0159. Dvojce vel\u00ed Karel Vinick\u00fd a v os\u00e1dce m\u00e1 Magdu Vinickou a Ivanu Prudkovou. P\u0159edsunut\u00e9 stanovi\u0161t\u011b si z\u0159izujeme v kempu ve Vyso\u010dina ar\u00e9n\u011b, kde se oba vozy \u00fasp\u011b\u0161n\u011b setk\u00e1vaj\u00ed p\u0159ed 18.00 hodinou. A proto\u017ee ten den je\u0161t\u011b nejsme v\u00e1z\u00e1ni pracovn\u00edmi povinnostmi, po nezbytn\u00fdch formalit\u00e1ch zased\u00e1v\u00e1me na hlavn\u00ed tribunu a sledujeme <span style=\"color: #800000;\"><strong>st\u0159\u00edbrnou j\u00edzdu \u010desk\u00e9 \u0161tafety<\/strong><\/span>! Jako by MORAVCI p\u0159ivezli do ar\u00e9ny krom\u011b medailov\u00e9ho lesku i slun\u00ed\u010dko, kter\u00e9 se po protivn\u00e9m p\u0159edchoz\u00edm de\u0161ti prodralo razantn\u011b mezi mraky zrovna tak, jako <strong><span style=\"color: #800000;\">Kate\u0159ina Nash<\/span><\/strong> mezi sv\u00fdmi vesm\u011bs soupe\u0159kami na trati z\u00e1vodu \u0161tafet. Tradi\u010dn\u00ed ubytov\u00e1n\u00ed na intern\u00e1t\u011b B\u011blisko st\u00edh\u00e1me rozja\u0159en\u00ed z p\u0159edchoz\u00edho st\u0159\u00edbrn\u00e9ho zisku a kr\u00e1tk\u00e9 depo v restauraci, kter\u00e1 s &#8222;intrem&#8220; t\u011bsn\u011b soused\u00ed, je za dan\u00e9 situace zcela na m\u00edst\u011b. Ob\u010derstvova\u010dce p\u0159ed ulehnut\u00edm p\u0159edch\u00e1z\u00ed setk\u00e1n\u00ed Petra a Milan\u016f ve Ski hotelu (Petr se zde sh\u00e1n\u011bl po bankomatu) s Julienem Absalonem. A v\u011b\u0159te nebo ne: Julien se na Petra po roce dob\u0159e pamatoval! Po krat\u0161\u00ed zdvo\u0159ilostn\u00ed konverzaci nemohlo samoz\u0159ejm\u011b s dvojn\u00e1sobn\u00fdm olympijsk\u00fdm v\u00edt\u011bzem chyb\u011bt spole\u010dn\u00e9 foto. V\u011bru, dob\u0159e n\u00e1m ta mise za\u010dala&#8230;<\/p>\n<figure id=\"attachment_4805\" aria-describedby=\"caption-attachment-4805\" style=\"width: 1297px\" class=\"wp-caption alignnone\"><a href=\"http:\/\/www.moravecteam.cz\/?attachment_id=4805\" rel=\"attachment wp-att-4805\"><img decoding=\"async\" loading=\"lazy\" class=\" wp-image-4805\" alt=\"DSCN8990\" src=\"http:\/\/www.moravecteam.cz\/wp-content\/uploads\/2016\/07\/DSCN8990.jpg\" width=\"1297\" height=\"957\" srcset=\"https:\/\/www.moravecteam.cz\/wp-content\/uploads\/2016\/07\/DSCN8990.jpg 1297w, https:\/\/www.moravecteam.cz\/wp-content\/uploads\/2016\/07\/DSCN8990-300x221.jpg 300w, https:\/\/www.moravecteam.cz\/wp-content\/uploads\/2016\/07\/DSCN8990-1024x755.jpg 1024w\" sizes=\"(max-width: 1297px) 100vw, 1297px\" \/><\/a><figcaption id=\"caption-attachment-4805\" class=\"wp-caption-text\">Ad\u00e9la \u0160af\u00e1\u0159ov\u00e1 se sv\u00fdmi t\u00fdmov\u00fdmi kolegyn\u011bmi, jak ji zachytil na fo\u0165\u00e1k Petr p\u0159i p\u00e1te\u010dn\u00edm tr\u00e9ninku p\u0159e\u0161d startem z\u00e1vodu juniorek.<\/figcaption><\/figure>\n<h5 style=\"text-align: justify;\"><span style=\"color: #800000;\">Den prvn\u00ed &#8211; p\u00e1tek 1.7.2016<\/span><\/h5>\n<p style=\"text-align: justify;\">V 9.00 rozd\u011bluje na\u0161i skupinu pan P\u016flp\u00e1n (organizuje d\u011btsk\u00e9 z\u00e1vody v r\u00e1mci Kp\u017d) na trat\u011b d\u011btsk\u00fdch z\u00e1vod\u016f. Ty maj\u00ed tentokr\u00e1t atraktivn\u00ed m\u00edsto startu, kter\u00e9 je &#8211; stejn\u011b jako u v\u0161ech start\u016f v r\u00e1mci MS &#8211; p\u0159ed hlavn\u00ed tribunou. Svoje \u00fakoly zvl\u00e1d\u00e1me hrav\u011b &#8211; v\u017edy\u0165 m\u00e1me s podobn\u00fdm l\u00e9ty bohat\u00e9 zku\u0161enosti p\u0159i po\u0159\u00e1d\u00e1n\u00ed PDV&#8230; P\u0159i pr\u00e1ci ma\u010dk\u00e1me pale\u010dky d\u011btem z MORAVEC Teamu, kter\u00e9 se do z\u00e1vod\u016f p\u0159ihl\u00e1sily a staly se tak\u00e9 sv\u00fdm zp\u016fsobem \u00a0p\u0159\u00edm\u00fdmi \u00fa\u010dastn\u00edky MTB sv\u011btov\u00e9ho \u0161ampion\u00e1tu. A v\u0161ichni na\u0161i reprezentanti se p\u0159edvedli v tom nejlep\u0161\u00edm sv\u011btle! A\u0165 u\u017e to byli sourozeneck\u00e9 bloky dvoj\u010dat Barto\u0161ov\u00fdch, kluk\u016f Lipensk\u00fdch, \u010di Koudelkovic &#8222;mix&#8220;, Tom\u00e1\u0161e Tlamku &#8222;Contadora&#8220; nevyj\u00edmaje. A byl to pr\u00e1v\u011b <strong><span style=\"color: #800000;\">Tom\u00e1\u0161 Tlamka &#8222;Contador&#8220;<\/span><\/strong>, kter\u00fd s p\u0159ehledem ovl\u00e1dl z\u00e1vod ve sv\u00e9 kategorii star\u0161\u00edch \u017e\u00e1k\u016f, ziskem bronzu ho pak zdatn\u011b doplnila v p\u0159edchoz\u00edm startu mlad\u0161\u00edch d\u00edvek i <strong><span style=\"color: #800000;\">Lucinka Koudelkov\u00e1<\/span><\/strong>! Bravo MORAVEC! \u00a0Zde jsou <strong><a href=\"http:\/\/sportsoft.cz\/cs\/zavod\/overview\/1982\">v\u00fdsledky<\/a><\/strong> k omrknut\u00ed. Za vzorn\u00e9 repre odd\u00edlu d\u00edky v\u0161em a medailist\u016fm gratulova\u010dka! D\u011btsk\u00e9 z\u00e1vody skon\u010dily podle pl\u00e1nu ve 14.00 no a my byli pro ten den op\u011bt voln\u00ed! Rychle \u0159e\u0161\u00edme dobrovolnick\u00fd &#8222;g\u00e1bl\u00edk&#8220; a u\u017e p\u00edl\u00edme na hlavn\u00ed tribunu za\u017eit &#8211; pro n\u00e1s vrchol dne, m\u011bs\u00edce, roku &#8211; start na\u0161\u00ed odchovankyn\u011b <strong><span style=\"color: #800000;\">Ad\u00e9ly \u0160af\u00e1\u0159ov\u00e9<\/span><\/strong> v z\u00e1vod\u011b juniorek. V\u0161ichni v\u00edme, jak to v\u0161echno dopadlo, jedno je ale jist\u00e9: z bezprecedentn\u011b bojovn\u00e9ho v\u00fdkonu Adys n\u00e1m (a nejen n\u00e1m) b\u011bhal mr\u00e1z po z\u00e1dech a po z\u00e1sluze za n\u011bj sklidila od tis\u00edcovek nad\u0161en\u00fdch div\u00e1k\u016f takov\u00fd potlesk, jako by ten sv\u016fj z\u00e1vod vyhr\u00e1la&#8230; Ad\u00e9lce za p\u0159edveden\u00fd v\u00fdkon podr\u017een\u00fd nev\u00fddanou bojovnost\u00ed pat\u0159\u00ed na\u0161e hlubok\u00e1 poklona a velk\u00fd d\u00edk! S dov\u011btkem, \u017ee p\u0159\u00ed\u0161t\u011b j\u00ed to ur\u010do vyjde! Jak ost\u0159e kontrastovala p\u0159\u00edkladn\u00e1 bojovnost Ad\u00e9ly s tra\u0165ov\u00fdm projevem Richarda Holce, kter\u00e9ho v n\u00e1sledn\u00e9m startu junior\u016f potkaly podobn\u00e9 pot\u00ed\u017ee, mohl ka\u017ed\u00fd srovnat a posoudit. Dost dob\u0159e na tomto srovn\u00e1n\u00ed bylo vid\u011bt, kdo a jak m\u00e1 v \u00fact\u011b nejkr\u00e1sn\u011bj\u0161\u00ed, \u00a0n\u00e1rodn\u00ed dres&#8230; Kdy\u017e des\u00edtka dobrovoln\u00edk\u016f MORAVCE vyd\u00fdchala sm\u016flu Ad\u00e9ly \u0160af\u00e1\u0159ov\u00e9, padla ot\u00e1zka: co s na\u010dat\u00fdm ve\u010derem? Koncerty AC-DC revirval a Dana B\u00e1rtu, kter\u00e9 se ve Ski ar\u00e9n\u011b ve\u010der konaly, n\u00e1m na tuto ot\u00e1zku daly odpov\u011b\u010f&#8230;<\/p>\n<figure id=\"attachment_4804\" aria-describedby=\"caption-attachment-4804\" style=\"width: 2000px\" class=\"wp-caption alignnone\"><a href=\"http:\/\/www.moravecteam.cz\/?attachment_id=4804\" rel=\"attachment wp-att-4804\"><img decoding=\"async\" loading=\"lazy\" class=\" wp-image-4804\" alt=\"OLYMPUS DIGITAL CAMERA\" src=\"http:\/\/www.moravecteam.cz\/wp-content\/uploads\/2016\/07\/P1010001a.jpg\" width=\"2000\" height=\"1500\" srcset=\"https:\/\/www.moravecteam.cz\/wp-content\/uploads\/2016\/07\/P1010001a.jpg 2000w, https:\/\/www.moravecteam.cz\/wp-content\/uploads\/2016\/07\/P1010001a-300x225.jpg 300w, https:\/\/www.moravecteam.cz\/wp-content\/uploads\/2016\/07\/P1010001a-1024x768.jpg 1024w\" sizes=\"(max-width: 2000px) 100vw, 2000px\" \/><\/a><figcaption id=\"caption-attachment-4804\" class=\"wp-caption-text\">Katka Nash zn\u00e1 MORAVEC Team velmi dob\u0159e a spole\u010dnou fotku s n\u00e1mi nikdy neodm\u00edtne.<\/figcaption><\/figure>\n<h5><span style=\"color: #800000;\">Den druh\u00fd &#8211; sobota 2.7.2016<\/span><\/h5>\n<p style=\"text-align: justify;\">Podle programu jsou na \u0159ad\u011b starty mu\u017e\u016f U23 (11.00) a \u017een (15.00) a n\u00e1\u0161 \u00fakol je ohl\u00eddat hlavn\u00ed tribunu, kter\u00e1 ji\u017e \u010dek\u00e1 na uv\u00e1d\u011bn\u00e9 starty docela mocn\u00fd div\u00e1ck\u00fd n\u00e1por. Petr rozd\u011bluje na\u0161i skupinu pod\u00e9l centr\u00e1ln\u00edho div\u00e1ck\u00e9ho ochzu na \u010dty\u0159i skupiny s v\u011bdom\u00fdm, \u017ee je t\u0159eba hlavn\u011b uk\u00e1znit div\u00e1ky, kte\u0159\u00ed se budou sna\u017eit do tohoto rostoru dostat i se sv\u00fdmi bycikly. Z po\u010d\u00e1tku nejde div\u00e1k\u016fm na\u0161e striktnost p\u0159\u00edli\u0161 &#8222;pod nos&#8220;&#8230; T\u00edm v\u00edc, kdy\u017e \u00faschovna kol je brzy zapln\u011bna&#8230; Postupn\u011b se n\u00e1m ale da\u0159\u00ed taktn\u00edm, nicm\u00e9n\u011b nekompromisn\u00edm p\u0159\u00edstupem div\u00e1ckou masu &#8222;vycvi\u010dit&#8220; a i tento nelehk\u00fd \u00fakol zvl\u00e1dnout na &#8222;jedni\u010dku&#8220;! Vzorem d\u016frazu byl <strong><span style=\"color: #800000;\">Karel V\u0161etula<\/span><\/strong>, kter\u00fd si, by\u0165 postavou ne zrovna hromotluk, dok\u00e1zal svoj\u00ed razanc\u00ed a stru\u010dnou, ale jasnou v\u00fdmluvnost\u00ed, zjednat o\u0159\u00e1dek raz-dva! V\u011bru, nebyla to jednoduch\u00e1 pr\u00e1ce, kterou bylo t\u0159eba zvl\u00e1dnout&#8230; Slun\u00ed\u010dko, kter\u00e9 jsme do Ski are\u00e1lu ve \u010dtvrtek p\u0159ivezli, sv\u00edtilo zodpov\u011bdn\u011b i v sobotu a v\u011b\u0159te, v prostoru hlavn\u00ed tribuny nebylo stinn\u00e9ho m\u00edsta&#8230; A po pr\u00e1ci zde byla op\u011bt ot\u00e1zka: co s na\u010dat\u00fdm ve\u010derem \u010d.2? Proto\u017ee n\u00e1s vyhledal Petr\u016fv kamar\u00e1d z lo\u0148ska a \u0161\u00e9f z\u00e1chran\u00e1\u0159sk\u00e9 skupiny MUDr. Tom\u00e1\u0161 Sk\u0159i\u010dka, v\u011bt\u0161ina z n\u00e1s s n\u00edm str\u00e1vila bezva &#8222;ve\u010d\u00edr&#8220;, oko\u0159en\u011bn\u00fd zaj\u00edmav\u00fdmi p\u0159\u00edhodami z jeho l\u00e9ka\u0159sk\u00e9 praxe v restauraci u intern\u00e1tu a pozd\u011bji i p\u0159\u00edmo na d\u00edv\u010d\u00edm pokoji MORAVKY\u0147 v intern\u00e1tu, kam jsme charismatick\u00e9ho doktora pozvali.<\/p>\n<figure id=\"attachment_4806\" aria-describedby=\"caption-attachment-4806\" style=\"width: 2000px\" class=\"wp-caption alignnone\"><a href=\"http:\/\/www.moravecteam.cz\/?attachment_id=4806\" rel=\"attachment wp-att-4806\"><img decoding=\"async\" loading=\"lazy\" class=\" wp-image-4806\" alt=\"OLYMPUS DIGITAL CAMERA\" src=\"http:\/\/www.moravecteam.cz\/wp-content\/uploads\/2016\/07\/P1010018.jpg\" width=\"2000\" height=\"776\" srcset=\"https:\/\/www.moravecteam.cz\/wp-content\/uploads\/2016\/07\/P1010018.jpg 2000w, https:\/\/www.moravecteam.cz\/wp-content\/uploads\/2016\/07\/P1010018-300x116.jpg 300w, https:\/\/www.moravecteam.cz\/wp-content\/uploads\/2016\/07\/P1010018-1024x397.jpg 1024w\" sizes=\"(max-width: 2000px) 100vw, 2000px\" \/><\/a><figcaption id=\"caption-attachment-4806\" class=\"wp-caption-text\">Setk\u00e1n\u00ed MORAVC\u016e na hlavn\u00ed tribun\u011b.<\/figcaption><\/figure>\n<h5><span style=\"color: #800000;\">Den t\u0159et\u00ed &#8211; ned\u011ble 3.7.2016<\/span><\/h5>\n<p style=\"text-align: justify;\">Skute\u010dn\u00fd vrchol. \u00a0Po\u010das\u00ed optim\u00e1ln\u00ed, n\u00e1lada elektizuj\u00edc\u00ed, fanou\u0161ci skv\u011bl\u00ed&#8230; Op\u011bt st\u0159e\u017e\u00edme hlavn\u00ed tribunu a na sv\u00fdch stanovi\u0161t\u00edch jsme rad\u0161i je\u0161t\u011b o n\u011bco d\u0159\u00edv\u011b&#8230; Na\u0161e trp\u011bliv\u00e1, d\u016frazn\u00e1 \u010dinnost z p\u0159ede\u0161l\u00e9ho dne, se vypl\u00e1c\u00ed: Z hlediska snahy dostat se byciklem tam, kde je to zak\u00e1z\u00e1no, jsou fanou\u0161ci oproti sobot\u011b ji\u017e mnohem disciplinovan\u011bj\u0161\u00ed! Nejd\u0159\u00edv\u011b p\u0159i pr\u00e1ci po o\u010dku sledujeme v\u00fdkon na\u0161ich d\u00edvek U23 jany Czecinkarov\u00e9 a B\u00e1ry Pr\u016fdkov\u00e9, ale to u\u017e ka\u017ed\u00fd odpo\u010d\u00edt\u00e1v\u00e1 minuty do startu m\u017e\u016f ELITE. Jak dopadne souboj t\u0159\u00ed Tit\u00e1n\u016f Absalon-Kulhav\u00fd-Schurter? Promluv\u00ed do jejich z\u00e1pasu i Ondra Cink? Nebo je\u0161t\u011b n\u011bkdo dal\u0161\u00ed? \u00daderem 15.00 hodiny se n\u00e1m za\u010dalo postupn\u011b dost\u00e1vat na polo\u017een\u00e9 ot\u00e1zky odpov\u011bd\u00ed. O kr\u00e1sn\u00e9 medailov\u00e9 zakon\u010den\u00ed historicky prvn\u00edho bikov\u00e9ho MS v \u010cesku se postaral ziskem st\u0159\u00edbra <strong><span style=\"color: #800000;\">Jarda Kulhav\u00fd<\/span><\/strong>! Konec dobr\u00fd &#8211; v\u0161echno dobr\u00e9! A medailov\u00e9ho ocen\u011bn\u00ed se nakonec dostalo i na\u0161\u00ed skupin\u011b. Nejd\u0159\u00edve v\u0161m dobrovoln\u00edk\u016fm osobn\u011b pod\u011bkoval \u0159editel MS Petr Van\u011bk. \u010clov\u011bka, kter\u00e9ho zn\u00e1m u\u017e l\u00e9ta, jsem ale tak z\u00e1\u0159\u00edc\u00edho spokojenost\u00ed je\u0161t\u011b nevid\u011bl&#8230; Jeho slova d\u00edk\u016f a uzn\u00e1n\u00ed n\u00e1s samoz\u0159ejm\u011b t\u011b\u0161ila, stejn\u011b tak jako skute\u010dnost, \u017ee n\u00e1m p\u0159edal pam\u011btn\u00ed medaile. Ty pam\u011btn\u00ed medaile, kter\u00e9 dostali i v\u0161ichni z\u00e1vodn\u00edci&#8230; No a kdy\u017e osobn\u011b Petrovi Koudelkovi vysekla pochvalu za v\u00fdkon skupiny MORAVEC Teamu i prav\u00e1 ruka Petra Va\u0148ka, Luk\u00e1\u0161 Vlach, to u\u017e jsme s p\u00fdchou, kter\u00e1 n\u00e1s po jejich slovech uzn\u00e1n\u00ed (po pr\u00e1vu) obemknula, nev\u011bd\u011bli co d\u011blat&#8230; Bravo MORAVEC! Byli jsme p\u0159i tom a l\u00edbili jsme se! <strong><a href=\"http:\/\/www.mtb2016nmnm.cz\/\">Zde je o skon\u010den\u00e9m MS v\u0161e podstatn\u00e9<\/a><\/strong>&#8230; Taky jsme fotili: mrkn\u011bta na <strong><a href=\"http:\/\/moravecteam.rajce.idnes.cz\/2016.07.03._MS_MTB_Nove_Mesto_na_Morave\/\">prvn\u00ed fotogalerii<\/a><\/strong>, i na <strong><a href=\"http:\/\/moravecteam.rajce.idnes.cz\/2016.07.03._MS_MTB_Nove_Mesto_na_Morave_2\/\">druhou fotogalerii<\/a><\/strong>.<\/p>\n","protected":false},"excerpt":{"rendered":"<p>Bikov\u00e1 &#8222;Novom\u011bstsk\u00e1&#8220; symfonie po roce op\u011bt zazn\u011bla, tentokr\u00e1t v r\u00e1mci MTB Mistrovstv\u00ed sv\u011bta, \u00a0v pln\u00e9 s\u00edle! Jej\u00ed t\u00f3ny m\u011bly pro \u010cesko tentokr\u00e1t dvojn\u00e1sobn\u00e9 st\u0159\u00edbrn\u00e9 zn\u011bn\u00ed a p\u0159\u00edmo v d\u011bn\u00ed po\u0159adatelsk\u00e9ho slad\u011bn\u00e9ho orchestru, dirigovan\u00e9ho p\u0159em\u00fd\u0161liv\u00fdm Petrem Va\u0148kem, bylo od minul\u00e9ho \u010dtvrtku a\u017e po ned\u011bln\u00ed fin\u00e1lov\u00fd part i deset MORAVC\u016e &#8211; dobrovoln\u00edk\u016f. A stejn\u011b jako v\u00fdkony \u010desk\u00fdch &hellip; <a href=\"https:\/\/www.moravecteam.cz\/?p=4796\" class=\"more-link\">Pokra\u010dov\u00e1n\u00ed textu <span class=\"screen-reader-text\">&#8222;Novom\u011bstsk\u00e1&#8220; dun\u011bla!<\/span> <span class=\"meta-nav\">&rarr;<\/span><\/a><\/p>\n","protected":false},"author":3,"featured_media":4803,"comment_status":"open","ping_status":"closed","sticky":false,"template":"","format":"standard","meta":[],"categories":[13],"tags":[],"_links":{"self":[{"href":"https:\/\/www.moravecteam.cz\/index.php?rest_route=\/wp\/v2\/posts\/4796"}],"collection":[{"href":"https:\/\/www.moravecteam.cz\/index.php?rest_route=\/wp\/v2\/posts"}],"about":[{"href":"https:\/\/www.moravecteam.cz\/index.php?rest_route=\/wp\/v2\/types\/post"}],"author":[{"embeddable":true,"href":"https:\/\/www.moravecteam.cz\/index.php?rest_route=\/wp\/v2\/users\/3"}],"replies":[{"embeddable":true,"href":"https:\/\/www.moravecteam.cz\/index.php?rest_route=%2Fwp%2Fv2%2Fcomments&post=4796"}],"version-history":[{"count":8,"href":"https:\/\/www.moravecteam.cz\/index.php?rest_route=\/wp\/v2\/posts\/4796\/revisions"}],"predecessor-version":[{"id":4809,"href":"https:\/\/www.moravecteam.cz\/index.php?rest_route=\/wp\/v2\/posts\/4796\/revisions\/4809"}],"wp:featuredmedia":[{"embeddable":true,"href":"https:\/\/www.moravecteam.cz\/index.php?rest_route=\/wp\/v2\/media\/4803"}],"wp:attachment":[{"href":"https:\/\/www.moravecteam.cz\/index.php?rest_route=%2Fwp%2Fv2%2Fmedia&parent=4796"}],"wp:term":[{"taxonomy":"category","embeddable":true,"href":"https:\/\/www.moravecteam.cz\/index.php?rest_route=%2Fwp%2Fv2%2Fcategories&post=4796"},{"taxonomy":"post_tag","embeddable":true,"href":"https:\/\/www.moravecteam.cz\/index.php?rest_route=%2Fwp%2Fv2%2Ftags&post=4796"}],"curies":[{"name":"wp","href":"https:\/\/api.w.org\/{rel}","templated":true}]}}