{"id":4810,"date":"2016-07-10T22:39:43","date_gmt":"2016-07-10T20:39:43","guid":{"rendered":"http:\/\/www.moravecteam.cz\/?p=4810"},"modified":"2016-07-12T21:41:18","modified_gmt":"2016-07-12T19:41:18","slug":"i-horka-nam-svedcila","status":"publish","type":"post","link":"https:\/\/www.moravecteam.cz\/?p=4810","title":{"rendered":"I &#8222;Horka&#8220; n\u00e1m sv\u011bd\u010dila!"},"content":{"rendered":"<p style=\"text-align: justify;\"><strong><span style=\"color: #800000;\">\u010cervenec je pro tuzemsk\u00e9 bikery m\u011bs\u00edcem vrcholu sez\u00f3ny.\u00a0V jeho z\u00e1v\u011bru fini\u0161uje nejen MTB \u010cesk\u00fd poh\u00e1r, ale hlavn\u011b se jede n\u00e1rodn\u00ed \u0161ampion\u00e1t biker\u016f, kter\u00fd letos pohost\u00ed\u00a0u\u017e bez m\u00e1la za \u010dtrn\u00e1ct dn\u016f Bed\u0159ichov u Jablonce. Hlavn\u011b k tomuto vrcholu sm\u011b\u0159uje p\u0159\u00edprava renomovan\u00fdch bikov\u00fdch team\u016f, MORAVEC nevyj\u00edmaje. Osm\u00fd z\u00e1vod MTB Poh\u00e1ru Drahansk\u00e9 vrchoviny, kter\u00fd o sv\u00e1te\u010dn\u00edm \u00faterku pohostil Bene\u0161ov, n\u00e1m k lad\u011bn\u00ed formy p\u0159ed rozhoduj\u00edc\u00edmi bitvami poslou\u017eil velmi dob\u0159e! D\u016fkazem je op\u011bt \u00factyhodn\u00e1\u00a0sb\u00edrka jeden\u00e1cti medail\u00ed, \u00a0kter\u00e9 na\u0161i na &#8222;Horce&#8220; v po\u0159ad\u00ed OPEN vybojovali!<\/span><\/strong><\/p>\n<figure id=\"attachment_4818\" aria-describedby=\"caption-attachment-4818\" style=\"width: 1038px\" class=\"wp-caption alignnone\"><a href=\"http:\/\/www.moravecteam.cz\/?attachment_id=4818\" rel=\"attachment wp-att-4818\"><img decoding=\"async\" loading=\"lazy\" class=\" wp-image-4818\" alt=\"P1100666\" src=\"http:\/\/www.moravecteam.cz\/wp-content\/uploads\/2016\/07\/P1100666.jpg\" width=\"1038\" height=\"819\" srcset=\"https:\/\/www.moravecteam.cz\/wp-content\/uploads\/2016\/07\/P1100666.jpg 1038w, https:\/\/www.moravecteam.cz\/wp-content\/uploads\/2016\/07\/P1100666-300x236.jpg 300w, https:\/\/www.moravecteam.cz\/wp-content\/uploads\/2016\/07\/P1100666-1024x807.jpg 1024w\" sizes=\"(max-width: 1038px) 100vw, 1038px\" \/><\/a><figcaption id=\"caption-attachment-4818\" class=\"wp-caption-text\">Kamila Proch\u00e1zkov\u00e1 s Petrem Saganem si byli na stupn\u00edch v\u00edt\u011bz\u016f na hodn\u011b bl\u00edzko!<\/figcaption><\/figure>\n<p style=\"text-align: justify;\">Poj\u010fme si tedy zrekapitulovat na\u0161e \u00fa\u010dinkov\u00e1n\u00ed na t\u0159et\u00edm &#8222;Grad Slamu&#8220;. Spolehliv\u00fdmi p\u0159isp\u00edvatelkami do medailov\u00e9 klenotnice MORAVCE se letos staly &#8211; k na\u0161\u00ed velk\u00e9 radosti -. Jana Marie Lipensk\u00e1 s Maru\u0161kou Barto\u0161ovou. A to je\u0161t\u011b dvoj\u010de Maru\u0161ky, Magdal\u00e9nka fini\u0161ovala tak\u00e9 na medailov\u00e9 pozici &#8211; by\u0165 t\u00e9 nepopul\u00e1rn\u00ed, bramborov\u00e9&#8230; \u017de se ze zlat\u00fdch placek po Bene\u0161ov\u011b budou moci t\u011b\u0161it Dom\u00e1c\u00ed Lucka Koudelkov\u00e1 a sk\u0159\u00edpovk\u00fd Matou\u0161 Lipensk\u00fd, v to jsme doufali a na\u0161e nad\u011bje oba \u0161ikovn\u00ed bike\u0159i naplnili! Lucince p\u0159i tom na trati skv\u011ble sekundovala Bar\u010da Janovsk\u00e1, kter\u00e1 dlouho sahala po medaili! Nakonec z toho byla &#8211; tak jako v p\u0159\u00edpad\u011b &#8222;Majdy&#8220; Barto\u0161ov\u00e9 &#8211; jenom nepopul\u00e1rn\u00ed &#8222;brambora&#8220;, ale je jen ot\u00e1zkou \u010dasu, kdy se Barborka, kter\u00fd v\u00fdkonnostn\u011b roste z\u00e1vod od z\u00e1vodu, na &#8222;bednu&#8220; pod\u00edv\u00e1&#8230;<\/p>\n<figure id=\"attachment_4819\" aria-describedby=\"caption-attachment-4819\" style=\"width: 415px\" class=\"wp-caption aligncenter\"><a href=\"http:\/\/www.moravecteam.cz\/?attachment_id=4819\" rel=\"attachment wp-att-4819\"><img decoding=\"async\" loading=\"lazy\" class=\"size-full wp-image-4819 \" alt=\"P1100568\" src=\"http:\/\/www.moravecteam.cz\/wp-content\/uploads\/2016\/07\/P1100568.jpg\" width=\"415\" height=\"366\" srcset=\"https:\/\/www.moravecteam.cz\/wp-content\/uploads\/2016\/07\/P1100568.jpg 415w, https:\/\/www.moravecteam.cz\/wp-content\/uploads\/2016\/07\/P1100568-300x264.jpg 300w\" sizes=\"(max-width: 415px) 100vw, 415px\" \/><\/a><figcaption id=\"caption-attachment-4819\" class=\"wp-caption-text\">Ozdoba z\u00e1vodu &#8211; hrdinka z Nov\u00e9ho M\u011bsta na Morav\u011b &#8211; Ad\u00e9la \u0160af\u00e1\u0159ov\u00e1. Po sm\u016fle 14. nejlep\u0161\u00ed juniorka na sv\u011bt\u011b ovl\u00e1dla pod &#8222;Horkou&#8220; kategorii juniorek a kadetek.<\/figcaption><\/figure>\n<p style=\"text-align: justify;\">Pravideln\u00fdm &#8222;double&#8220; p\u0159isp\u00edvaj\u00ed k na\u0161im zisk\u016fm star\u0161\u00ed \u017e\u00e1ci Tom\u00e1\u0161 Tlamka &#8222;Contador&#8220; a Honza &#8222;D\u017eony&#8220; \u0160indel\u00e1\u0159 a ani &#8222;Horka&#8220; nebyla v\u00fdjimkou&#8220;! A kdyby v\u00fdkon Kuby Tesa\u0159e nebyl ovlivn\u011bn nachlazen\u00edm, byl by uro &#8222;hattrick&#8220; pro MORAVEC v t\u00e9to kategorii zceka re\u00e1ln\u00fd! Toho jsme si ale v \u00fater\u00fd p\u0159esto &#8211; &#8222;de facto&#8220; &#8211; p\u0159ece jen u\u017eili po dojezdu z\u00e1vodu juniorek a kadetek. I kdy\u017e je Ad\u00e9la \u0160af\u00e1\u0159ov\u00e1 aktu\u00e1ln\u011b t\u00fdmov\u011b \u00a0p\u0159\u00edslu\u0161n\u00e1 mimo MORAVEC, m\u00e1me ji st\u00e1le jako za vlastn\u00ed a na jej\u00ed zlat\u00e9 &#8222;bedn\u011b&#8220; j\u00ed ud\u011blali &#8222;garde&#8220; st\u0159\u00edbrn\u00e1 Anna Zem\u00e1nkov\u00e1 s bronzovou Janou Tesa\u0159ovou! A &#8222;sestrovra\u017eedn\u00fd&#8220; boj o st\u0159\u00edbro mezi Annou a janou, kter\u00fd na c\u00edlov\u00e9 \u010d\u00e1\u0159e rozhodla \u0161\u00ed\u0159e galusky. byl pro div\u00e1ky jedn\u00edm z vrchol\u016f dne. Junbior Dominik Prudek ovl\u00e1dl stejnou kategori\u00ed chlapc\u016f, kdy\u017e kadet \u0160t\u011bp\u00e1n Stloukal s n\u00edm dok\u00e1zal dr\u017eet krok jen v prvn\u00ed polovin\u011b z\u00e1vodu. K repr\u00edze souboje ze Spe\u0161ova do\u0161lo pod &#8222;Horkou&#8220; v z\u00e1vod\u011b Masters II. Akor\u00e1t s opa\u010dn\u00fdm v\u00fdslekem, co se v\u00edt\u011bze t\u00fd\u010de&#8230; David Soukup tentokr\u00e1t o p\u00e1r vte\u0159inek dok\u00e1zal porazit Martina Gottwalda po souboji, kter\u00fd op\u011bt div\u00e1ky nadchnul!<\/p>\n<figure id=\"attachment_4820\" aria-describedby=\"caption-attachment-4820\" style=\"width: 960px\" class=\"wp-caption alignnone\"><a href=\"http:\/\/www.moravecteam.cz\/?attachment_id=4820\" rel=\"attachment wp-att-4820\"><img decoding=\"async\" loading=\"lazy\" class=\" wp-image-4820\" alt=\"P1100671\" src=\"http:\/\/www.moravecteam.cz\/wp-content\/uploads\/2016\/07\/P1100671.jpg\" width=\"960\" height=\"853\" srcset=\"https:\/\/www.moravecteam.cz\/wp-content\/uploads\/2016\/07\/P1100671.jpg 960w, https:\/\/www.moravecteam.cz\/wp-content\/uploads\/2016\/07\/P1100671-300x266.jpg 300w\" sizes=\"(max-width: 960px) 100vw, 960px\" \/><\/a><figcaption id=\"caption-attachment-4820\" class=\"wp-caption-text\">Nizozemsk\u00fd biker Floran Adams si pr\u00e1v\u011b s Petrem Koudelkou vym\u011b\u0148uje kontakt.<\/figcaption><\/figure>\n<p style=\"text-align: justify;\">Medailov\u011b bylo na\u0161e barvy hodn\u011b vid\u011bt i v z\u00e1vod\u011b \u0161tafet, kter\u00fdch se na start postavilo tentokr\u00e1t celkem \u0161est. &#8222;T\u00fdpky&#8220;, jejich\u017e kostru tvo\u0159\u00ed Anna Zem\u00e1nkov\u00e1 s Patrikem Kol\u00e1\u0159em tentokr\u00e1t doplnil borec z TOFO Otrokovice Filip Kulha a tato symbi\u00f3za vy\u00fastila ve zlatou medaili! A proto\u017ee &#8222;Domin\u00e1to\u0159i&#8220;, jejich\u017e oporami byli Dom\u010da Prudek s Tomem Tlamkou &#8222;Contadorem&#8220; (doplnila je spe\u0161ovsk\u00e1 Am\u00e1lka Gottwaldov\u00e1), brali st\u0159\u00edbro, m\u016f\u017eeme na nepsan\u00e9 &#8222;Kr\u00e1le Horky&#8220; pasovat Annu Zem\u00e1nkovou, Dominika Prudka a Tom\u00e1\u0161e Tlamku &#8222;Contadora&#8220;, kte\u0159\u00ed si z Bene\u0161ova odv\u00e1\u017e\u00ed hned dv\u011b cenn\u00e9 &#8222;placky&#8220; v lesku zlat\u00e9m a st\u0159\u00edbrn\u00e9m!<\/p>\n<ul>\n<li>Odr\u00e1\u017eedla &#8211;\u00a0<span style=\"color: #993300;\"><strong>3. Ja\u0148ula &#8211; Maru\u0161ka Lipensk\u00e1<\/strong><\/span><\/li>\n<li>D\u00edvky do 6 let &#8211; <span style=\"color: #993300;\"><strong>3. Maru\u0161ka Barto\u0161ov\u00e1<\/strong><\/span><\/li>\n<li>D\u00edvky 7-8 let &#8211;\u00a0<span style=\"color: #ff9900;\"><strong>1<\/strong>.<strong> Lucie Koudelkov\u00e1<\/strong><\/span><\/li>\n<li>Chlapci 7-8 let \u2013\u00a0<span style=\"color: #ff9900;\"><strong>1. Matou\u0161 Lipensk\u00fd<\/strong><\/span><\/li>\n<li>Star\u0161\u00ed \u017e\u00e1ci \u2013\u00a0<span style=\"color: #ff9900;\"><strong>1. Tom\u00e1\u0161 Tlamka \u201eContador\u201c<\/strong><\/span>,\u00a0<span style=\"color: #808080;\"><strong>2. Honza \u0160indel\u00e1\u0159<\/strong><\/span><\/li>\n<li>Juniorky, kadetky \u2013\u00a0<strong><span style=\"color: #ff9900;\">1.\u00a0Ad\u00e9la \u0160af\u00e1\u0159ov\u00e1<\/span>,\u00a0<span style=\"color: #808080;\">2.<\/span><\/strong><strong><span style=\"color: #808080;\"> Anna Zem\u00e1nkov\u00e1<\/span>, <span style=\"color: #993300;\">3. Jana Tesa\u0159ov\u00e1<\/span><\/strong>,<\/li>\n<li>Junio\u0159i, kadeti \u2013 <span style=\"color: #ff9900;\"><strong>1. Dominik Prudek<\/strong><\/span><\/li>\n<li>Mu\u017ei Masters II &#8211;\u00a0<span style=\"color: #ff9900;\"><strong>2. Martin Gottwald<\/strong><\/span><\/li>\n<li>\u0160tafety: 1. T\u00ddPCI (Filip Kulha, <strong><span style=\"color: #ff9900;\">Anna Zem\u00e1nkov\u00e1, Patrik Kol\u00e1\u0159<\/span><\/strong>), 2.\u00a0DOMIN\u00c1TO\u0158I (Am\u00e1lka Gottwaldov\u00e1<strong>, <span style=\"color: #808080;\">Tom\u00e1\u0161 Tlamka &#8222;Contador&#8220;, Dominik Prudek<\/span><\/strong>).<\/li>\n<\/ul>\n<p style=\"text-align: justify;\">Vrcholem dne pak byl bezesporu z\u00e1vod mu\u017e\u016f a v n\u011bm souboj Kozel &#8211; V\u00e1\u0148a &#8211; Videck\u00fd, kter\u00fd a\u017e v samotn\u00e9m z\u00e1v\u011bru pro sebe rozhodl letos skv\u011bl\u00fd Michal Kozel. Stejn\u011b tak zaz\u00e1\u0159il v z\u00e1vod\u011b Masters III oran\u017eov\u00fd zabij\u00e1k Martin \u0160\u00edma. Ten sice z po\u010d\u00e1tku z\u00e1vodu tahal za &#8222;krat\u0161\u00ed konec&#8220;, ale pak se do toho &#8222;op\u0159el&#8220; a po jasn\u00e9m v\u00edt\u011bzstv\u00ed nenechal nikoho na pochyb\u00e1ch o sv\u00fdch kvalit\u00e1ch! V\u0161echny pak pot\u011b\u0161ila osobn\u00ed p\u0159\u00edtomnost \u00fa\u0159aduj\u00edc\u00edho silni\u010dn\u00edho sv\u011btov\u00e9ho \u0161ampiona, Slov\u00e1ka Petera Sagana! By\u0165 byl v pr\u016fb\u011bhu cel\u00e9ho dne hodn\u011b zamlkl\u00fd, \u00fasm\u011bvy ne\u0161et\u0159il a ob\u010das na p\u0159\u00edtomn\u00e9 i nesm\u011ble pokynul!<\/p>\n<figure id=\"attachment_4821\" aria-describedby=\"caption-attachment-4821\" style=\"width: 1115px\" class=\"wp-caption alignnone\"><a href=\"http:\/\/www.moravecteam.cz\/?attachment_id=4821\" rel=\"attachment wp-att-4821\"><img decoding=\"async\" loading=\"lazy\" class=\" wp-image-4821\" alt=\"P1100504\" src=\"http:\/\/www.moravecteam.cz\/wp-content\/uploads\/2016\/07\/P1100504.jpg\" width=\"1115\" height=\"1244\" srcset=\"https:\/\/www.moravecteam.cz\/wp-content\/uploads\/2016\/07\/P1100504.jpg 1115w, https:\/\/www.moravecteam.cz\/wp-content\/uploads\/2016\/07\/P1100504-268x300.jpg 268w, https:\/\/www.moravecteam.cz\/wp-content\/uploads\/2016\/07\/P1100504-917x1024.jpg 917w\" sizes=\"(max-width: 1115px) 100vw, 1115px\" \/><\/a><figcaption id=\"caption-attachment-4821\" class=\"wp-caption-text\">Kr\u00e1l &#8222;Ukrajina Cupu&#8220; Kamil Koudelka. V p\u0159evleku za vietnamsk\u00e9ho st\u00e1tn\u00edho p\u0159\u00edslu\u0161n\u00edka dok\u00e1za na trati prov\u00e1d\u011bt neuv\u011b\u0159iteln\u00e9 kousky!<\/figcaption><\/figure>\n<p style=\"text-align: justify;\">Supr zpest\u0159en\u00edm pak byl &#8222;Z\u00e1vod&#8220; Ukrajina Cup, kdy tentokr\u00e1t ne\u0161lo o rychlostn\u00ed dojem, ale sp\u00ed\u0161 o ten um\u011bleck\u00fd. A jak jinak, ne\u017e \u017ee se stal v\u00edt\u011bzem zku\u010den\u00fd MORAVEC &#8211; Kamil Koudelka! Dal\u0161\u00edm prim\u00e1tem Bene\u0161ova byl start zahrani\u010dn\u00edho borce: v kategorii Masters II to zkusil Nizozemec Floran Adams a by\u0165 zvl\u00e1dl jen polovinu ze stanoven\u00e9 distance, byl akc\u00ed nad\u0161en a z Petrem Koudelkou s vym\u011bnili kontakty, proto\u017ee Floran te\u010f bude na Bene\u0161ov\u011b skoro bydlet! Zd\u00e1 se, \u017ee se pro MORAVEC r\u00fdsuje mezin\u00e1rodn\u00ed &#8222;kamar\u00e1d\u0161oft&#8220;! No a letos po prv\u00e9 jsme mohli p\u0159i vyhla\u0161ov\u00e1n\u00ed dosp\u011bl\u00fdch kategori\u00ed vid\u011bt nefal\u0161ovan\u00e9 &#8222;st\u0159\u00edkej&#8220;! Zvl\u00e1dl to skv\u011ble ze sv\u00e9 pozice v\u00edt\u011bze Martin \u0160\u00edma (kdo jin\u00fd?) a i M\u00ed\u0161a Kozel! Zkr\u00e1tka sv\u00e1te\u010dn\u00ed \u00fater\u00fd na Bene\u0161ov\u011b bylo op\u011bt nasyceno nejen slune\u010dn\u00edmi paprsky, ale spokojen\u00fdmi \u00fasmevy v\u0161ech akt\u00e9r\u016f. Nev\u011b\u0159\u00edte? Mrkn\u011bte na <strong><a href=\"http:\/\/moravecteam.rajce.idnes.cz\/2016.07.05._PDV_Benesov\/\">prvn\u00ed fotogalerii<\/a><\/strong> a taky na <strong><a href=\"http:\/\/moravecteam.rajce.idnes.cz\/2016.07.05._PDV_Benesov_2\/\">druhou fotogalerii<\/a><\/strong>&#8230; A taky na <strong><a href=\"http:\/\/www.pohardrahanskevrchoviny.cz\/cyril-metodej-michal\/\">v\u00fdsledky<\/a><\/strong>, kter\u00e9 budou k dispozici ur\u010do co nevid\u011bt&#8230;<\/p>\n<p style=\"text-align: justify;\">\n","protected":false},"excerpt":{"rendered":"<p>\u010cervenec je pro tuzemsk\u00e9 bikery m\u011bs\u00edcem vrcholu sez\u00f3ny.\u00a0V jeho z\u00e1v\u011bru fini\u0161uje nejen MTB \u010cesk\u00fd poh\u00e1r, ale hlavn\u011b se jede n\u00e1rodn\u00ed \u0161ampion\u00e1t biker\u016f, kter\u00fd letos pohost\u00ed\u00a0u\u017e bez m\u00e1la za \u010dtrn\u00e1ct dn\u016f Bed\u0159ichov u Jablonce. Hlavn\u011b k tomuto vrcholu sm\u011b\u0159uje p\u0159\u00edprava renomovan\u00fdch bikov\u00fdch team\u016f, MORAVEC nevyj\u00edmaje. Osm\u00fd z\u00e1vod MTB Poh\u00e1ru Drahansk\u00e9 vrchoviny, kter\u00fd o sv\u00e1te\u010dn\u00edm \u00faterku pohostil &hellip; <a href=\"https:\/\/www.moravecteam.cz\/?p=4810\" class=\"more-link\">Pokra\u010dov\u00e1n\u00ed textu <span class=\"screen-reader-text\">I &#8222;Horka&#8220; n\u00e1m sv\u011bd\u010dila!<\/span> <span class=\"meta-nav\">&rarr;<\/span><\/a><\/p>\n","protected":false},"author":3,"featured_media":4817,"comment_status":"open","ping_status":"closed","sticky":false,"template":"","format":"standard","meta":[],"categories":[1],"tags":[],"_links":{"self":[{"href":"https:\/\/www.moravecteam.cz\/index.php?rest_route=\/wp\/v2\/posts\/4810"}],"collection":[{"href":"https:\/\/www.moravecteam.cz\/index.php?rest_route=\/wp\/v2\/posts"}],"about":[{"href":"https:\/\/www.moravecteam.cz\/index.php?rest_route=\/wp\/v2\/types\/post"}],"author":[{"embeddable":true,"href":"https:\/\/www.moravecteam.cz\/index.php?rest_route=\/wp\/v2\/users\/3"}],"replies":[{"embeddable":true,"href":"https:\/\/www.moravecteam.cz\/index.php?rest_route=%2Fwp%2Fv2%2Fcomments&post=4810"}],"version-history":[{"count":9,"href":"https:\/\/www.moravecteam.cz\/index.php?rest_route=\/wp\/v2\/posts\/4810\/revisions"}],"predecessor-version":[{"id":4847,"href":"https:\/\/www.moravecteam.cz\/index.php?rest_route=\/wp\/v2\/posts\/4810\/revisions\/4847"}],"wp:featuredmedia":[{"embeddable":true,"href":"https:\/\/www.moravecteam.cz\/index.php?rest_route=\/wp\/v2\/media\/4817"}],"wp:attachment":[{"href":"https:\/\/www.moravecteam.cz\/index.php?rest_route=%2Fwp%2Fv2%2Fmedia&parent=4810"}],"wp:term":[{"taxonomy":"category","embeddable":true,"href":"https:\/\/www.moravecteam.cz\/index.php?rest_route=%2Fwp%2Fv2%2Fcategories&post=4810"},{"taxonomy":"post_tag","embeddable":true,"href":"https:\/\/www.moravecteam.cz\/index.php?rest_route=%2Fwp%2Fv2%2Ftags&post=4810"}],"curies":[{"name":"wp","href":"https:\/\/api.w.org\/{rel}","templated":true}]}}