{"id":4824,"date":"2016-07-11T22:09:45","date_gmt":"2016-07-11T20:09:45","guid":{"rendered":"http:\/\/www.moravecteam.cz\/?p=4824"},"modified":"2016-07-12T21:38:10","modified_gmt":"2016-07-12T19:38:10","slug":"zavod-z-plne-pripravy","status":"publish","type":"post","link":"https:\/\/www.moravecteam.cz\/?p=4824","title":{"rendered":"Z\u00e1vod z pln\u00e9 p\u0159\u00edpravy&#8230;"},"content":{"rendered":"<p style=\"text-align: justify;\"><span style=\"color: #800000;\"><strong>Bikersk\u00e1 sez\u00f3na sp\u011bje rychle ke sv\u00e9mu vrcholu. V\u017edy\u0165 u\u017e za \u010dtrn\u00e1ct dn\u00ed budeme zn\u00e1t z Bed\u0159ichova v\u0161echny n\u00e1rodn\u00ed \u0161ampi\u00f3ny cyklo v MTB disciplin\u011b. Aby MORAVCI, jak u\u017e se z minul\u00fdch let stalo tradic\u00ed, na &#8222;mistr\u00e1ku&#8220; hodn\u011b tvrdili muziku, byla p\u0159edem stanovena posloupnost p\u0159\u00edpravy tak, aby na\u0161im forma kulminovala pr\u00e1v\u011b v den &#8222;D&#8220;, kter\u00fdm bude p\u00e1tek 22.7., sobota 23.7. a ned\u011ble 24.7. V souladu s &#8222;f\u00e1rpl\u00e1nem&#8220; na tento vrchol sez\u00f3ny odjel v\u00fdb\u011br MORAVEC Teamu bezprost\u0159edn\u011b po z\u00e1vod\u011b &#8222;Vrchoviny&#8220; v Bene\u0161ov\u011b na soust\u0159ed\u011bn\u00ed, \u00a0v r\u00e1mci n\u011bho\u017e na\u0161i TOP borci a borky &#8222;odsko\u010dili&#8220; zaz\u00e1vodit si do B\u0159ezov\u00e9 nad Svitavou, kde leto\u0161n\u00ed druhou \u010dervencovou sobotu pokra\u010dovala &#8222;Vrchovina&#8220; u\u017e dev\u00e1t\u00fdm z\u00e1vodem.\u00a0<\/strong><\/span><\/p>\n<figure id=\"attachment_4833\" aria-describedby=\"caption-attachment-4833\" style=\"width: 1478px\" class=\"wp-caption alignnone\"><a href=\"http:\/\/www.moravecteam.cz\/?attachment_id=4833\" rel=\"attachment wp-att-4833\"><img decoding=\"async\" loading=\"lazy\" class=\" wp-image-4833\" alt=\"OLYMPUS DIGITAL CAMERA\" src=\"http:\/\/www.moravecteam.cz\/wp-content\/uploads\/2016\/07\/P1010164.jpg\" width=\"1478\" height=\"1211\" srcset=\"https:\/\/www.moravecteam.cz\/wp-content\/uploads\/2016\/07\/P1010164.jpg 1478w, https:\/\/www.moravecteam.cz\/wp-content\/uploads\/2016\/07\/P1010164-300x245.jpg 300w, https:\/\/www.moravecteam.cz\/wp-content\/uploads\/2016\/07\/P1010164-1024x839.jpg 1024w\" sizes=\"(max-width: 1478px) 100vw, 1478px\" \/><\/a><figcaption id=\"caption-attachment-4833\" class=\"wp-caption-text\">Odm\u011bna za poctivou pr\u00e1ci! V\u00ed\u0165a Lipensk\u00fd zajel v B\u0159ezov\u00e9 v\u00fdborn\u011b a st\u0159\u00edbrnou medaili si z rukou starosty obce p. Ad\u00e1mka ur\u010dit\u011b zaslou\u017eil!<\/figcaption><\/figure>\n<p style=\"text-align: justify;\">Na to, \u017ee tento z\u00e1vod absolvovali na\u0161i elitn\u00ed &#8222;snajp\u0159i&#8220; z pln\u00e9 p\u0159\u00edpravy, jsou jejich v\u00fdsledky z b\u0159ezovsk\u00e9 rokle vskutku pozoruhodn\u00e9! P\u011bt vybojovan\u00fdch medail\u00ed (po dvou zalt\u00fdch, st\u0159\u00edbrn\u00fdch a jedn\u00e9 bronzov\u00e9) je toho d\u016fkazem, p\u0159i\u010dem\u017e celkov\u00fd sum\u00e1\u0159 cel\u00e9ho MORAVEC Teamu \u010d\u00edt\u00e1 dokonce 14 &#8222;tref do \u010dern\u00e9ho&#8220; (p\u011bt zlat\u00fdch, \u010dty\u0159i st\u0159\u00edbrn\u00e9 a p\u011bt bronzov\u00fdch medail\u00ed)!<\/p>\n<figure id=\"attachment_4834\" aria-describedby=\"caption-attachment-4834\" style=\"width: 1191px\" class=\"wp-caption alignnone\"><a href=\"http:\/\/www.moravecteam.cz\/?attachment_id=4834\" rel=\"attachment wp-att-4834\"><img decoding=\"async\" loading=\"lazy\" class=\" wp-image-4834\" alt=\"P1070519\" src=\"http:\/\/www.moravecteam.cz\/wp-content\/uploads\/2016\/07\/P1070519.jpg\" width=\"1191\" height=\"1204\" srcset=\"https:\/\/www.moravecteam.cz\/wp-content\/uploads\/2016\/07\/P1070519.jpg 1191w, https:\/\/www.moravecteam.cz\/wp-content\/uploads\/2016\/07\/P1070519-25x25.jpg 25w, https:\/\/www.moravecteam.cz\/wp-content\/uploads\/2016\/07\/P1070519-296x300.jpg 296w, https:\/\/www.moravecteam.cz\/wp-content\/uploads\/2016\/07\/P1070519-1012x1024.jpg 1012w\" sizes=\"(max-width: 1191px) 100vw, 1191px\" \/><\/a><figcaption id=\"caption-attachment-4834\" class=\"wp-caption-text\">Maty\u00e1\u0161 Koudelka ve sjezdu do prostoru startu a c\u00edle. I on se po v\u00fdborn\u00e9 j\u00edzd\u011b mohl radovat ze st\u0159\u00edbrn\u00e9 placky!<\/figcaption><\/figure>\n<p style=\"text-align: justify;\">V\u00fdsledky bronzov\u00e9 Jany Lipensk\u00e9 a zlat\u00fdch Lucinky Koudelkov\u00e9 s Matou\u0161em Lipensk\u00fdm\u00a0jsou jako p\u0159es kop\u00edr\u00e1k identick\u00e9 s t\u011bmi z Bene\u0161ova. Ov\u0161em st\u0159\u00edbro Maty\u00e1\u0161ka Koudelky a V\u00edtka Lipensk\u00e9ho je pro oba oproti minul\u00fdm z\u00e1vod\u016fm velice cenn\u00fdm posunem! Bravo kluci! V z\u00e1vod\u011b star\u0161\u00edch \u017e\u00e1ky\u0148 vyrazila do boje op\u011bt i Krist\u00fdna Kol\u00e1\u0159ov\u00e1 a i kdy\u017e si dlouhou brousila zuby na st\u0159\u00edbrnou &#8222;placku&#8220; i c\u00edlov\u00fd bronz m\u00e1 vysokou cenu! K pro n\u00e1s radostn\u00fdm v\u00fdsledk\u016fm dal\u0161\u00edch kategorie m\u016f\u017eeme t\u00e9\u017e doplnit p\u0159\u00edvlastek &#8222;kop\u00edr\u00e1kov\u00e1&#8220;&#8230; Stejn\u011b jeko na Bene\u0161ov\u011b brali i v b\u0159ezov\u00e9 \u00a0&#8222;double&#8220; star\u0161\u00ed \u017e\u00e1ci Tom\u00e1\u0161 Tlamka &#8222;Contador&#8220;\u00a0 s Honzou &#8222;D\u017eony&#8220; \u0160indel\u00e1\u0159em! Jen m\u00e1lo se od Bene\u0161ova odli\u0161ilo v B\u0159ezov\u00e9 \u00a0trio juniorek a kadetek v sestav\u011b Ad\u00e9la \u0160af\u00e1\u0159ov\u00e1, Eva Zem\u00e1nkov\u00e1 a Jana Tesa\u0159ov\u00e1. V\u00fdsledkov\u011b se holky seskupili skoro podle bene\u0161ovsk\u00e9ho vzoru, Jen Jana &#8222;D\u017eejn&#8220; Tesa\u0159ov\u00e1 si tentokr\u00e1t dojela pro nepopul\u00e1rn\u00ed &#8222;bramboru&#8220;&#8230; Medailov\u00fd sum\u00e1\u0159 MORAVEC Teamu z b\u0159ezovsk\u00e9 rokle je tedy tentok:<\/p>\n<ul>\n<li>Odr\u00e1\u017eedla &#8211;\u00a0<span style=\"color: #993300;\"><strong>3. Ja\u0148ula &#8211; Maru\u0161ka Lipensk\u00e1<\/strong><\/span><\/li>\n<li>D\u00edvky 7-8 let &#8211;\u00a0<strong><span style=\"color: #ff6600;\">1.\u00a0Lucie Koudelkov\u00e1<\/span><\/strong><\/li>\n<li>Chlapci 7-8 let \u2013\u00a0<strong><span style=\"color: #ff6600;\">1. Matou\u0161 Lipensk\u00fd<\/span><\/strong><\/li>\n<li>Chlapci 9-10 let &#8211;<span style=\"color: #808080;\"> <strong>2. Maty\u00e1\u0161 Koudelka<\/strong><\/span><\/li>\n<li>Chlapci 11-12 let &#8211;<span style=\"color: #808080;\"><strong> 2. V\u00edt Lipensk\u00fd<\/strong><\/span><\/li>\n<li>Star\u0161\u00ed \u017e\u00e1ci \u2013\u00a0<span style=\"color: #ff6600;\"><strong>1. Tom\u00e1\u0161 Tlamka \u201eContador\u201c<\/strong><\/span>,\u00a0<strong><span style=\"color: #808080;\">2. Honza &#8222;D\u017eony&#8220; \u0160indel\u00e1\u0159<\/span><\/strong><\/li>\n<li>Star\u0161\u00ed \u017e\u00e1kyn\u011b &#8211; <span style=\"color: #993300;\"><strong>3. Krist\u00fdna Kol\u00e1\u0159ov\u00e1<\/strong><\/span><\/li>\n<li>Juniorky, kadetky \u2013\u00a0<span style=\"color: #ff6600;\"><strong>1.\u00a0Ad\u00e9la \u0160af\u00e1\u0159ov\u00e1<\/strong><\/span>,<strong><span style=\"color: #808080;\">\u00a02.\u00a0Anna Zem\u00e1nkov\u00e1<\/span><\/strong><\/li>\n<li>Junio\u0159i, kadeti \u2013\u00a0<span style=\"color: #ff6600;\"><strong>1. Dominik Prudek, <span style=\"color: #993300;\">3. Karel Vinick\u00fd<\/span><\/strong><\/span><\/li>\n<li>Mu\u017ei Masters II &#8211;\u00a0<strong><span style=\"color: #993300;\">3. Honza \u0160indel\u00e1\u0159<\/span><\/strong><\/li>\n<li>Mu\u017ei Masters III &#8211; <strong><span style=\"color: #993300;\">3. V\u00ed\u0165a Prudek<\/span><\/strong><\/li>\n<li>\u0160tafety: 1. BOB\u00cdCI (Dominika Bezd\u00ed\u010dkov\u00e1, <span style=\"color: #ff6600;\"><strong>Tom\u00e1\u0161 Tlamka &#8222;Contador&#8220;<\/strong><\/span>, <strong><span style=\"color: #ff6600;\">Dominik Prudek<\/span><\/strong>), 2. MORAVEC (Nikol Brad\u00e1\u010dov\u00e1, <strong><span style=\"color: #808080;\">Honza &#8222;D\u017eony&#8220;<\/span> <span style=\"color: #808080;\">\u0160indel\u00e1\u0159<\/span><\/strong>, <span style=\"color: #808080;\"><strong>Patrik Kol\u00e1\u0159<\/strong><\/span>).<\/li>\n<\/ul>\n<figure id=\"attachment_4837\" aria-describedby=\"caption-attachment-4837\" style=\"width: 691px\" class=\"wp-caption alignnone\"><a href=\"http:\/\/www.moravecteam.cz\/?attachment_id=4837\" rel=\"attachment wp-att-4837\"><img decoding=\"async\" loading=\"lazy\" class=\" wp-image-4837\" alt=\"P1070694\" src=\"http:\/\/www.moravecteam.cz\/wp-content\/uploads\/2016\/07\/P1070694.jpg\" width=\"691\" height=\"724\" srcset=\"https:\/\/www.moravecteam.cz\/wp-content\/uploads\/2016\/07\/P1070694.jpg 691w, https:\/\/www.moravecteam.cz\/wp-content\/uploads\/2016\/07\/P1070694-25x25.jpg 25w, https:\/\/www.moravecteam.cz\/wp-content\/uploads\/2016\/07\/P1070694-286x300.jpg 286w\" sizes=\"(max-width: 691px) 100vw, 691px\" \/><\/a><figcaption id=\"caption-attachment-4837\" class=\"wp-caption-text\">Junior Vojta Lepka v\u00fdkonnostn\u011b roste z\u00e1vod od z\u00e1vodu. Tuto skute\u010dnost potvrdil i v B\u0159ezov\u00e9!<\/figcaption><\/figure>\n<p style=\"text-align: justify;\"><span style=\"text-align: justify; line-height: 1.5;\">Par\u00e1dn\u00ed bitvu jsme sledovali v popoledn\u00edm startu kategorie junior\u016f a kadet\u016f. Zprvu to vypadalo na jasnou spanilou j\u00edzdu Dominika Prudka, ale defekt jeho pneu v\u0161e zdranatizoval a do \u010dela z\u00e1vodu se tak prosadil Jan \u0160m\u00edda (Drahansk\u00fd Sportt\u00fdm). Klobouk dol\u016f p\u0159ed rychlou reakc\u00ed &#8222;mecho\u0161\u016f&#8220; MORAVCE, kte\u0159\u00ed Dom\u010dovi velmi vyst pomohli a ten se zakr\u00e1tko vr\u00e1til do \u010dela z\u00e1vodu, kde ji\u017e neohro\u017een\u011b setrval a\u017e do fini\u0161e. Bitvu o st\u0159\u00edbro pak svedl s Janem \u0160m\u00eddou n\u00e1\u0161 Karel Vinick\u00fd, ale podobn\u011b jako ve \u017d\u010f\u00e1rn\u00e9 i v B\u0159ezov\u00e9 se to K\u00e1ja t\u011bsn\u011b nestihl. Ka\u017edop\u00e1dn\u011b v z\u00e1vod\u011b t\u00e9to kategorie se bylo na co d\u00edvat.Stejn\u011b jako v z\u00e1vod\u011b mu\u017e\u016f ELITE. Suver\u00e9n posledn\u00edch \u010dty\u0159 velk\u00fdch cen, Michal Kozel m\u011bl soupe\u0159e nejen v Romanu Kubicem, ale i v nov\u00e9 tv\u00e1\u0159i na trat\u00edch &#8222;Vrchoviny&#8220; &#8211; Viktoru Klosovi. Jak u\u017e je letos Michalov\u00fdm zvykem, v posledn\u00edm kole sv\u00e9 soky set\u0159\u00e1sl a dojel si v B\u0159ezov\u00e9 pro p\u00e1t\u00e9 v\u00edt\u011bzstv\u00ed v \u0159ad\u011b! Pochv\u00e1lit mus\u00edme i dva na\u0161e borce v kategorii Masters. P\u0159i ne\u00fa\u010dasti Martina Gottwalda h\u00e1jil ve veter\u00e1nech &#8222;dvojka\u0159\u00edch&#8220; na\u0161e barvy velmi zdatn\u011b Honza \u0160indel\u00e1\u0159 a i pro V\u00edti Prudka je n\u00e1vrat na &#8222;bednu&#8220; ve veter\u00e1nech &#8222;trojka\u0159\u00edch&#8220; ur\u010dit\u011b povzbuzen\u00edm! Jeho v\u00fdsledek je o to cenn\u011bj\u0161\u00ed, vezmeme-li v potaz, \u017ee n\u00e1\u0161 tren\u00e9r jel z\u00e1vod limitov\u00e1n lehk\u00fdm zran\u011bn\u00edm zad. Zb\u00fdv\u00e1 doplnit, \u017ee \u010dty\u0159i z MORAVC\u016e se medailov\u011b prosadili i v z\u00e1vod\u011b \u0161tafet, kter\u00fd ovl\u00e1dlo trio BOB\u00cdK\u016e, kdy\u017e na\u0161e duo Tom\u00e1\u0161 Tlamka &#8222;Contador&#8220; &#8211; Dominik Prudek doplnila talentovan\u00e1 Dominika Bezd\u00ed\u010dkov\u00e1 z Road Cross Team Blansko. A pr\u00e1v\u011b tito t\u0159i jenovan\u00ed se staly nepsan\u00fdmi Kr\u00e1li a Kr\u00e1lovnou sobotn\u00ed b\u0159ezovsk\u00e9 rokle: v\u017edy\u0165 ke zlato ze \u0161atafety p\u0159ipojili ke zlat\u00fdm medail\u00edm, kter\u00e9 vybojovali co by jasn\u00ed v\u00edt\u011bzov\u00e9 sv\u00fdch kategori\u00ed!<\/span><\/p>\n<figure id=\"attachment_4836\" aria-describedby=\"caption-attachment-4836\" style=\"width: 511px\" class=\"wp-caption alignnone\"><a href=\"http:\/\/www.moravecteam.cz\/?attachment_id=4836\" rel=\"attachment wp-att-4836\"><img decoding=\"async\" loading=\"lazy\" class=\" wp-image-4836\" alt=\"P1070588\" src=\"http:\/\/www.moravecteam.cz\/wp-content\/uploads\/2016\/07\/P1070588.jpg\" width=\"511\" height=\"555\" srcset=\"https:\/\/www.moravecteam.cz\/wp-content\/uploads\/2016\/07\/P1070588.jpg 511w, https:\/\/www.moravecteam.cz\/wp-content\/uploads\/2016\/07\/P1070588-276x300.jpg 276w\" sizes=\"(max-width: 511px) 100vw, 511px\" \/><\/a><figcaption id=\"caption-attachment-4836\" class=\"wp-caption-text\">R\u00e1di jsme na startu op\u011bt uvid\u011bli znojema\u010dku V\u011brku Nezvedovou. V B\u0159ezov\u00e9 uk\u00e1zala, \u017ee ze sv\u00e9ho bikersk\u00e9ho kum\u0161tu nic neztratila!<\/figcaption><\/figure>\n<p style=\"text-align: justify;\">\u017de jsou letos MORAVCI st\u00e1l\u00fdmi hosty na stupn\u00edch v\u00edt\u011bz\u016f MTB z\u00e1vod\u016f v\u0161eho druhu, B\u0159ezov\u00e1 jenom potvrdila! B\u0159ezovou skon\u010dil \u010dty\u0159blok z\u00e1vod\u016f &#8222;Vrchoviny&#8220; s t\u00fdden\u00ed &#8222;kadenc\u00ed&#8220;, seri\u00e1l si nyn\u00ed d\u00e1v\u00e1 m\u011bs\u00ed\u010dn\u00ed pauzu neb vyvrchol\u00ed n\u00e1rodn\u00ed MTB poh\u00e1r a p\u0159edposledn\u00ed \u010dervencov\u00fd v\u00edkend se jede v Bed\u0159ichov\u011b ji\u017e v\u00fd\u0161e zm\u00edn\u011bn\u00e9 n\u00e1rodn\u00ed mistrovstv\u00ed. MORAVCI budou p\u0159i tom a jejich projev ze z\u00e1vod\u016f &#8222;Vrchoviny&#8220; nazna\u010duje, \u017ee na vrcholy sez\u00f3ny m\u016f\u017eeme op\u011bt pohl\u00ed\u017eet s opatrn\u00fdm, nicm\u00e9n\u011b zcela legitimn\u00edm optimismem! Zde omrkn\u011bte <strong><a href=\"http:\/\/moravecteam.rajce.idnes.cz\/2016.07.09._PDV_Brezova_nad_Svitavou\/\">fotogalerii \u010d.1<\/a><\/strong> a nenajdete-li se tam, tak mrkn\u011bte i na <strong><a href=\"http:\/\/moravecteam.rajce.idnes.cz\/2016.07.09._PDV_Brezova_nad_Svitavou_2\/\">fotogalerii \u010d.2<\/a>, <\/strong>no a kdyby jste se nana\u0161li ani zde, tak mrkn\u011bte na <strong><a href=\"http:\/\/cefra.rajce.idnes.cz\/PDV_-_Pohar_Drahanske_Vrchoviny_9_-_Brezova_nad_Svitavou_-_9._7._2016\/\">fotogalerii \u010d.3<\/a><\/strong>&#8230;\u00a0No a <strong><a href=\"http:\/\/www.pohardrahanskevrchoviny.cz\/\">v\u00fdsledkov\u00fd servis<\/a><\/strong>\u00a0bude taky ur\u010do k prostudov\u00e1n\u00ed co nevid\u011bt&#8230;<\/p>\n","protected":false},"excerpt":{"rendered":"<p>Bikersk\u00e1 sez\u00f3na sp\u011bje rychle ke sv\u00e9mu vrcholu. V\u017edy\u0165 u\u017e za \u010dtrn\u00e1ct dn\u00ed budeme zn\u00e1t z Bed\u0159ichova v\u0161echny n\u00e1rodn\u00ed \u0161ampi\u00f3ny cyklo v MTB disciplin\u011b. Aby MORAVCI, jak u\u017e se z minul\u00fdch let stalo tradic\u00ed, na &#8222;mistr\u00e1ku&#8220; hodn\u011b tvrdili muziku, byla p\u0159edem stanovena posloupnost p\u0159\u00edpravy tak, aby na\u0161im forma kulminovala pr\u00e1v\u011b v den &#8222;D&#8220;, kter\u00fdm bude p\u00e1tek &hellip; <a href=\"https:\/\/www.moravecteam.cz\/?p=4824\" class=\"more-link\">Pokra\u010dov\u00e1n\u00ed textu <span class=\"screen-reader-text\">Z\u00e1vod z pln\u00e9 p\u0159\u00edpravy&#8230;<\/span> <span class=\"meta-nav\">&rarr;<\/span><\/a><\/p>\n","protected":false},"author":3,"featured_media":4832,"comment_status":"open","ping_status":"closed","sticky":false,"template":"","format":"standard","meta":[],"categories":[1],"tags":[],"_links":{"self":[{"href":"https:\/\/www.moravecteam.cz\/index.php?rest_route=\/wp\/v2\/posts\/4824"}],"collection":[{"href":"https:\/\/www.moravecteam.cz\/index.php?rest_route=\/wp\/v2\/posts"}],"about":[{"href":"https:\/\/www.moravecteam.cz\/index.php?rest_route=\/wp\/v2\/types\/post"}],"author":[{"embeddable":true,"href":"https:\/\/www.moravecteam.cz\/index.php?rest_route=\/wp\/v2\/users\/3"}],"replies":[{"embeddable":true,"href":"https:\/\/www.moravecteam.cz\/index.php?rest_route=%2Fwp%2Fv2%2Fcomments&post=4824"}],"version-history":[{"count":12,"href":"https:\/\/www.moravecteam.cz\/index.php?rest_route=\/wp\/v2\/posts\/4824\/revisions"}],"predecessor-version":[{"id":4846,"href":"https:\/\/www.moravecteam.cz\/index.php?rest_route=\/wp\/v2\/posts\/4824\/revisions\/4846"}],"wp:featuredmedia":[{"embeddable":true,"href":"https:\/\/www.moravecteam.cz\/index.php?rest_route=\/wp\/v2\/media\/4832"}],"wp:attachment":[{"href":"https:\/\/www.moravecteam.cz\/index.php?rest_route=%2Fwp%2Fv2%2Fmedia&parent=4824"}],"wp:term":[{"taxonomy":"category","embeddable":true,"href":"https:\/\/www.moravecteam.cz\/index.php?rest_route=%2Fwp%2Fv2%2Fcategories&post=4824"},{"taxonomy":"post_tag","embeddable":true,"href":"https:\/\/www.moravecteam.cz\/index.php?rest_route=%2Fwp%2Fv2%2Ftags&post=4824"}],"curies":[{"name":"wp","href":"https:\/\/api.w.org\/{rel}","templated":true}]}}