{"id":4848,"date":"2016-07-19T23:56:21","date_gmt":"2016-07-19T21:56:21","guid":{"rendered":"http:\/\/www.moravecteam.cz\/?p=4848"},"modified":"2016-07-20T00:25:34","modified_gmt":"2016-07-19T22:25:34","slug":"kemp-2016","status":"publish","type":"post","link":"https:\/\/www.moravecteam.cz\/?p=4848","title":{"rendered":"Kemp 2016"},"content":{"rendered":"<p style=\"text-align: justify;\"><strong><span style=\"color: #800000;\">Tradi\u010dn\u00ed odd\u00edlov\u00e9 putov\u00e1n\u00ed z\u016fst\u00e1v\u00e1 letos tak trochu ve st\u00ednu z\u00e1vodn\u00edch aktivit, nicm\u00e9n\u011b akce se p\u0159ipravuje a c\u00edlovou destinac\u00ed bude oblast ji\u017en\u00ed Moravy &#8211; konkr\u00e9tn\u011b P\u00e1lava. Invaze do tohoto, MORAVCEM doposud nedot\u010den\u00e9ho teritoria m\u00e1 volac\u00ed znak URAL.<\/span><\/strong><\/p>\n<figure id=\"attachment_4852\" aria-describedby=\"caption-attachment-4852\" style=\"width: 595px\" class=\"wp-caption alignnone\"><a href=\"http:\/\/www.moravecteam.cz\/?attachment_id=4852\" rel=\"attachment wp-att-4852\"><img decoding=\"async\" loading=\"lazy\" class=\" wp-image-4852\" alt=\"1024px-Mikulov_-_Svaty_kopecek_u_Mikulova\" src=\"http:\/\/www.moravecteam.cz\/wp-content\/uploads\/2016\/07\/1024px-Mikulov_-_Svaty_kopecek_u_Mikulova.jpg\" width=\"595\" height=\"515\" srcset=\"https:\/\/www.moravecteam.cz\/wp-content\/uploads\/2016\/07\/1024px-Mikulov_-_Svaty_kopecek_u_Mikulova.jpg 595w, https:\/\/www.moravecteam.cz\/wp-content\/uploads\/2016\/07\/1024px-Mikulov_-_Svaty_kopecek_u_Mikulova-300x259.jpg 300w\" sizes=\"(max-width: 595px) 100vw, 595px\" \/><\/a><figcaption id=\"caption-attachment-4852\" class=\"wp-caption-text\">Zde jsme u\u017e byli. V r\u00e1mci kempu 2012, kdy jsme z\u00e1kladnu m\u011bli v Lednici. Na obr\u00e1zku je Sv. kope\u010dek nad Mikulovem.<\/figcaption><\/figure>\n<h5 style=\"text-align: justify;\"><span style=\"color: #800000;\">Info \u010d.2 &#8211; &#8222;M\u00e1m jedin\u00fd c\u00edl&#8230;<\/span><\/h5>\n<p style=\"text-align: justify;\">&#8230;a p\u0159ede mnou je P\u00e1lava! U\u017e od Brna jsem jako na trn\u00ed&#8230;&#8220; Tak zp\u00edv\u00e1 \u010desk\u00e1 rock-popov\u00e1 jedni\u010dka, skupina Chinaski a navozuje t\u00edmto atmosf\u00e9ru a teritorium na\u0161eho leto\u0161n\u00edho kempov\u00e9ho dobrodru\u017estv\u00ed&#8230; Riskantn\u00ed pr\u016fzkumn\u00e1 cesta (<strong><a href=\"http:\/\/moravecteam.rajce.idnes.cz\/2016.07.19._Pruzkum_trasy_kempu_Zidlochovice_-_Rakvice\/\">zde je komentovan\u00e1 fotogalerie<\/a><\/strong>) prob\u011bhla podle pl\u00e1nu v \u00fater\u00fd, 19. \u010dervence a oba st\u00edha\u010di se po spln\u011bn\u00ed \u00fakolu vr\u00e1tili v po\u0159\u00e1dku na sv\u00e9 mate\u0159sk\u00e9 z\u00e1kladny s &#8211; pro V\u00e1s, kte\u0159\u00ed do toho letos s n\u00e1mi p\u016fjdou &#8211; t\u011bmito d\u016fle\u017eit\u00fdmi informacemi:<\/p>\n<ul>\n<li style=\"text-align: justify;\">&#8230;&#8220;na trn\u00ed&#8220; nebudeme od Brna, ale od \u017dab\u010dic, od parkovi\u0161t\u011b u m\u00edstn\u00edho koupali\u0161t\u011b, kam se p\u0159eprav\u00edme invazn\u00edmi vozidly podle pl\u00e1nu v <span style=\"text-decoration: underline;\">\u00fater\u00fd 26. \u010dervence na 10.00 hodin<\/span>. <strong><span style=\"color: #800000;\">Kdo m\u00e1te mo\u017enost si p\u0159epravu s Va\u0161imi bycikly na se\u0159adi\u0161t\u011b zajistit, dejte mi co nejd\u0159\u00edve v\u011bd\u011bt, abychom mohli \u0159e\u0161it pouze ty \u00fa\u010dastn\u00edky z\u00e1jezdu, kte\u0159\u00ed tuto mo\u017enost nemaj\u00ed.<\/span><\/strong><\/li>\n<li style=\"text-align: justify;\">Trasa je ov\u011b\u0159en\u00e1 a je dlouh\u00e1 do c\u00edlov\u00e9ho prostoru, vesnice Rakvice, penzion JANAMI <strong><span style=\"color: #800000;\">32,9 km<\/span><\/strong>, podrobn\u011b V\u00e1m ji pop\u00ed\u0161i a uk\u00e1\u017ei, p\u0159edev\u0161\u00edm co se v\u00fd\u0161kov\u00e9ho profilu t\u00fd\u010de, co nejd\u0159\u00edve, v r\u00e1mci &#8222;Info \u010d.3&#8220;.<\/li>\n<li style=\"text-align: justify;\">Na cest\u011b tam <strong><span style=\"color: #800000;\">budeme ob\u011bdvat v Hustpe\u010d\u00edch v restauraci &#8222;U Halm\u016f&#8220;, cena ob\u011bda 75.- K\u010d (pol\u00e9vka v\u010detn\u011b).<\/span><\/strong><\/li>\n<li style=\"text-align: justify;\">Ve\u010de\u0159e bude v den p\u0159\u00edjezdu, v \u00fater\u00fd, u\u017e v penzionu JANAMI, stejn\u011b jako po oba dal\u0161\u00ed dny (st\u0159eda, \u010dtvrtek), \u00a0d\u00e1le zde budeme 3x sn\u00eddat (st\u0159eda, \u010dtvrtek, p\u00e1tek) <strong><span style=\"color: #800000;\">Cena za sn\u00eddani a ve\u010de\u0159i &#8211; 130,- K\u010d \/ osibu, nocleh ve \u010dty\u0159l\u016f\u017ekov\u00fdch pokoj\u00edch n\u00e1s bude st\u00e1t 270.- K\u010d \/ osoba \/ noc.<\/span><\/strong> <span style=\"text-decoration: underline;\">Noclehy d\u011btem, tak jako v minulosti, uhrad\u00ed odd\u00edl.\u00a0<\/span><\/li>\n<li style=\"text-align: justify;\">Ob\u011bdy ve st\u0159edu a ve \u010dtvrtek vy\u0159e\u0161\u00edme na na\u0161ich spole\u010dn\u00fdch v\u00fdletech, na kter\u00fdch se dohodneme a\u017e na m\u00edst\u011b podle kondice \u00fa\u010dastn\u00edk\u016f a podle po\u010das\u00ed.<\/li>\n<li style=\"text-align: justify;\">Proto\u017ee se n\u00e1m do sestavy state\u010dn\u00fdch letos vr\u00e1tiliy k na\u0161\u00ed velk\u00e9 radosti mal\u00e9 d\u011bti, pros\u00edm dosp\u011bl\u00e9 \u00fa\u010dastn\u00edky, aby se p\u0159ipravili na to, \u017ee po v\u0161ech str\u00e1nk\u00e1ch\u00a0<span style=\"color: #800000;\"><strong><span style=\"text-decoration: underline;\"><span style=\"text-decoration: underline;\">bude na\u0161e leto\u0161n\u00ed kempov\u00e1n\u00ed pod\u0159\u00edzeno v\u00fdhradn\u011b jim! <\/span><\/span><\/strong><span style=\"color: #000000;\">Aktu\u00e1ln\u011b je n\u00e1s 27, z toho mal\u00fdch d\u011bt\u00ed 12!<\/span><br \/>\n<\/span><\/li>\n<\/ul>\n<figure id=\"attachment_4932\" aria-describedby=\"caption-attachment-4932\" style=\"width: 884px\" class=\"wp-caption alignnone\"><a href=\"http:\/\/www.moravecteam.cz\/?attachment_id=4932\" rel=\"attachment wp-att-4932\"><img decoding=\"async\" loading=\"lazy\" class=\" wp-image-4932\" alt=\"OLYMPUS DIGITAL CAMERA\" src=\"http:\/\/www.moravecteam.cz\/wp-content\/uploads\/2016\/07\/P1010032.jpg\" width=\"884\" height=\"527\" srcset=\"https:\/\/www.moravecteam.cz\/wp-content\/uploads\/2016\/07\/P1010032.jpg 884w, https:\/\/www.moravecteam.cz\/wp-content\/uploads\/2016\/07\/P1010032-300x178.jpg 300w\" sizes=\"(max-width: 884px) 100vw, 884px\" \/><\/a><figcaption id=\"caption-attachment-4932\" class=\"wp-caption-text\">P\u00e1lavsk\u00fd mas\u00edv, p\u0159ed n\u00edm obec Pavlov a Novoml\u00fdnsk\u00e1 n\u00e1dr\u017e.<\/figcaption><\/figure>\n<p><span style=\"color: #800000; line-height: 1.33333; font-size: 18px; font-weight: bold; text-align: justify;\">Info \u010d.1<\/span><\/p>\n<p style=\"text-align: justify;\">Z\u00e1kladn\u00ed informace jsou tyto: jak u\u017e mnoz\u00ed z V\u00e1s v\u00edte, na\u0161e pr\u00e1zdninov\u00e9 putov\u00e1n\u00ed prob\u011bhne <span style=\"color: #800000;\"><strong><span style=\"text-decoration: underline;\">od 26.7.2016 (\u00fater\u00fd) do 29.7.2016 (p\u00e1tek).<\/span><\/strong><\/span> Zkr\u00e1cenou,\u00a0\u010dty\u0159denn\u00ed verzi vol\u00edm z toho d\u016fvodu, \u017ee je\u0161t\u011b v ned\u011bli 24.7.2016 n\u00e1s \u010dek\u00e1 z\u00e1vod MTB Mistrovstv\u00ed \u010cR v Bed\u0159ichov\u011b a mysl\u00edm, \u017ee\u00a0 alespo\u0148 jeden den klidu mezi t\u011bmito dv\u011bma d\u016fle\u017eit\u00fdmi akcemi je nutn\u00fd. Op\u011bt pou\u017eijeme kombinovan\u00fd zp\u016fsob p\u0159epravy: kola a jezdce doprav\u00edme invazn\u00edmi vozidly do n\u00e1stupn\u00edho prostoru (Bu\u010dovice) a odtud sjedeme u\u017e pouze na kolech s podporou doprovodn\u00e9ho vozidla do c\u00edlov\u00e9 destinace,\u00a0p\u0159i\u010dem\u017e n\u00e1s \u010dek\u00e1 cesta dlouh\u00e1 cca 50 km. <span style=\"text-decoration: underline;\"><strong><span style=\"color: #800000; text-decoration: underline;\">Pros\u00edm o potvrzen\u00ed Va\u0161\u00ed \u00fa\u010dasti na na\u0161em tradi\u010dn\u00edm pr\u00e1zdninov\u00e9m dobrodru\u017estv\u00ed nejpozd\u011bji do konce tohoto t\u00fddne, tj. do ned\u011ble 17.7.2016 (na moje 605 0J\u00e1gr 0Nagano nebo na m\u016fj e-mail)<\/span><\/strong>,<\/span> abych mohl dle p\u0159ihl\u00e1\u0161en\u00e9ho po\u010dtu odv\u00e1\u017elivc\u016f doladit ubytovac\u00ed kapacitu. \u010cekaj\u00ed n\u00e1s tradi\u010dn\u011b t\u0159i t\u00e1borov\u00e9 ohn\u011b, dva celodenn\u00ed v\u00fdlety (kam,\u00a0na tom se domluv\u00edme na m\u00edst\u011b, kr\u00e1sn\u00fdch m\u00edst je v okol\u00ed hodn\u011b a\u00a0nebude v na\u0161ich sil\u00e1ch stihnout v\u0161echno), ale hlavn\u011b asi, jak\u00a0se p\u0159i t\u00e9to akci stalo pravidlem, pohodov\u00e9 dny pln\u00e9 srandy!\u00a0\u00a0P\u0159edpokl\u00e1d\u00e1m, \u017ee tak jako v minulosti, d\u011btsk\u00fdm &#8222;\u00fa\u010dastn\u00edk\u016fm z\u00e1jezdu&#8220; uhrad\u00ed odd\u00edl n\u00e1klady na ubytov\u00e1n\u00ed. Bu\u010fte pros\u00edm ve st\u0159ehu, sledujte pravideln\u011b tuto rubriku, pr\u016fb\u011b\u017en\u011b zde budu vkl\u00e1dat up\u0159es\u0148uj\u00edc\u00ed zpr\u00e1vy.<\/p>\n<p style=\"text-align: justify;\">\n","protected":false},"excerpt":{"rendered":"<p>Tradi\u010dn\u00ed odd\u00edlov\u00e9 putov\u00e1n\u00ed z\u016fst\u00e1v\u00e1 letos tak trochu ve st\u00ednu z\u00e1vodn\u00edch aktivit, nicm\u00e9n\u011b akce se p\u0159ipravuje a c\u00edlovou destinac\u00ed bude oblast ji\u017en\u00ed Moravy &#8211; konkr\u00e9tn\u011b P\u00e1lava. Invaze do tohoto, MORAVCEM doposud nedot\u010den\u00e9ho teritoria m\u00e1 volac\u00ed znak URAL. Info \u010d.2 &#8211; &#8222;M\u00e1m jedin\u00fd c\u00edl&#8230; &#8230;a p\u0159ede mnou je P\u00e1lava! U\u017e od Brna jsem jako na trn\u00ed&#8230;&#8220; Tak &hellip; <a href=\"https:\/\/www.moravecteam.cz\/?p=4848\" class=\"more-link\">Pokra\u010dov\u00e1n\u00ed textu <span class=\"screen-reader-text\">Kemp 2016<\/span> <span class=\"meta-nav\">&rarr;<\/span><\/a><\/p>\n","protected":false},"author":3,"featured_media":4853,"comment_status":"open","ping_status":"closed","sticky":false,"template":"","format":"standard","meta":[],"categories":[13],"tags":[],"_links":{"self":[{"href":"https:\/\/www.moravecteam.cz\/index.php?rest_route=\/wp\/v2\/posts\/4848"}],"collection":[{"href":"https:\/\/www.moravecteam.cz\/index.php?rest_route=\/wp\/v2\/posts"}],"about":[{"href":"https:\/\/www.moravecteam.cz\/index.php?rest_route=\/wp\/v2\/types\/post"}],"author":[{"embeddable":true,"href":"https:\/\/www.moravecteam.cz\/index.php?rest_route=\/wp\/v2\/users\/3"}],"replies":[{"embeddable":true,"href":"https:\/\/www.moravecteam.cz\/index.php?rest_route=%2Fwp%2Fv2%2Fcomments&post=4848"}],"version-history":[{"count":10,"href":"https:\/\/www.moravecteam.cz\/index.php?rest_route=\/wp\/v2\/posts\/4848\/revisions"}],"predecessor-version":[{"id":4851,"href":"https:\/\/www.moravecteam.cz\/index.php?rest_route=\/wp\/v2\/posts\/4848\/revisions\/4851"}],"wp:featuredmedia":[{"embeddable":true,"href":"https:\/\/www.moravecteam.cz\/index.php?rest_route=\/wp\/v2\/media\/4853"}],"wp:attachment":[{"href":"https:\/\/www.moravecteam.cz\/index.php?rest_route=%2Fwp%2Fv2%2Fmedia&parent=4848"}],"wp:term":[{"taxonomy":"category","embeddable":true,"href":"https:\/\/www.moravecteam.cz\/index.php?rest_route=%2Fwp%2Fv2%2Fcategories&post=4848"},{"taxonomy":"post_tag","embeddable":true,"href":"https:\/\/www.moravecteam.cz\/index.php?rest_route=%2Fwp%2Fv2%2Ftags&post=4848"}],"curies":[{"name":"wp","href":"https:\/\/api.w.org\/{rel}","templated":true}]}}