{"id":4858,"date":"2016-07-16T10:02:20","date_gmt":"2016-07-16T08:02:20","guid":{"rendered":"http:\/\/www.moravecteam.cz\/?p=4858"},"modified":"2016-07-16T11:00:03","modified_gmt":"2016-07-16T09:00:03","slug":"top-vysledek-moravce","status":"publish","type":"post","link":"https:\/\/www.moravecteam.cz\/?p=4858","title":{"rendered":"TOP v\u00fdsledek MORAVCE!"},"content":{"rendered":"<p style=\"text-align: justify;\"><strong><span style=\"color: #993300;\">V\u010dera, v p\u00e1tek 15. \u010dervence uplynulo pr\u00e1v\u011b 14 dn\u016f od z\u00e1vodu juniorek na Mistrovstv\u00ed sv\u011bta horsk\u00fdch kol v Nov\u00e9m M\u011bst\u011b na Morav\u011b. Tento start, na kter\u00e9m nechyb\u011bla \u010dlenka MORAVCE Ad\u00e9la \u0160af\u00e1\u0159ov\u00e1 (Nutrend Specialized), n\u00e1m p\u0159inesl d\u00edky t\u00e9to nen\u00e1padn\u00e9 d\u00edvence dosud nejv\u011bt\u0161\u00ed \u00fasp\u011bch v odd\u00edlov\u00e9 historii. Emoce po \u010dase odezn\u011bly, tak si poj\u010fme p\u0159ipomenout ten \u00fa\u017easn\u00fd part virtu\u00f3zky Ad\u00e9ly, kter\u00fd zahr\u00e1la tis\u00edcovk\u00e1m nad\u0161en\u00fdch bikov\u00fdch &#8222;poslucha\u010d\u016f&#8220; v r\u00e1mci p\u00e1te\u010dn\u00edho programu Novom\u011bstsk\u00e9 MTB symfonie&#8230; \u00a0<\/span><\/strong><\/p>\n<figure id=\"attachment_4870\" aria-describedby=\"caption-attachment-4870\" style=\"width: 451px\" class=\"wp-caption aligncenter\"><a href=\"http:\/\/www.moravecteam.cz\/?attachment_id=4870\" rel=\"attachment wp-att-4870\"><img decoding=\"async\" loading=\"lazy\" class=\"size-full wp-image-4870 \" alt=\"DSCN8990\" src=\"http:\/\/www.moravecteam.cz\/wp-content\/uploads\/2016\/07\/DSCN89901.jpg\" width=\"451\" height=\"545\" srcset=\"https:\/\/www.moravecteam.cz\/wp-content\/uploads\/2016\/07\/DSCN89901.jpg 451w, https:\/\/www.moravecteam.cz\/wp-content\/uploads\/2016\/07\/DSCN89901-248x300.jpg 248w\" sizes=\"(max-width: 451px) 100vw, 451px\" \/><\/a><figcaption id=\"caption-attachment-4870\" class=\"wp-caption-text\">Ad\u00e9la \u0160af\u00e1\u0159ov\u00e1 potvrdila sv\u00fdm v\u00fdkonem v Nov\u00e9m M\u011bst\u011b na Morav\u011b, \u017ee z n\u00ed roste skute\u010dn\u00e1 \u0161ampionka!<\/figcaption><\/figure>\n<p style=\"text-align: justify;\">Adys startuje se startovn\u00edm \u010d\u00edslem 24 ze t\u0159et\u00ed \u0159ady, to znamen\u00e1, \u017ee je zhruba uprost\u0159ed bezm\u00e1la pades\u00e1tihlav\u00e9ho startovn\u00edho pole na\u017ehaven\u00fdch mlad\u00fdch dam, kter\u00e9 se zde dnes sjely k bitv\u011b na Moravsk\u00e9m poli o zlatou sv\u011btovou juniorskou hroudu. Start m\u00e1 skv\u011bl\u00fd a v pr\u016fb\u011bhu zav\u00e1d\u011bc\u00edho kola se usazuje v TOP &#8222;five&#8220;, to jest v elitn\u00ed p\u011btce nejlep\u0161\u00edch juniorek. Neunik\u00e1 samoz\u0159ejm\u011b pozornosti v\u00fdborn\u00e9mu sp\u00edkrovi, kter\u00fd ve Vyso\u010dina ar\u00e9n\u011b z\u00e1vod moderuje a razantn\u00edm upozorn\u011bn\u00edm &#8222;lad\u00ed na frekvenci \u0160af\u00e1\u0159ov\u00e1&#8220; tis\u00edce p\u0159\u00edtomn\u00fdch div\u00e1k\u016f. V jedn\u00e9 f\u00e1zi z\u00e1vodu se Ad\u00e9la \u0160af\u00e1\u0159ov\u00e1 dokonce uj\u00edm\u00e1 v z\u00e1vod\u011b veden\u00ed, sp\u00edkr na to emotivn\u011b upozor\u0148uje, div\u00e1ci \u0161\u00edl\u00ed&#8230; Jezdeck\u00fd projev mlad\u00e9 \u010desk\u00e9 \u0161ampionky je drav\u00fd, sebejist\u00fd, zd\u00e1 se \u017ee m\u00e1 sv\u016fj den a, \u017ee sil m\u00e1 na rozd\u00e1v\u00e1n\u00ed&#8230;<\/p>\n<figure id=\"attachment_4867\" aria-describedby=\"caption-attachment-4867\" style=\"width: 616px\" class=\"wp-caption alignnone\"><a href=\"http:\/\/www.moravecteam.cz\/?attachment_id=4867\" rel=\"attachment wp-att-4867\"><img decoding=\"async\" loading=\"lazy\" class=\" wp-image-4867\" alt=\"img0a00375ff4375ae602a57374bdb011a7\" src=\"http:\/\/www.moravecteam.cz\/wp-content\/uploads\/2016\/07\/img0a00375ff4375ae602a57374bdb011a7.jpg\" width=\"616\" height=\"644\" srcset=\"https:\/\/www.moravecteam.cz\/wp-content\/uploads\/2016\/07\/img0a00375ff4375ae602a57374bdb011a7.jpg 616w, https:\/\/www.moravecteam.cz\/wp-content\/uploads\/2016\/07\/img0a00375ff4375ae602a57374bdb011a7-25x25.jpg 25w, https:\/\/www.moravecteam.cz\/wp-content\/uploads\/2016\/07\/img0a00375ff4375ae602a57374bdb011a7-286x300.jpg 286w\" sizes=\"(max-width: 616px) 100vw, 616px\" \/><\/a><figcaption id=\"caption-attachment-4867\" class=\"wp-caption-text\">Ad\u00e9la zah\u0159\u00edv\u00e1 &#8222;kliky&#8220; p\u0159ed startem p\u00e1te\u010dn\u00edho z\u00e1vodu juniorek. Pod bedliv\u00fdm dohledem sv\u00e9ho zku\u0161en\u00e9ho tren\u00e9ra Viktora Zapletala.<\/figcaption><\/figure>\n<p style=\"text-align: justify;\">V dal\u0161\u00edm pr\u016fb\u011bhu &#8222;rece&#8220; se p\u011bti\u010dlenn\u00e9 \u010delo trh\u00e1 na t\u0159\u00ed a dvou\u010dlennou skupinku, p\u0159i\u010dem\u017e Ad\u00e9la jede v n\u00e1sledn\u00e9 dvoji\u010dce, pohybuj\u00edc\u00ed se na 4. &#8211; 5. m\u00edst\u011b. Zhruba v polovin\u011b z\u00e1vodu, jako by vedouc\u00ed trojka &#8222;ubrala plyn&#8220;, dvojice st\u00edha\u010dek (v\u010detn\u011b Ad\u00e9ly \u0160af\u00e1\u0159ov\u00e9) se k n\u00ed za\u010d\u00edn\u00e1 p\u0159ibli\u017eovat&#8230;Boj o medaili se st\u00e1v\u00e1 st\u00e1le v\u00edce re\u00e1ln\u00fdm! A pak to p\u0159ich\u00e1z\u00ed&#8230; P\u0159i razantn\u00edm pr\u016fjezdu holek n\u00e1ro\u010dnou pas\u00e1\u017e\u00ed &#8222;Mitas Choise&#8220; procvak\u00e1v\u00e1 Adys zadn\u00ed pneu&#8230; Logicky zpomaluje a to neunik\u00e1 pozornosti kamer \u010cT. Detailn\u00ed z\u00e1b\u011br pak zlou vte\u0159inu potvrzuje&#8230; A jako naschv\u00e1l &#8211; do depa dost daleko&#8230; A v tomto kritick\u00e9m okam\u017eiku se projev\u00ed mor\u00e1ln\u011b-voln\u00ed vlastnosti Ad\u00e9lky a jej\u00ed psychick\u00e1 odolnost! Pokra\u010duje samoz\u0159ejm\u011b d\u00e1l, jak to jen &#8211; v r\u00e1mci mo\u017enost\u00ed a za dan\u00e9 situace &#8211; \u00a0nejrychleji jde. Hlavn\u011b samoz\u0159ejm\u011b p\u0159i kole b\u011b\u017e\u00ed a a\u010d ur\u010dit\u011b nerada, p\u0159ece \u00faro\u010d\u00ed svoje nesporn\u00e9 b\u011b\u017eeck\u00e9 kvality. Sp\u00edkr na sm\u016flu \u010desk\u00e9 reprezentantky reaguje a motivuje fanou\u0161ky k povzbuzov\u00e1n\u00ed state\u010dn\u011b bojuj\u00edc\u00ed d\u00edvenky, kter\u00e1 aktu\u00e1ln\u011b sv\u00e1d\u00ed se sv\u00fdmi t\u011b\u017ek\u00fdmi soupe\u0159kami nerovn\u00fd souboj&#8230;<\/p>\n<figure id=\"attachment_4869\" aria-describedby=\"caption-attachment-4869\" style=\"width: 822px\" class=\"wp-caption alignnone\"><a href=\"http:\/\/www.moravecteam.cz\/?attachment_id=4869\" rel=\"attachment wp-att-4869\"><img decoding=\"async\" loading=\"lazy\" class=\" wp-image-4869\" alt=\"img9046bfba544dfa4d5c81a2e0303399a1\" src=\"http:\/\/www.moravecteam.cz\/wp-content\/uploads\/2016\/07\/img9046bfba544dfa4d5c81a2e0303399a1.jpg\" width=\"822\" height=\"732\" srcset=\"https:\/\/www.moravecteam.cz\/wp-content\/uploads\/2016\/07\/img9046bfba544dfa4d5c81a2e0303399a1.jpg 822w, https:\/\/www.moravecteam.cz\/wp-content\/uploads\/2016\/07\/img9046bfba544dfa4d5c81a2e0303399a1-300x267.jpg 300w\" sizes=\"(max-width: 822px) 100vw, 822px\" \/><\/a><figcaption id=\"caption-attachment-4869\" class=\"wp-caption-text\">Na trati pak nechala Adys v\u0161echny s\u00edly&#8230; A jen sm\u016fla ji p\u0159ipravila o lep\u0161\u00ed v\u00fdsledek&#8230; To ale v\u0161echno je\u0161t\u011b p\u0159ijde, chce to trp\u011blivost&#8230;<\/figcaption><\/figure>\n<p style=\"text-align: justify;\"><span style=\"line-height: 1.5;\">V\u011bt\u0161ina lid\u00ed na hlavn\u00ed tribun\u011b \u017eene Ad\u00e9lu sv\u00fdmi hlasivkami vp\u0159ed sleduj\u00edc z\u00e1b\u011bry kamer \u010cT, na kter\u00fdch je bezprecedentn\u011b bojuj\u00edc\u00ed borka \u010dasto v z\u00e1b\u011bru&#8230; Nic nehled\u00ed na to, \u017ee v lese je Ad\u00e9la nesly\u0161\u00ed&#8230; Kone\u010dn\u011b depo&#8230; Kone\u010dn\u011b rychl\u00e1 pomoc! Pak znovu do sedla a pokusit se ve zbyl\u00e9 \u010d\u00e1sti z\u00e1vodu posunout se st\u00edhac\u00ed j\u00edzdou co nejv\u00edce v p\u0159ed! By\u0165 je Adys po heroick\u00e9m b\u011bhu na depo dost &#8222;ztuhl\u00e1&#8220;, p\u0159esto znovu chyt\u00e1 rytmus a pokra\u010duje v souboj\u00edch, u\u017e op\u011bt jako rovn\u00e1 s rovn\u00fdmi&#8230; Fini\u0161uje jako 14. a zaznamen\u00e1v\u00e1 tak &#8211; vzhledem k tomu, co ji postihlo za sm\u016flu &#8211; \u00a0vynikaj\u00edc\u00ed v\u00fdsledek! Po vzoru Radima Kov\u00e1\u0159e, kter\u00fd na MS v r. 2011 v Champeri dokon\u010dil z\u00e1vod s prakticky ne\u0159ad\u00edc\u00edm p\u0159evodn\u00edkem taky se sebezap\u0159en\u00edm (tehdy 82. m\u00edsto) \u00a0i Ad\u00e9la ctila prvn\u00ed \u010dervencov\u00fd den r. 2016 v Nov\u00e9m M\u011bst\u011b na Morav\u011b z\u00e1sadu, kterou d\u011btem p\u0159i jejich sportovn\u00edm r\u016fstu v\u0161t\u011bpujeme: \u017ee z\u00e1vod v n\u00e1rodn\u00edm dresu se nevzd\u00e1v\u00e1!!! D\u00edky Ad\u00e9lo za novom\u011bstsk\u00fd v\u00fdkon a v\u00fdsledek!!! Jsme na Tebe hrd\u00ed!!! Ne mnoho je v \u017eivot\u011b \u00a0okam\u017eik\u016f, na kter\u00e9 \u00a0i po l\u00e9tech vzpom\u00edn\u00e1me se slzami v o\u010d\u00edch&#8230;. A jeden takov\u00fd n\u00e1m Ad\u00e9la \u0160af\u00e1\u0159ov\u00e1 d\u00edk sv\u00e9mu v\u00fdkonu v Nov\u00e9m M\u011bst\u011b na Morav\u011b p\u0159ipravila!<\/span><\/p>\n<p style=\"text-align: justify;\">Zde je <strong><a href=\"http:\/\/mtbs.cz\/clanek\/ceske-juniory-brzdily-defekty-skvelemu-zadakovi-tesne-unikla-top-ten\/kategorie\/mistrovstvi-sveta-xc#.V4nr7tKLRdh\">report ze serveru MTBS<\/a><\/strong> a zde si odkontrolujte <strong><a href=\"http:\/\/www.uci.ch\/mountain-bike\/ucievents\/2016-mountain-bike-uci-mountain-bike-trials-world-championships\/351392716\/widgets\/start-lists-results-standings-177170\/\">v\u00fdsledky<\/a>\u00a0 <\/strong>(nenechte se zm\u00e1st \u0161patn\u00fdm letopo\u010dtem (!), pro UCI tak tro\u0161ku faux paux, \u017ee ano&#8230;)&#8230; I <strong><a href=\"http:\/\/mtbs.cz\/kategorie\/mtbs-foto-redakcni-zavody\/album\/9922\">ofici\u00e1ln\u00ed fotogalerie<\/a><\/strong> z p\u00e1te\u010dn\u00edch novom\u011bstsk\u00fdch start\u016f junior\u016f a kadet\u016f je bezva&#8230;<\/p>\n","protected":false},"excerpt":{"rendered":"<p>V\u010dera, v p\u00e1tek 15. \u010dervence uplynulo pr\u00e1v\u011b 14 dn\u016f od z\u00e1vodu juniorek na Mistrovstv\u00ed sv\u011bta horsk\u00fdch kol v Nov\u00e9m M\u011bst\u011b na Morav\u011b. Tento start, na kter\u00e9m nechyb\u011bla \u010dlenka MORAVCE Ad\u00e9la \u0160af\u00e1\u0159ov\u00e1 (Nutrend Specialized), n\u00e1m p\u0159inesl d\u00edky t\u00e9to nen\u00e1padn\u00e9 d\u00edvence dosud nejv\u011bt\u0161\u00ed \u00fasp\u011bch v odd\u00edlov\u00e9 historii. Emoce po \u010dase odezn\u011bly, tak si poj\u010fme p\u0159ipomenout ten \u00fa\u017easn\u00fd &hellip; <a href=\"https:\/\/www.moravecteam.cz\/?p=4858\" class=\"more-link\">Pokra\u010dov\u00e1n\u00ed textu <span class=\"screen-reader-text\">TOP v\u00fdsledek MORAVCE!<\/span> <span class=\"meta-nav\">&rarr;<\/span><\/a><\/p>\n","protected":false},"author":3,"featured_media":4866,"comment_status":"open","ping_status":"closed","sticky":false,"template":"","format":"standard","meta":[],"categories":[1],"tags":[],"_links":{"self":[{"href":"https:\/\/www.moravecteam.cz\/index.php?rest_route=\/wp\/v2\/posts\/4858"}],"collection":[{"href":"https:\/\/www.moravecteam.cz\/index.php?rest_route=\/wp\/v2\/posts"}],"about":[{"href":"https:\/\/www.moravecteam.cz\/index.php?rest_route=\/wp\/v2\/types\/post"}],"author":[{"embeddable":true,"href":"https:\/\/www.moravecteam.cz\/index.php?rest_route=\/wp\/v2\/users\/3"}],"replies":[{"embeddable":true,"href":"https:\/\/www.moravecteam.cz\/index.php?rest_route=%2Fwp%2Fv2%2Fcomments&post=4858"}],"version-history":[{"count":11,"href":"https:\/\/www.moravecteam.cz\/index.php?rest_route=\/wp\/v2\/posts\/4858\/revisions"}],"predecessor-version":[{"id":4874,"href":"https:\/\/www.moravecteam.cz\/index.php?rest_route=\/wp\/v2\/posts\/4858\/revisions\/4874"}],"wp:featuredmedia":[{"embeddable":true,"href":"https:\/\/www.moravecteam.cz\/index.php?rest_route=\/wp\/v2\/media\/4866"}],"wp:attachment":[{"href":"https:\/\/www.moravecteam.cz\/index.php?rest_route=%2Fwp%2Fv2%2Fmedia&parent=4858"}],"wp:term":[{"taxonomy":"category","embeddable":true,"href":"https:\/\/www.moravecteam.cz\/index.php?rest_route=%2Fwp%2Fv2%2Fcategories&post=4858"},{"taxonomy":"post_tag","embeddable":true,"href":"https:\/\/www.moravecteam.cz\/index.php?rest_route=%2Fwp%2Fv2%2Ftags&post=4858"}],"curies":[{"name":"wp","href":"https:\/\/api.w.org\/{rel}","templated":true}]}}