{"id":486,"date":"2015-05-02T11:54:08","date_gmt":"2015-05-02T09:54:08","guid":{"rendered":"http:\/\/www.moravecteam.cz\/?p=486"},"modified":"2015-05-04T08:10:25","modified_gmt":"2015-05-04T06:10:25","slug":"tri-placky-z-bb","status":"publish","type":"post","link":"https:\/\/www.moravecteam.cz\/?p=486","title":{"rendered":"T\u0159i &#8222;placky&#8220; z BB!"},"content":{"rendered":"<p style=\"text-align: justify;\"><strong>Rovn\u00fd tucet MORAVC\u016e zas\u00e1hlo aktivn\u011b do boj\u016f na trat\u00edch dal\u0161\u00edho ro\u010dn\u00edku &#8211; dnes u\u017e m\u016f\u017eeme \u0159\u00edct, \u017ee masov\u00fdch &#8211; Boskovick\u00fdch b\u011bh\u016f. Z minulosti jsme si zvykli, \u017ee n\u00e1\u0161 dres byl na velk\u00e9m p\u00f3diu p\u0159i vyhl\u00e1\u0161en\u00ed v\u00fdsledku k vid\u011bn\u00ed a ani letos tomu nebylo jinak. D\u00edk Terce Obo\u0159ilov\u00e9, Michalu \u0160m\u00eddovi a Ani\u010dce Ry\u0161av\u00e9 jsme si chv\u00edle sl\u00e1vy s na\u0161imi &#8222;ob\u010dasn\u00fdmi&#8220; atlety u\u017e\u00edvali i tentokr\u00e1t.<\/strong><\/p>\n<p style=\"text-align: justify;\"><a href=\"http:\/\/www.moravecteam.cz\/?attachment_id=498\" rel=\"attachment wp-att-498\"><img decoding=\"async\" loading=\"lazy\" class=\"size-full wp-image-498 alignleft\" title=\"Terka Obo\u0159ilov\u00e1 si v Boskovic\u00edch dob\u011bhla pro cenn\u00e9 zlato!\" alt=\"oboril\" src=\"http:\/\/www.moravecteam.cz\/wp-content\/uploads\/2015\/05\/oboril-.jpg\" width=\"201\" height=\"250\" \/><\/a>D\u011bti do dev\u00edti let b\u011b\u017eeli podle v\u011bku postupn\u011b p\u0159es n\u00e1m\u011bst\u00ed distance 50, 150 a 200 metr\u016f a sv\u00fdmi starty vytvo\u0159ili d\u016fstojn\u00fd prolog tradi\u010dn\u011b kvalitn\u00edmu a vysoce presti\u017en\u00edmu b\u011b\u017eeck\u00e9mu podniku. Mezi po\u010detn\u00fdm startovn\u00edm polem d\u00edvenek ve v\u011bku 6-7 let se k na\u0161\u00ed velk\u00e9 radosti prosadila na st\u0159\u00edbrnou &#8222;bednu&#8220; <strong>Ani\u010dka Ry\u0161av\u00e1<\/strong> a nazna\u010dila, \u017ee ani letos by MORAVCI nebudou hr\u00e1t na BB druh\u00e9 housle. Tento p\u0159edpoklad potvrd\u00edla n\u00e1sledn\u011b ve sv\u00e9m startu\u00a0mlad\u0161\u00ed \u017e\u00e1kyn\u011b <strong>Tereza Obo\u0159ilov\u00e1,<\/strong> kdy\u017e sv\u016fj z\u00e1vod ovl\u00e1dla suver\u00e9nn\u011b zp\u016fsobem start &#8211; c\u00edl!\u00a0 P\u0159\u00edklad z v\u00fdkonu Terezy si vzal p\u0159i startu star\u0161\u00edch \u017e\u00e1k\u016f \u00a0<strong>Michal \u0160m\u00edda<\/strong> a i on prom\u011bnil sv\u016fj start v jist\u00e9 v\u00edt\u011bzstv\u00ed!<\/p>\n<p style=\"text-align: justify;\"><a href=\"http:\/\/www.moravecteam.cz\/?attachment_id=499\" rel=\"attachment wp-att-499\"><img decoding=\"async\" loading=\"lazy\" class=\"size-full wp-image-499 alignleft\" title=\"Michal \u0160m\u00edda potvrdil pov\u011bst excelentn\u00edho b\u011b\u017ece a i on se v Boskovic\u00edch radoval ze zlata!\" alt=\"smida\" src=\"http:\/\/www.moravecteam.cz\/wp-content\/uploads\/2015\/05\/smida.jpg\" width=\"178\" height=\"300\" \/><\/a>Zm\u00ednit se zaslou\u017e\u00ed ale i o dal\u0161\u00edch dev\u00edti MORAVC\u00cdCH, pro kter\u00e9 medaile viseli sice pon\u011bkud v\u00fd\u0161e, ale kte\u0159\u00ed nechali na trat\u00edch &#8211; jak vel\u00ed odd\u00edlov\u00e1 tradice &#8211; tak\u00e9 v\u0161echny s\u00edly! Bezesporu cenn\u00e9 je 26. m\u00edsto <strong>Dorotky Smutn\u00e9<\/strong> v kategorii d\u00edvek 8-9 let.\u00a0 Na\u00a0bojovn\u00fd v\u00fdkon Dorky nav\u00e1zala v c\u00edli\u00a0dvan\u00e1ct\u00e1,\u00a0jej\u00ed star\u0161\u00ed sestra <strong>Ani\u010dka\u00a0\u00a0Smutn\u00e1<\/strong> v kategorii mlad\u0161\u00edch \u017e\u00e1ky\u0148 11-12 a na st\u0159edn\u00ed trati 800m zab\u011bhla v\u00fdborn\u011b i \u0161ikovn\u00e1\u00a0\u00a0<strong>Aneta Fritzov\u00e1<\/strong>,\u00a0fini\u0161uj\u00edc\u00ed po \u00a0bojovn\u00e9m v\u00fdkonu \u00a0v c\u00edli na v\u00fdborn\u00e9m\u00a0\u0161est\u00e9m m\u00edst\u011b. V Z\u00e1meck\u00e9m b\u011bhu, na jeho\u017e tra\u0165\u00a02500m se dvacet minut po t\u0159in\u00e1ct\u00e9 hodin\u011b vydalo v\u00edce jak 200 b\u011b\u017ec\u016f, byl z MORAVC\u016e nejlep\u0161\u00ed mezi dorostenci v c\u00edli 15. <strong>Honza \u0160m\u00edda<\/strong>. V \u017een\u00e1ch se bl\u00fdskla na t\u00e9to trati 30. m\u00edstem\u00a0 <strong>Monika Kone\u010dn\u00e1<\/strong>, kdy\u017e j\u00ed\u00a0 z\u00e1da spolehliv\u011b kryla <strong>Eva Ry\u0161av\u00e1<\/strong> (47.m\u00edsto).<\/p>\n<p style=\"text-align: justify;\"><a href=\"http:\/\/www.moravecteam.cz\/?attachment_id=500\" rel=\"attachment wp-att-500\"><img decoding=\"async\" loading=\"lazy\" class=\"size-full wp-image-500 alignleft\" title=\"Ani\u010dka Ry\u0161av\u00e1 vyu\u017eila znalost dom\u00e1c\u00ed trat\u011b ke zisku cenn\u00e9ho st\u00edbra.\" alt=\"rysava\" src=\"http:\/\/www.moravecteam.cz\/wp-content\/uploads\/2015\/05\/rysava.jpg\" width=\"187\" height=\"250\" \/><\/a>Zbyl\u00e9 trio na\u0161ich vyzvalo v posledn\u00edm startu dne hlavn\u00ed okruh, kter\u00fd\u00a0 je ji\u017e t\u0159et\u00edm rokem prakticky \u00a0beze\u00a0a jeho\u017e distanc 12,5 km je charakteristick\u00e1 t\u00edm, \u017ee &#8222;to nejlep\u0161\u00ed&#8220; je na n\u00ed a\u017e na konec&#8230; Pov\u011bst excelentn\u00edho b\u011b\u017ece potvrdil <strong>L\u00e1\u010fa Smutn\u00fd<\/strong>, jeho\u017e 26. m\u00edsto v kategorii mu\u017e\u016f do 40 let m\u00e1\u00a0vysokou cenu! <strong>Tereza Koudelkov\u00e1 <\/strong>30. m\u00edstem \u00a0zase potvrdila, \u017ee jej\u00ed ned\u00e1vn\u00fd v\u00fdborn\u00fd\u00a0\u00a0v\u00fdsledek z Lu\u017e\u00e1neck\u00e9ho b\u011bhu nebyl v\u016fbec n\u00e1hodn\u00fd a radost m\u00e1me i z v\u00fdkonnostn\u00edho\u00a0a v\u00fdsledkov\u00e9ho posunu, kter\u00fd zaznamenal\u00a0oproti lo\u0148sku <strong>Jakub Ry\u0161av\u00fd<\/strong>. A kdy\u017e k tomu p\u0159ipo\u010dteme poctivou a sv\u011bdomitou pr\u00e1ci t\u011bch MORAVC\u016e, kte\u0159\u00ed sice neb\u011b\u017eeli, ale jako dobrovoln\u00edci napomohli po\u0159adatel\u016fm ke zdaru akce nemalou m\u011brou,\u00a0m\u016f\u017eeme konstatovat, \u017ee \u00a0MORAVCI se na leto\u0161n\u00edch Boskovick\u00fdch b\u011bz\u00edch p\u0159edvedli v\u00a0hodn\u011b jasn\u00e9m\u00a0sv\u011btle! Zde\u00a0hledejte komplet \u00a0v\u00fdsledkov\u00fd servis, fotogalerie, videa a f\u016fru dal\u0161\u00edch\u00a0 zaj\u00edmav\u00fdch\u00a0informac\u00ed k BB15: <strong><a href=\"http:\/\/boskovice.sportujsnami.cz\/aktuality\/boskovicke-behy-2015\/\">http:\/\/boskovice.sportujsnami.cz\/aktuality\/boskovicke-behy-2015\/<\/a>,\u00a0<\/strong>fotky Evy Ry\u0161av\u00e9 a Petra Koudelky m\u016f\u017eete studovat u\u017e \u00a0 zde:\u00a0<strong><a href=\"http:\/\/moravecteam.rajce.idnes.cz\/2015.05.01._Boskovicke_behy\/\">ttp:\/\/moravecteam.rajce.idnes.cz\/2015.05.01._Boskovicke_behy\/<\/a><\/strong><\/p>\n<p style=\"text-align: justify;\">\n","protected":false},"excerpt":{"rendered":"<p>Rovn\u00fd tucet MORAVC\u016e zas\u00e1hlo aktivn\u011b do boj\u016f na trat\u00edch dal\u0161\u00edho ro\u010dn\u00edku &#8211; dnes u\u017e m\u016f\u017eeme \u0159\u00edct, \u017ee masov\u00fdch &#8211; Boskovick\u00fdch b\u011bh\u016f. Z minulosti jsme si zvykli, \u017ee n\u00e1\u0161 dres byl na velk\u00e9m p\u00f3diu p\u0159i vyhl\u00e1\u0161en\u00ed v\u00fdsledku k vid\u011bn\u00ed a ani letos tomu nebylo jinak. D\u00edk Terce Obo\u0159ilov\u00e9, Michalu \u0160m\u00eddovi a Ani\u010dce Ry\u0161av\u00e9 jsme si chv\u00edle &hellip; <a href=\"https:\/\/www.moravecteam.cz\/?p=486\" class=\"more-link\">Pokra\u010dov\u00e1n\u00ed textu <span class=\"screen-reader-text\">T\u0159i &#8222;placky&#8220; z BB!<\/span> <span class=\"meta-nav\">&rarr;<\/span><\/a><\/p>\n","protected":false},"author":3,"featured_media":489,"comment_status":"closed","ping_status":"open","sticky":false,"template":"","format":"image","meta":[],"categories":[1],"tags":[],"_links":{"self":[{"href":"https:\/\/www.moravecteam.cz\/index.php?rest_route=\/wp\/v2\/posts\/486"}],"collection":[{"href":"https:\/\/www.moravecteam.cz\/index.php?rest_route=\/wp\/v2\/posts"}],"about":[{"href":"https:\/\/www.moravecteam.cz\/index.php?rest_route=\/wp\/v2\/types\/post"}],"author":[{"embeddable":true,"href":"https:\/\/www.moravecteam.cz\/index.php?rest_route=\/wp\/v2\/users\/3"}],"replies":[{"embeddable":true,"href":"https:\/\/www.moravecteam.cz\/index.php?rest_route=%2Fwp%2Fv2%2Fcomments&post=486"}],"version-history":[{"count":11,"href":"https:\/\/www.moravecteam.cz\/index.php?rest_route=\/wp\/v2\/posts\/486\/revisions"}],"predecessor-version":[{"id":515,"href":"https:\/\/www.moravecteam.cz\/index.php?rest_route=\/wp\/v2\/posts\/486\/revisions\/515"}],"wp:featuredmedia":[{"embeddable":true,"href":"https:\/\/www.moravecteam.cz\/index.php?rest_route=\/wp\/v2\/media\/489"}],"wp:attachment":[{"href":"https:\/\/www.moravecteam.cz\/index.php?rest_route=%2Fwp%2Fv2%2Fmedia&parent=486"}],"wp:term":[{"taxonomy":"category","embeddable":true,"href":"https:\/\/www.moravecteam.cz\/index.php?rest_route=%2Fwp%2Fv2%2Fcategories&post=486"},{"taxonomy":"post_tag","embeddable":true,"href":"https:\/\/www.moravecteam.cz\/index.php?rest_route=%2Fwp%2Fv2%2Ftags&post=486"}],"curies":[{"name":"wp","href":"https:\/\/api.w.org\/{rel}","templated":true}]}}