{"id":4875,"date":"2016-07-16T21:43:38","date_gmt":"2016-07-16T19:43:38","guid":{"rendered":"http:\/\/www.moravecteam.cz\/?p=4875"},"modified":"2016-07-18T22:23:23","modified_gmt":"2016-07-18T20:23:23","slug":"placky-z-pece","status":"publish","type":"post","link":"https:\/\/www.moravecteam.cz\/?p=4875","title":{"rendered":"&#8222;Placky&#8220; z Pece!"},"content":{"rendered":"<p style=\"text-align: justify;\"><strong><span style=\"color: #800000;\">Ne, nebojte se&#8230; Nenechte se zm\u00e1st nadpisem. \u00a0Nep\u0159ech\u00e1z\u00edme z vrcholov\u00e9 cyklistiky do oblasti kulin\u00e1\u0159stv\u00ed&#8230; To z Pece \u00a0(pod Sn\u011b\u017ekou) vezeme ze sobotn\u00edch z\u00e1vod\u016f \u010cP ve sprintu &#8222;placky&#8220; (mysl\u00ed se t\u00edm medaile)! Elimin\u00e1tor se v r\u00e1mci leto\u0161n\u00edch z\u00e1vod\u016f \u010cesk\u00e9ho poh\u00e1ru horsk\u00fdch kol stal na\u0161\u00ed par\u00e1dn\u00ed disciplinou! Po skv\u011ble zajet\u00fdch sprintech v Praze a Brn\u011b se na\u0161i mlad\u00ed rajd\u0159i p\u0159edvedli excelentn\u011b i v Peci pod Sn\u011b\u017ekou. Prokazuje to \u00factyhodn\u00e1 sb\u00edrka \u010dty\u0159 medail\u00ed, kdy z toho hned dv\u011b jsou zlat\u00e9, jedna st\u0159\u00edbrn\u00e1 a jedna bronzov\u00e1! Bravo MORAVEC!<\/span><\/strong><\/p>\n<figure id=\"attachment_4883\" aria-describedby=\"caption-attachment-4883\" style=\"width: 802px\" class=\"wp-caption alignnone\"><a href=\"http:\/\/www.moravecteam.cz\/?attachment_id=4883\" rel=\"attachment wp-att-4883\"><img decoding=\"async\" loading=\"lazy\" class=\" wp-image-4883\" alt=\"P1260145\" src=\"http:\/\/www.moravecteam.cz\/wp-content\/uploads\/2016\/07\/P1260145.jpg\" width=\"802\" height=\"860\" srcset=\"https:\/\/www.moravecteam.cz\/wp-content\/uploads\/2016\/07\/P1260145.jpg 802w, https:\/\/www.moravecteam.cz\/wp-content\/uploads\/2016\/07\/P1260145-279x300.jpg 279w\" sizes=\"(max-width: 802px) 100vw, 802px\" \/><\/a><figcaption id=\"caption-attachment-4883\" class=\"wp-caption-text\">Tom\u00e1\u0161 Tlamka &#8222;Contador&#8220; obh\u00e1jil v\u00edt\u011bzstv\u00ed z Brna a v Krkono\u0161\u00edch si p\u0159ipsal zaslou\u017een\u00e9 druh\u00e9 poh\u00e1rov\u00e9 v\u00edt\u011bzstv\u00ed!<\/figcaption><\/figure>\n<p style=\"text-align: justify;\">Jeden\u00e1ct borc\u016f z MORAVEC Teamu zas\u00e1hlo v sobotu do sprintersk\u00fdch souboj\u016f. Radost n\u00e1m ud\u011blali kr\u00e1tce po zah\u00e1jen\u00ed kvalifika\u010dn\u00edch j\u00edzd star\u0161\u00ed \u017e\u00e1ci. Kdy\u017e dospurtoval do c\u00edle posledn\u00ed, 58 (!) borec ze startovn\u00ed listiny, vychrlil po\u010d\u00edta\u010d pro n\u00e1s okulib\u00e9 po\u0159ad\u00ed: 1. <strong><span style=\"color: #800000;\">Tom\u00e1\u0161 Tlamka &#8222;Contador&#8220;<\/span><\/strong>, 2. <strong><span style=\"color: #800000;\">Honza &#8222;D\u017eony&#8220; \u0160indel\u00e1\u0159<\/span><\/strong>! Nav\u00edc Tom, jako jedin\u00fd star\u0161\u00ed \u017e\u00e1k ten den zajel kolo pod jednu minutu a 48 vte\u0159in! Oba borci pak se pak s p\u0159ehledem probojovali do fin\u00e1lov\u00e9 j\u00edzdy, kterou jist\u011b ovl\u00e1dl Tom\u00e1\u0161 Tlamka &#8222;Contador&#8220;! \u00a0Na Honzu &#8222;D\u017eony&#8220; \u0160indel\u00e1\u0159e sice zbylo nepopul\u00e1rn\u00ed, 4. m\u00edsto, ale i on zaslou\u017e\u00ed za v\u00fdborn\u00e9 j\u00edzdy pochvalu! Bravo ho\u0161i! State\u010dn\u011b se dr\u017eeli v kvalifikaci i <strong><span style=\"color: #800000;\">Jakub Tesa\u0159<\/span><\/strong> s <span style=\"color: #800000;\"><strong>Romanem \u0160indel\u00e1\u0159em<\/strong><\/span>, by\u0165 jejich \u010dasy na vy\u0159azovac\u00ed j\u00edzdy nesta\u010dily. Ka\u017edop\u00e1dn\u011b v\u00fdsledkov\u011b si na\u0161e dv\u011b &#8222;mlad\u0161\u00ed pu\u0161ky&#8220; oproti Brnu polep\u0161ily!<\/p>\n<figure id=\"attachment_4889\" aria-describedby=\"caption-attachment-4889\" style=\"width: 546px\" class=\"wp-caption alignnone\"><a href=\"http:\/\/www.moravecteam.cz\/?attachment_id=4889\" rel=\"attachment wp-att-4889\"><img decoding=\"async\" loading=\"lazy\" class=\" wp-image-4889\" alt=\"P1190420\" src=\"http:\/\/www.moravecteam.cz\/wp-content\/uploads\/2016\/07\/P1190420.jpg\" width=\"546\" height=\"627\" srcset=\"https:\/\/www.moravecteam.cz\/wp-content\/uploads\/2016\/07\/P1190420.jpg 546w, https:\/\/www.moravecteam.cz\/wp-content\/uploads\/2016\/07\/P1190420-261x300.jpg 261w\" sizes=\"(max-width: 546px) 100vw, 546px\" \/><\/a><figcaption id=\"caption-attachment-4889\" class=\"wp-caption-text\">Jana &#8222;D\u017eejn&#8220; Tesa\u0159ov\u00e1 zajela eliman\u00e1tora ve velk\u00e9m stylu a v pr\u016fb\u011b\u017en\u00e9m po\u0159ad\u00ed je l\u00eddrem mezi kadetkami!<\/figcaption><\/figure>\n<p style=\"text-align: justify;\">Namls\u00e1ni v\u00fdsledkem \u017e\u00e1k\u016f, t\u011b\u0161ill jsme se na start na\u0161\u00ed dal\u0161\u00ed par\u00e1dn\u00ed kategorie, kterou kadetky ur\u010dit\u011b jsou. A v\u00fdsledek kvalifikace nazna\u010dil, \u017ee se pro MORAVEC budou d\u00edt op\u011bt velk\u00e9 v\u011bci&#8230; Nejlep\u0161\u00edm \u010dasem se toti\u017e mohla pochlubit na\u0161e <strong><span style=\"color: #800000;\">Anna Zem\u00e1nkov\u00e1<\/span><\/strong> a jej\u00ed t\u00fdmov\u00e1 par\u0165a\u010dka, <span style=\"color: #800000;\"><strong>Jana Tesa\u0159ov\u00e1<\/strong><\/span>, \u0161la z kvalifikace do vy\u0159azovac\u00edch j\u00edzd se t\u0159et\u00edm nejlep\u0161\u00edm \u010dasem! Ob\u011b pak potvrdily v dal\u0161\u00edch j\u00edzd\u00e1ch \u00falohu favoritek a s jistotou si vybojovaly m\u00edsta ve fin\u00e1le. A i to bylo k na\u0161\u00ed velk\u00e9 radosti v jejich re\u017eii! Akor\u00e1t v c\u00edli bylo po\u0159ad\u00ed opa\u010dn\u00e9 ne\u017e v kvalifikaci: v\u00edt\u011bz\u00ed Jana Tesa\u0159ov\u00e1, pro bronz si dospurtovala Ani\u010dka Zem\u00e1nkov\u00e1! Bravo d\u011bv\u010data! T\u0159et\u00ed na\u0161e &#8222;mu\u0161ket\u00fdrka&#8220; v t\u00e9to kategorii, Krist\u00fdna Haasov\u00e1 se do vy\u0159azovac\u00edch j\u00edzd t\u011bsn\u011b neprobojovala a byla klasifikov\u00e1na na za\u010d\u00e1tku druh\u00e9 des\u00edtky.<\/p>\n<figure id=\"attachment_4888\" aria-describedby=\"caption-attachment-4888\" style=\"width: 709px\" class=\"wp-caption alignnone\"><a href=\"http:\/\/www.moravecteam.cz\/?attachment_id=4888\" rel=\"attachment wp-att-4888\"><img decoding=\"async\" loading=\"lazy\" class=\" wp-image-4888\" alt=\"P1190050\" src=\"http:\/\/www.moravecteam.cz\/wp-content\/uploads\/2016\/07\/P1190050.jpg\" width=\"709\" height=\"846\" srcset=\"https:\/\/www.moravecteam.cz\/wp-content\/uploads\/2016\/07\/P1190050.jpg 709w, https:\/\/www.moravecteam.cz\/wp-content\/uploads\/2016\/07\/P1190050-251x300.jpg 251w\" sizes=\"(max-width: 709px) 100vw, 709px\" \/><\/a><figcaption id=\"caption-attachment-4888\" class=\"wp-caption-text\">Spolehliv\u00e1 reprezentantka MORAVCE a letos i spolehliv\u00e1 sb\u011bratelka cenn\u00fdch kov\u016f. To je Ani\u010dka Zem\u00e1nkov\u00e1!<\/figcaption><\/figure>\n<p style=\"text-align: justify;\">V\u00fdborn\u011b si vedlo i trio na\u0161ich kadet\u016f. <strong><span style=\"color: #800000;\">Karel Vinick\u00fd<\/span><\/strong> se des\u00e1t\u00fdm \u010dasem z kvalifikace probojoval do vy\u0159azovac\u00edch j\u00edzd a i kdy\u017e do semifin\u00e1le nepostoupil, dos\u00e1hl letos ve sprintech dal\u0161\u00edho, velmi dobr\u00e9ho v\u00fdsledku. Stejn\u011b tak, jako <strong><span style=\"color: #800000;\">Mat\u011bj Maz\u00e1nek<\/span><\/strong> s <span style=\"color: #800000;\"><strong>V\u00ed\u0165ou Such\u00e1nkem<\/strong><\/span>, kte\u0159\u00ed brali um\u00edst\u011bn\u00ed ve druh\u00e9 polovin\u011b druh\u00e9, resp. t\u0159et\u00ed des\u00edtky v\u00fdsledkov\u00e9 listiny a oproti Brnu si tak\u00e9 docela slu\u0161n\u011b polep\u0161ili. Na\u0161e \u00fasp\u011b\u0161n\u00e9 sobotn\u00ed sprintov\u00e1n\u00ed pod nejvy\u0161\u0161\u00ed \u010deskou horou efektn\u011b uzav\u0159el ziskem st\u0159\u00edbra junior <span style=\"color: #800000;\"><strong>Dominik Prudek<\/strong><\/span>. Byl suver\u00e9nn\u011b nejrychlej\u0161\u00ed v kvalifikaci a ve vyrovnan\u00e9m fin\u00e1le ho od zlata d\u011blila pouh\u00e1 vte\u0159inka! Neb\u00fdt ne\u0161etrn\u00e9ho &#8222;p\u0159iv\u0159en\u00ed&#8220; Dominika pozd\u011bj\u0161\u00edm v\u00edt\u011bzem, borcem Jana Slav\u00ed\u010dka, Kry\u0161tofem Sola\u0159em, mohlo b\u00fdt pravd\u011bpodobn\u011b ze sobotn\u00edch Krkono\u0161 zlata do t\u0159etice! Ale i tak: Bravo Dom\u010da!<\/p>\n<figure id=\"attachment_4884\" aria-describedby=\"caption-attachment-4884\" style=\"width: 583px\" class=\"wp-caption alignnone\"><a href=\"http:\/\/www.moravecteam.cz\/?attachment_id=4884\" rel=\"attachment wp-att-4884\"><img decoding=\"async\" loading=\"lazy\" class=\" wp-image-4884\" alt=\"P1260440\" src=\"http:\/\/www.moravecteam.cz\/wp-content\/uploads\/2016\/07\/P1260440.jpg\" width=\"583\" height=\"727\" srcset=\"https:\/\/www.moravecteam.cz\/wp-content\/uploads\/2016\/07\/P1260440.jpg 583w, https:\/\/www.moravecteam.cz\/wp-content\/uploads\/2016\/07\/P1260440-240x300.jpg 240w\" sizes=\"(max-width: 583px) 100vw, 583px\" \/><\/a><figcaption id=\"caption-attachment-4884\" class=\"wp-caption-text\">Excelentn\u00ed sprinter Dominik Prudek. V Peci pod Sn\u011b\u017ekou op\u011bt svoji dynami\u010dnost potvrdil!<\/figcaption><\/figure>\n<p style=\"text-align: justify;\">Pale\u010dky jsme samoz\u0159ejm\u011b ma\u010dkali i <span style=\"color: #800000;\"><strong>Ad\u00e9le \u0160af\u00e1\u0159ov\u00e9.<\/strong><\/span> Na\u0161e odchovankyn\u011b, toho \u010dasu reprezentantka t\u00fdmu Nutrend Specialized sice ve fin\u00e1le sprintu sv\u00e9 kategorie skon\u010dila stejn\u011b jako Honza D\u017eony \u0160indel\u00e1\u0159, na nepopul\u00e1rn\u00ed, &#8222;bramborov\u00e9&#8220; pozici, to u\u017e se ale mohla py\u0161nit zlatou medail\u00ed z dopoledn\u00ed novinky &#8211; MTB z\u00e1vodu do vrchu &#8211; &#8222;uphillu&#8220;. \u00a0Bravo Adys! Vra\u0165me se ale je\u0161t\u011b ke sprint\u016fm. Kategorii mu\u017e\u016f ELITE ovl\u00e1dl hork\u00fd favorit Filip Kub\u00edn (GT Opportinity), p\u0159i\u010dem\u017e na p\u011bkn\u00e9m, 12. m\u00edst\u011b byl klasifikov\u00e1n b\u00fdval\u00fd MORAVEC, sloupsk\u00fd Jirka \u0160t\u011bpan\u00edk (J.K. Cycling Team). K medilist\u016fm MORAVCE let\u00ed na\u0161e gratulova\u010dka, v\u0161em rajdr\u016fm pak d\u00edky za poctiv\u00e9 v\u00fdkony &#8222;na doraz&#8220; a podp\u016frn\u00e9mu t\u00fdm d\u00edku za skv\u011ble zabezpe\u010den\u00e9 z\u00e1zem\u00ed. P\u0159esn\u00fd v\u00fdsledkov\u00fd sum\u00e1\u0159 MORAVC\u016e ze sobotn\u00edch sprint\u016f je tento a pozorn\u011b studujte i pr\u016fb\u011b\u017en\u00e9 um\u00edst\u011bn\u00ed na\u0161ich po t\u0159ech odjet\u00fdch z\u00e1vodech (uvedeno v z\u00e1vorce), kter\u00e9 je pro n\u00e1s velmi mile \u0161okuj\u00edc\u00ed!<\/p>\n<ul>\n<li style=\"text-align: justify;\">\u017e\u00e1ci:\u00a0<strong><span style=\"color: #ff6600;\">1. Tom\u00e1\u0161 Tlamka &#8222;Contador&#8220; <\/span><span style=\"color: #ff6600;\">(1.)<\/span><\/strong>&#8230;. 4. Honza &#8222;Johny&#8220; \u0160indel\u00e1\u0159 <strong>(<span style=\"color: #000000;\">4.)<\/span><\/strong>&#8230; 41. Jakub Tesa\u0159 (dosud nbodoval)&#8230;., 51. Roman \u0160indel\u00e1\u0159 (dosud nebodoval)<\/li>\n<li style=\"text-align: justify;\">kadetky:\u00a0<strong><span style=\"color: #ff6600;\">1. Jana &#8222;D\u017eejn&#8220; Tesa\u0159ov\u00e1 <\/span><span style=\"color: #ff6600;\">(1.)<\/span><\/strong>, &#8230;<strong><span style=\"color: #993300;\">3. Anna Zem\u00e1nkov\u00e1 <span style=\"color: #808080;\">(2.)<\/span><\/span><\/strong>, ..13. Krist\u00fdna Haasov\u00e1 <strong>(11.)<\/strong>, Monika Kone\u010dn\u00e1 &#8211; nestartovala <strong>(20.)<\/strong><\/li>\n<li>kadeti: 13. Karel Vinick\u00fd <strong>(9.)<\/strong>, &#8230;19. Mat\u011bj Maz\u00e1nek <strong>(29.)<\/strong>, &#8230;27. V\u00ed\u0165a Such\u00e1nek <strong>(36.)<\/strong>.<\/li>\n<li>juniorky: 4. Ad\u00e9la \u0160af\u00e1\u0159ov\u00e1 <span style=\"color: #ff6600;\"><strong>(1.)<\/strong><\/span><\/li>\n<li>junio\u0159i: <strong><span style=\"color: #808080;\">2. Dominik Prudek <\/span><span style=\"color: #ff6600;\">(1.)<\/span><\/strong><\/li>\n<li>uphill &#8211; juniorky: <span style=\"color: #ff6600;\"><strong>1. Aad\u00e9la \u0160af\u00e1\u0159ov\u00e1<\/strong><\/span><\/li>\n<\/ul>\n<p style=\"text-align: justify;\">Zde si m\u016f\u017eete <strong><a href=\"http:\/\/sportsoft.cz\/cs\/zavod\/overview\/1831\">kompletn\u00ed v\u00fdsledky<\/a><\/strong> ze sobotn\u00edch poh\u00e1rov\u00fdch sprint\u016f ov\u011b\u0159it. Zde je u\u017e i <strong><a href=\"http:\/\/moravecteam.rajce.idnes.cz\/2016.07.16-17_CP_MTB_XCE_a_XCO_Pec_pod_Snezkou\/\">fotogalerie<\/a><\/strong> ze soboty a ned\u011ble.<\/p>\n<figure id=\"attachment_4885\" aria-describedby=\"caption-attachment-4885\" style=\"width: 903px\" class=\"wp-caption alignnone\"><a href=\"http:\/\/www.moravecteam.cz\/?attachment_id=4885\" rel=\"attachment wp-att-4885\"><img decoding=\"async\" loading=\"lazy\" class=\" wp-image-4885\" alt=\"P1260468\" src=\"http:\/\/www.moravecteam.cz\/wp-content\/uploads\/2016\/07\/P1260468.jpg\" width=\"903\" height=\"913\" srcset=\"https:\/\/www.moravecteam.cz\/wp-content\/uploads\/2016\/07\/P1260468.jpg 903w, https:\/\/www.moravecteam.cz\/wp-content\/uploads\/2016\/07\/P1260468-25x25.jpg 25w, https:\/\/www.moravecteam.cz\/wp-content\/uploads\/2016\/07\/P1260468-296x300.jpg 296w\" sizes=\"(max-width: 903px) 100vw, 903px\" \/><\/a><figcaption id=\"caption-attachment-4885\" class=\"wp-caption-text\">Ad\u00e9la \u0160af\u00e1\u0159ov\u00e1 slavila v sobotu v peci pod Sn\u011b\u017ekou premi\u00e9rov\u00e9 v\u00edt\u011bzstv\u00ed v z\u00e1vod\u011b do vrchu (uphill).<\/figcaption><\/figure>\n<p style=\"text-align: justify;\">\n","protected":false},"excerpt":{"rendered":"<p>Ne, nebojte se&#8230; Nenechte se zm\u00e1st nadpisem. \u00a0Nep\u0159ech\u00e1z\u00edme z vrcholov\u00e9 cyklistiky do oblasti kulin\u00e1\u0159stv\u00ed&#8230; To z Pece \u00a0(pod Sn\u011b\u017ekou) vezeme ze sobotn\u00edch z\u00e1vod\u016f \u010cP ve sprintu &#8222;placky&#8220; (mysl\u00ed se t\u00edm medaile)! Elimin\u00e1tor se v r\u00e1mci leto\u0161n\u00edch z\u00e1vod\u016f \u010cesk\u00e9ho poh\u00e1ru horsk\u00fdch kol stal na\u0161\u00ed par\u00e1dn\u00ed disciplinou! Po skv\u011ble zajet\u00fdch sprintech v Praze a Brn\u011b se na\u0161i &hellip; <a href=\"https:\/\/www.moravecteam.cz\/?p=4875\" class=\"more-link\">Pokra\u010dov\u00e1n\u00ed textu <span class=\"screen-reader-text\">&#8222;Placky&#8220; z Pece!<\/span> <span class=\"meta-nav\">&rarr;<\/span><\/a><\/p>\n","protected":false},"author":3,"featured_media":4881,"comment_status":"open","ping_status":"closed","sticky":false,"template":"","format":"standard","meta":[],"categories":[1],"tags":[],"_links":{"self":[{"href":"https:\/\/www.moravecteam.cz\/index.php?rest_route=\/wp\/v2\/posts\/4875"}],"collection":[{"href":"https:\/\/www.moravecteam.cz\/index.php?rest_route=\/wp\/v2\/posts"}],"about":[{"href":"https:\/\/www.moravecteam.cz\/index.php?rest_route=\/wp\/v2\/types\/post"}],"author":[{"embeddable":true,"href":"https:\/\/www.moravecteam.cz\/index.php?rest_route=\/wp\/v2\/users\/3"}],"replies":[{"embeddable":true,"href":"https:\/\/www.moravecteam.cz\/index.php?rest_route=%2Fwp%2Fv2%2Fcomments&post=4875"}],"version-history":[{"count":13,"href":"https:\/\/www.moravecteam.cz\/index.php?rest_route=\/wp\/v2\/posts\/4875\/revisions"}],"predecessor-version":[{"id":4913,"href":"https:\/\/www.moravecteam.cz\/index.php?rest_route=\/wp\/v2\/posts\/4875\/revisions\/4913"}],"wp:featuredmedia":[{"embeddable":true,"href":"https:\/\/www.moravecteam.cz\/index.php?rest_route=\/wp\/v2\/media\/4881"}],"wp:attachment":[{"href":"https:\/\/www.moravecteam.cz\/index.php?rest_route=%2Fwp%2Fv2%2Fmedia&parent=4875"}],"wp:term":[{"taxonomy":"category","embeddable":true,"href":"https:\/\/www.moravecteam.cz\/index.php?rest_route=%2Fwp%2Fv2%2Fcategories&post=4875"},{"taxonomy":"post_tag","embeddable":true,"href":"https:\/\/www.moravecteam.cz\/index.php?rest_route=%2Fwp%2Fv2%2Ftags&post=4875"}],"curies":[{"name":"wp","href":"https:\/\/api.w.org\/{rel}","templated":true}]}}