{"id":4896,"date":"2016-07-17T22:33:18","date_gmt":"2016-07-17T20:33:18","guid":{"rendered":"http:\/\/www.moravecteam.cz\/?p=4896"},"modified":"2016-07-18T22:31:37","modified_gmt":"2016-07-18T20:31:37","slug":"generalka-na-vybornou","status":"publish","type":"post","link":"https:\/\/www.moravecteam.cz\/?p=4896","title":{"rendered":"Gener\u00e1lka na v\u00fdbornou!"},"content":{"rendered":"<p style=\"text-align: justify;\"><span style=\"color: #800000;\"><strong>Sm\u011ble a tradi\u010dn\u00edm opatrn\u00fdm optimismem m\u016f\u017eeme vyhl\u00ed\u017eet vrchol sez\u00f3ny, kter\u00fdm bude za t\u00fdden Mistrovstv\u00ed \u010cR horsk\u00fdch kol v Bed\u0159ichov\u011b u Jablonce. Gener\u00e1lka v Peci pod Sn\u011b\u017ekou, kde se jel p\u0159edposledn\u00ed &#8222;poh\u00e1r&#8220; toti\u017e dopadla pro MORAVEC na v\u00fdbornou a v\u0161e nasv\u011bd\u010duje tomu, \u017ee forma by m\u011bla na\u0161im kulminovat v pravou chv\u00edli a na prav\u00e9m m\u00edst\u011b! Po na\u0161ich medailov\u00fdch hodech v sobotn\u00edm krkono\u0161sk\u00e9m elimin\u00e1toru, jsme zaznamenali v\u00fdborn\u00e9 v\u00fdkony a v\u00fdsledky na\u0161ich i v ned\u011bln\u00ed MTB XCO klasice. V\u017edy\u0165 z t\u0159in\u00e1cti na\u0161ich st\u00edha\u010d\u016f, kte\u0159\u00ed vystartovali na n\u00e1ro\u010dn\u00fdch trat\u00edch v Peci do boj\u016f, jich hned sedm dos\u00e1hlo um\u00edst\u011bn\u00ed v prvn\u00ed patn\u00e1ctce v\u00fdsledkov\u00fdch listin!<\/strong><\/span><\/p>\n<figure id=\"attachment_4914\" aria-describedby=\"caption-attachment-4914\" style=\"width: 1024px\" class=\"wp-caption alignnone\"><a href=\"http:\/\/www.moravecteam.cz\/?attachment_id=4914\" rel=\"attachment wp-att-4914\"><img decoding=\"async\" loading=\"lazy\" class=\" wp-image-4914\" alt=\"IMG_4121\" src=\"http:\/\/www.moravecteam.cz\/wp-content\/uploads\/2016\/07\/IMG_4121.jpg\" width=\"1024\" height=\"1085\" srcset=\"https:\/\/www.moravecteam.cz\/wp-content\/uploads\/2016\/07\/IMG_4121.jpg 1024w, https:\/\/www.moravecteam.cz\/wp-content\/uploads\/2016\/07\/IMG_4121-25x25.jpg 25w, https:\/\/www.moravecteam.cz\/wp-content\/uploads\/2016\/07\/IMG_4121-283x300.jpg 283w, https:\/\/www.moravecteam.cz\/wp-content\/uploads\/2016\/07\/IMG_4121-966x1024.jpg 966w\" sizes=\"(max-width: 1024px) 100vw, 1024px\" \/><\/a><figcaption id=\"caption-attachment-4914\" class=\"wp-caption-text\">V sobotn\u00edm sprintu kraloval star\u0161\u00edm \u017e\u00e1k\u016fm Tom\u00e1\u0161 Tlamka &#8222;Contador&#8220;!<\/figcaption><\/figure>\n<p style=\"text-align: justify;\">Pravda, tradi\u010dn\u011b prvn\u00edmu bojovn\u00edkovi z na\u0161ich \u0159ad, mlad\u0161\u00edmu \u017e\u00e1kovi <strong><span style=\"color: #800000;\">Romanu \u0160indel\u00e1\u0159ovi,<\/span><\/strong> body tentokr\u00e1t t\u011bsn\u011b unikly, ale jeho p\u0159\u00edkladn\u00e1 bojovnost na trati byla pro ten den z\u00e1\u0159n\u00fdm vzorem ostatn\u00edm MORAVC\u016eM. Medailovou radost n\u00e1m ud\u011blal hned n\u00e1sledn\u00fd start star\u0161\u00edch \u017e\u00e1k\u016f. <strong><span style=\"color: #800000;\">Tom\u00e1\u0161 Tlamka &#8222;Contador&#8220;<\/span><\/strong> sv\u00fdm v\u00fdkonem znovu potvrdil svooji n\u00e1le\u017eitost k neju\u017e\u0161\u00ed \u0161pi\u010dce v t\u00e9to kategorii. Jeho bronz je toho d\u016fkazem, mohlo to b\u00fdt mo\u017en\u00e1 i st\u0159\u00edbro \u010di zlato neb\u00fdt Tomova zdr\u017een\u00ed p\u0159i p\u0159edj\u00ed\u017ed\u011bn\u00ed pomalej\u0161\u00ed skupinky z chvostu pole star\u0161\u00edch \u017e\u00e1ky\u0148&#8230; V\u00fdborn\u011b si znovu vedl i Honza &#8222;D\u017eony&#8220; \u0160indel\u00e1\u0159, kter\u00fd op\u011bt bez pot\u00ed\u017e\u00ed proniklnul po razantn\u00ed j\u00edzd\u011b do TOP 10 a na body dos\u00e1hnul i &#8222;prvoro\u010d\u00e1k&#8220; <span style=\"color: #800000;\"><strong>Jakub Tesa\u0159<\/strong><\/span>. Bravo kluci! Zaj\u00edmav\u00e9 jsou i pozice na\u0161ich v pr\u016fb\u011b\u017en\u00e9m po\u0159ad\u00ed \u010cP p\u0159ed posledn\u00edm z\u00e1vodem, p\u0159i\u010dem\u017e &#8222;Contador&#8220; m\u00e1 re\u00e1lnou \u0161anci dos\u00e1hnout celkov\u011b na medailovou pozici!<\/p>\n<figure id=\"attachment_4915\" aria-describedby=\"caption-attachment-4915\" style=\"width: 992px\" class=\"wp-caption alignnone\"><a href=\"http:\/\/www.moravecteam.cz\/?attachment_id=4915\" rel=\"attachment wp-att-4915\"><img decoding=\"async\" loading=\"lazy\" class=\" wp-image-4915\" alt=\"IMG_4124\" src=\"http:\/\/www.moravecteam.cz\/wp-content\/uploads\/2016\/07\/IMG_4124.jpg\" width=\"992\" height=\"1064\" srcset=\"https:\/\/www.moravecteam.cz\/wp-content\/uploads\/2016\/07\/IMG_4124.jpg 992w, https:\/\/www.moravecteam.cz\/wp-content\/uploads\/2016\/07\/IMG_4124-279x300.jpg 279w, https:\/\/www.moravecteam.cz\/wp-content\/uploads\/2016\/07\/IMG_4124-954x1024.jpg 954w\" sizes=\"(max-width: 992px) 100vw, 992px\" \/><\/a><figcaption id=\"caption-attachment-4915\" class=\"wp-caption-text\">Sprint kadetek byl plnn\u011b v re\u017eii borek z MORAVCE!<\/figcaption><\/figure>\n<p style=\"text-align: justify;\">I dal\u0161\u00ed dopoledn\u00ed start n\u00e1s eminentn\u011b zaj\u00edmal, proto\u017ee znovu hned \u010dty\u0159i MORAVCI \u0161li v z\u00e1vod\u011b kadet\u016f a mu\u017e\u016f EXPERT do akce. Z kadet\u016f zajel dosud sv\u016fj nejlep\u0161\u00ed v\u00fdsledek z\u00e1vod od z\u00e1vodu se lep\u0161\u00edc\u00ed <strong><span style=\"color: #800000;\">Karel Vinick\u00fd.<\/span><\/strong><span style=\"color: #800000;\">\u00a0<\/span><span style=\"color: #800000;\"><span style=\"color: #000000;\">S nevelkou ztr\u00e1tou za n\u00edm dospurtoval do c\u00edle i <strong><span style=\"color: #800000;\">Mat\u011bj Maz\u00e1nek<\/span><\/strong>, body mu ale tentokr\u00e1t t\u011bsn\u011b unikly&#8230; Stejn\u011b jako <strong><span style=\"color: #800000;\">V\u00ed\u0165ovi Such\u00e1nkovi<\/span><\/strong>, kter\u00fd ale v nabit\u00e9 konkurenci uh\u00e1jil pozici v prvn\u00ed pades\u00e1tce v\u00fdsledkov\u00e9 listiny. Skv\u011bl\u00fdm v\u00fdsledkem se ve stejn\u00e9m startu prezentoval <strong><span style=\"color: #800000;\">Luk\u00e1\u0161 Gregor<\/span><\/strong>. ten zajel v Peci pod Sn\u011b\u017ekou svoje leto\u0161n\u00ed maximum a v\u00fdsledkov\u011b dokonce &#8222;pokukoval&#8220; po elitn\u00ed TOP 10! I tento &#8222;qartet&#8220; na\u0161ich z p\u0159edpolen\u00edho startu je t\u0159eba pochv\u00e1lit za p\u0159\u00edkladnou bojovnost! V t\u00e9 pokra\u010doval i <strong><span style=\"color: #800000;\">Dominik Prudek<\/span><\/strong>, kter\u00fd v prav\u00e9 poledne vyrazil na tra\u0165 se ve sme\u010dce 30 soupe\u0159\u016f v z\u00e1vod\u011b junior\u016f. Dominik v pr\u016fb\u011bhu z\u00e1vodu postupn\u011b zrychloval a v c\u00edli z toho bylo po z\u00e1sluze velmi cenn\u00e9, 7. m\u00edsto! Bravo Dom\u010da! Borec, kter\u00e9ho v Bed\u0159ichov\u011b \u010dek\u00e1 krom\u011b klasiky XCO a Elimin\u00e1tora pravd\u011bpodobn\u011b i z\u00e1vod \u0161tafet, m\u00e1 sil na rozd\u00e1v\u00e1n\u00ed a z minulosti u\u017e v\u00edme, \u017ee se na &#8222;mistr\u00e1k&#8220; um\u00ed neskute\u010dn\u011b &#8222;hecnout&#8220;.<\/span><\/span><\/p>\n<figure id=\"attachment_4916\" aria-describedby=\"caption-attachment-4916\" style=\"width: 1210px\" class=\"wp-caption alignnone\"><a href=\"http:\/\/www.moravecteam.cz\/?attachment_id=4916\" rel=\"attachment wp-att-4916\"><img decoding=\"async\" loading=\"lazy\" class=\" wp-image-4916\" alt=\"IMG_4127\" src=\"http:\/\/www.moravecteam.cz\/wp-content\/uploads\/2016\/07\/IMG_4127.jpg\" width=\"1210\" height=\"1343\" srcset=\"https:\/\/www.moravecteam.cz\/wp-content\/uploads\/2016\/07\/IMG_4127.jpg 1210w, https:\/\/www.moravecteam.cz\/wp-content\/uploads\/2016\/07\/IMG_4127-270x300.jpg 270w, https:\/\/www.moravecteam.cz\/wp-content\/uploads\/2016\/07\/IMG_4127-922x1024.jpg 922w\" sizes=\"(max-width: 1210px) 100vw, 1210px\" \/><\/a><figcaption id=\"caption-attachment-4916\" class=\"wp-caption-text\">Dominik Prudek &#8211; pravideln\u00fd n\u00e1v\u0161t\u011bvn\u00edk leto\u0161n\u00ed &#8222;sprint\u00e9rsk\u00e9 bedny&#8220;!<\/figcaption><\/figure>\n<p style=\"text-align: justify;\">Ve 13.30 byl pod Sn\u011b\u017ekou odstartov\u00e1m p\u0159eposledn\u00ed z\u00e1vod, kdy ve vln\u00e1ch vyrazily na tra\u0165 \u017eeny, juniorky a kadetky. Ve startovn\u00edm poli nejmlad\u0161\u00edch d\u00edvek tohoto &#8222;bal\u00edku&#8220; jsme fandili hned \u010dty\u0159em na\u0161im holk\u00e1m. Z\u00e1vod v\u00fdborn\u011b rozjela <strong><span style=\"color: #800000;\">Jana Tesa\u0159ov\u00e1<\/span><\/strong>, V pr\u016fb\u011bhu prvn\u00edho kola si kontrolovala \u010delo, ale bohu\u017eel p\u0159i n\u00e1sledn\u00e9m pr\u016fjezdu depem byla nucena z\u00e1vod pro vy\u010derp\u00e1n\u00ed z \u00fanavy vzd\u00e1t. Jej\u00ed pozici mezi nejleo\u0161\u00edmi zdatn\u011b p\u0159evzala skv\u011ble jedouc\u00ed <span style=\"color: #800000;\"><strong>Ani\u010dka Zem\u00e1nkov\u00e1<\/strong><\/span>, kter\u00e1 sv\u016fj bojovn\u00fd v\u00fdkon korunovala tak\u00e9 leto\u0161n\u00edm nejlep\u0161\u00edm v\u00fdsledkem! Do TOP 10 se prosadila letos poprv\u00e9 i <span style=\"color: #800000;\"><strong>Krist\u00fdna Haasov\u00e1<\/strong><\/span> a v\u00fdrazn\u00e9 leto\u0161n\u00ed v\u00fdsledkov\u00e9 maximum zajela v ned\u011bli i kapit\u00e1nka rajdr\u016fMORAVEC Teamu a p\u0159\u00edklad bojovnosti &#8211; <strong><span style=\"color: #800000;\">Monika Kone\u010dn\u00e1<\/span><\/strong>! V\u011bru d\u016fstojnou te\u010dku ud\u011blaly kadetky za na\u0161im v\u00edkendov\u00fdm krkono\u0161sk\u00fdm p\u0159edstaven\u00edm! I holk\u00e1m pat\u0159\u00ed za \u0159edveden\u00e9 v\u00fdkony a v\u00fdsledky velk\u00e1 pochvala! Stejn\u011b jako na\u0161\u00ed odchovankyni, <strong><span style=\"color: #800000;\">Ad\u00e9le \u0160af\u00e1\u0159ov\u00e9<\/span><\/strong> (Nutrend Spcialized), kter\u00e1 si ud\u011blala ze startu juniorek vlastn\u00ed z\u00e1vod a po vzoru sv\u00fdch ned\u00e1vn\u00fdch \u00fa\u010dinkov\u00e1n\u00ed na MTB &#8222;Vrchovin\u011b&#8220; si i v Peci pod Sn\u011b\u017ekou dojela pro dal\u0161\u00ed, jasn\u00e9 prvenstv\u00ed! I ona bude pravd\u011bpodobn\u011b jednou z kl\u00ed\u010dov\u00fdch borek na bl\u00ed\u017e\u00edc\u00edm se M\u010cR pro z\u00e1vod \u0161tafet. Zde mrn\u011bte na v\u00fdsledkov\u00fd sum\u00e1\u0159 na\u0161ich z ned\u011bln\u00edho z\u00e1vodu XCO v Peci pod Sn\u011b\u017ekou:<\/p>\n<ul>\n<li>mlad\u0161\u00ed \u017e\u00e1ci: 39. Roman \u0160indel\u00e1\u0159 \/ celkov\u011b po p\u011bti z\u00e1vodech 30.<\/li>\n<li>\u017e\u00e1ci:<strong><span style=\"color: #993300;\"> 3. Tom\u00e1\u0161 Tlamka &#8222;Contador&#8220;<\/span><\/strong> \/ 4., &#8230;. 9. Honza &#8222;Johny&#8220; \u0160indel\u00e1\u0159 \/ 7., &#8230; 33. Jakub Tesa\u0159 \/ 38.<\/li>\n<li>kadetky: 5. Anna Zem\u00e1nkov\u00e1 \/ 7., &#8230;10. Krist\u00fdna Haasov\u00e1 \/ 21.,..15. Monika Kone\u010dn\u00e1 \/ 20&#8230;.,\u00a0Jana &#8222;D\u017eejn&#8220; Tesa\u0159ov\u00e1 &#8211; z\u00e1vod nedokon\u010dila \/ 5.<\/li>\n<li>kadeti: 33. Karel Vinick\u00fd \/ 53., &#8230;36. Mat\u011bj Maz\u00e1nek \/ 48., &#8230;48. V\u00ed\u0165a Such\u00e1nek \/ zat\u00edm nebodoval<\/li>\n<li>juniorky: <span style=\"color: #ff6600;\"><strong>1. Ad\u00e9la \u0160af\u00e1\u0159ov\u00e1<\/strong><\/span> \/ 1.<\/li>\n<li>junio\u0159i: 7. Dominik Prudek \/ 6.<\/li>\n<li>mu\u017ei EXPERT: 11. Luk\u00e1\u0161 Gregor \/ 17.<\/li>\n<\/ul>\n<p style=\"text-align: justify;\">Je\u0161t\u011b jednou d\u00edky v\u0161em na\u0161im rajdr\u016fm za &#8222;podlahov\u00e9 v\u00fdkony na krev&#8220; a za vzorn\u00e9 repre MORAVCE, sv\u011bdomit\u00fd podp\u016frn\u00fd t\u00fdm s pochvalou za vzorn\u011b vytvo\u0159en\u00e9 z\u00e1zem\u00ed, samoz\u0159ejm\u011b, nevyj\u00edmaje! Zde je z ned\u011ble ji\u017e kompletn\u00ed, pro n\u00e1s okulib\u00fd, <a href=\"http:\/\/sportsoft.cz\/cs\/zavod\/overview\/1831\"><strong>v\u00fdsledkov\u00fd servis<\/strong><\/a>. \u00a0Zde je<strong><a href=\"http:\/\/moravecteam.rajce.idnes.cz\/2016.07.16-17_CP_MTB_XCE_a_XCO_Pec_pod_Snezkou\/\"> fotogalerie + video<\/a><\/strong> z Pece.<\/p>\n","protected":false},"excerpt":{"rendered":"<p>Sm\u011ble a tradi\u010dn\u00edm opatrn\u00fdm optimismem m\u016f\u017eeme vyhl\u00ed\u017eet vrchol sez\u00f3ny, kter\u00fdm bude za t\u00fdden Mistrovstv\u00ed \u010cR horsk\u00fdch kol v Bed\u0159ichov\u011b u Jablonce. Gener\u00e1lka v Peci pod Sn\u011b\u017ekou, kde se jel p\u0159edposledn\u00ed &#8222;poh\u00e1r&#8220; toti\u017e dopadla pro MORAVEC na v\u00fdbornou a v\u0161e nasv\u011bd\u010duje tomu, \u017ee forma by m\u011bla na\u0161im kulminovat v pravou chv\u00edli a na prav\u00e9m m\u00edst\u011b! Po &hellip; <a href=\"https:\/\/www.moravecteam.cz\/?p=4896\" class=\"more-link\">Pokra\u010dov\u00e1n\u00ed textu <span class=\"screen-reader-text\">Gener\u00e1lka na v\u00fdbornou!<\/span> <span class=\"meta-nav\">&rarr;<\/span><\/a><\/p>\n","protected":false},"author":3,"featured_media":4901,"comment_status":"open","ping_status":"closed","sticky":false,"template":"","format":"standard","meta":[],"categories":[1],"tags":[],"_links":{"self":[{"href":"https:\/\/www.moravecteam.cz\/index.php?rest_route=\/wp\/v2\/posts\/4896"}],"collection":[{"href":"https:\/\/www.moravecteam.cz\/index.php?rest_route=\/wp\/v2\/posts"}],"about":[{"href":"https:\/\/www.moravecteam.cz\/index.php?rest_route=\/wp\/v2\/types\/post"}],"author":[{"embeddable":true,"href":"https:\/\/www.moravecteam.cz\/index.php?rest_route=\/wp\/v2\/users\/3"}],"replies":[{"embeddable":true,"href":"https:\/\/www.moravecteam.cz\/index.php?rest_route=%2Fwp%2Fv2%2Fcomments&post=4896"}],"version-history":[{"count":7,"href":"https:\/\/www.moravecteam.cz\/index.php?rest_route=\/wp\/v2\/posts\/4896\/revisions"}],"predecessor-version":[{"id":4917,"href":"https:\/\/www.moravecteam.cz\/index.php?rest_route=\/wp\/v2\/posts\/4896\/revisions\/4917"}],"wp:featuredmedia":[{"embeddable":true,"href":"https:\/\/www.moravecteam.cz\/index.php?rest_route=\/wp\/v2\/media\/4901"}],"wp:attachment":[{"href":"https:\/\/www.moravecteam.cz\/index.php?rest_route=%2Fwp%2Fv2%2Fmedia&parent=4896"}],"wp:term":[{"taxonomy":"category","embeddable":true,"href":"https:\/\/www.moravecteam.cz\/index.php?rest_route=%2Fwp%2Fv2%2Fcategories&post=4896"},{"taxonomy":"post_tag","embeddable":true,"href":"https:\/\/www.moravecteam.cz\/index.php?rest_route=%2Fwp%2Fv2%2Ftags&post=4896"}],"curies":[{"name":"wp","href":"https:\/\/api.w.org\/{rel}","templated":true}]}}