{"id":4904,"date":"2016-07-17T23:00:55","date_gmt":"2016-07-17T21:00:55","guid":{"rendered":"http:\/\/www.moravecteam.cz\/?p=4904"},"modified":"2016-07-18T11:35:52","modified_gmt":"2016-07-18T09:35:52","slug":"co-se-bude-dit-st29-2","status":"publish","type":"post","link":"https:\/\/www.moravecteam.cz\/?p=4904","title":{"rendered":"Co se bude d\u00edt? (ST29)"},"content":{"rendered":"<h5><span style=\"color: #993300;\">Pond\u011bl\u00ed 18.7. 2016<\/span><\/h5>\n<p><span style=\"color: #000000;\">M\u0161e Svat\u00e1 za MORAVEC<\/span> Team. S panem far\u00e1\u0159em Koutn\u00edkem se sejdeme v Pavlovsk\u00e9 kapli\u010dce v 18.00 hodin.<\/p>\n<h5><span style=\"color: #993300;\">\u00dater\u00fd 19.7. 2016<\/span><\/h5>\n<ul>\n<li style=\"text-align: justify;\">Odjezd MORAVEC Teamu na M\u010cR do Bed\u0159ichova. Dbejte pokyn\u016f tren\u00e9r\u016f, p\u0159epravn\u00ed &#8222;noty&#8220; k t\u011bm, kter\u00fdch se akce t\u00fdk\u00e1, doraz\u00ed v pr\u016fb\u011bhu pond\u011bl\u00ed.<\/li>\n<li style=\"text-align: justify;\">Pr\u016fzkum trasy leto\u0161n\u00edho kempu. Jedu j\u00e1 a se mnou m\u00edstn\u011b znal\u00fd, zku\u0161en\u00fd &#8222;stopa\u0159&#8220;. Kdyby cht\u011bl n\u011bkdo s n\u00e1mi riskantn\u00ed jednodenn\u00ed pr\u016fzkum absolvovat (najedeme cca 80km), ozv\u011bte se mi b\u011bhem pond\u011bl\u00ed na moje 605 0J\u00e1gr 0Nagano.<\/li>\n<\/ul>\n<h5 style=\"text-align: justify;\"><span style=\"color: #993300;\"><strong>St\u0159eda 20.7. 2016<\/strong><\/span><\/h5>\n<p style=\"text-align: justify;\">Tr\u00e9nink mlad\u00fdch cyklist\u016f druh\u00e9 vlny venku na kolech, tentokr\u00e1t s tren\u00e9rkou\u00a0<strong><span style=\"color: #993300;\">Nikolou Hlubinkovou, <\/span><\/strong><span style=\"color: #993300;\"><span style=\"color: #000000;\">kter\u00e9 pravd\u011bpodobn\u011b pom\u016f\u017ee Pavel Tlamka. <\/span><\/span>\u00a0Sraz v 17.00 na Okrouhl\u00e9 u Tlamk\u016f \u010d.p. 117.<\/p>\n<h5><span style=\"color: #993300;\">P\u00e1tek 22.7. 2016<\/span><\/h5>\n<p>\u00da\u010dast MORAVEC Teamu na M\u010cR MTB v Bed\u0159ichov\u011b. V p\u00e1tek se jedou \u0161tafety. Zde studujte\u00a0<strong><a href=\"http:\/\/www.poharmtb.cz\/\">z\u00e1kladn\u00ed propozice<\/a>.<\/strong><\/p>\n<h5><span style=\"color: #993300;\">Sobota 23.7. 2016<\/span><\/h5>\n<p>\u00da\u010dast MORAVEC Teamu na M\u010cR MTB XCE v Bed\u0159ichov\u011b. Zde studujte\u00a0<strong><a href=\"http:\/\/www.poharmtb.cz\/\">z\u00e1kladn\u00ed propozice<\/a><\/strong>.<\/p>\n<h5><span style=\"color: #993300;\">Ned\u011ble 23.7. 2016<\/span><\/h5>\n<p>\u00da\u010dast MORAVEC Teamu na M\u010cR MTB XCO v Bed\u0159ichov\u011b. Zde studujte\u00a0<strong><a href=\"http:\/\/www.poharmtb.cz\/\">z\u00e1kladn\u00ed propozice<\/a><\/strong>.<\/p>\n<h5><\/h5>\n","protected":false},"excerpt":{"rendered":"<p>Pond\u011bl\u00ed 18.7. 2016 M\u0161e Svat\u00e1 za MORAVEC Team. S panem far\u00e1\u0159em Koutn\u00edkem se sejdeme v Pavlovsk\u00e9 kapli\u010dce v 18.00 hodin. \u00dater\u00fd 19.7. 2016 Odjezd MORAVEC Teamu na M\u010cR do Bed\u0159ichova. Dbejte pokyn\u016f tren\u00e9r\u016f, p\u0159epravn\u00ed &#8222;noty&#8220; k t\u011bm, kter\u00fdch se akce t\u00fdk\u00e1, doraz\u00ed v pr\u016fb\u011bhu pond\u011bl\u00ed. Pr\u016fzkum trasy leto\u0161n\u00edho kempu. Jedu j\u00e1 a se mnou m\u00edstn\u011b &hellip; <a href=\"https:\/\/www.moravecteam.cz\/?p=4904\" class=\"more-link\">Pokra\u010dov\u00e1n\u00ed textu <span class=\"screen-reader-text\">Co se bude d\u00edt? (ST29)<\/span> <span class=\"meta-nav\">&rarr;<\/span><\/a><\/p>\n","protected":false},"author":3,"featured_media":4910,"comment_status":"open","ping_status":"closed","sticky":false,"template":"","format":"standard","meta":[],"categories":[11],"tags":[],"_links":{"self":[{"href":"https:\/\/www.moravecteam.cz\/index.php?rest_route=\/wp\/v2\/posts\/4904"}],"collection":[{"href":"https:\/\/www.moravecteam.cz\/index.php?rest_route=\/wp\/v2\/posts"}],"about":[{"href":"https:\/\/www.moravecteam.cz\/index.php?rest_route=\/wp\/v2\/types\/post"}],"author":[{"embeddable":true,"href":"https:\/\/www.moravecteam.cz\/index.php?rest_route=\/wp\/v2\/users\/3"}],"replies":[{"embeddable":true,"href":"https:\/\/www.moravecteam.cz\/index.php?rest_route=%2Fwp%2Fv2%2Fcomments&post=4904"}],"version-history":[{"count":6,"href":"https:\/\/www.moravecteam.cz\/index.php?rest_route=\/wp\/v2\/posts\/4904\/revisions"}],"predecessor-version":[{"id":4912,"href":"https:\/\/www.moravecteam.cz\/index.php?rest_route=\/wp\/v2\/posts\/4904\/revisions\/4912"}],"wp:featuredmedia":[{"embeddable":true,"href":"https:\/\/www.moravecteam.cz\/index.php?rest_route=\/wp\/v2\/media\/4910"}],"wp:attachment":[{"href":"https:\/\/www.moravecteam.cz\/index.php?rest_route=%2Fwp%2Fv2%2Fmedia&parent=4904"}],"wp:term":[{"taxonomy":"category","embeddable":true,"href":"https:\/\/www.moravecteam.cz\/index.php?rest_route=%2Fwp%2Fv2%2Fcategories&post=4904"},{"taxonomy":"post_tag","embeddable":true,"href":"https:\/\/www.moravecteam.cz\/index.php?rest_route=%2Fwp%2Fv2%2Ftags&post=4904"}],"curies":[{"name":"wp","href":"https:\/\/api.w.org\/{rel}","templated":true}]}}