{"id":4918,"date":"2016-07-19T23:19:35","date_gmt":"2016-07-19T21:19:35","guid":{"rendered":"http:\/\/www.moravecteam.cz\/?p=4918"},"modified":"2016-07-21T07:17:10","modified_gmt":"2016-07-21T05:17:10","slug":"mse-svata-za-moravec","status":"publish","type":"post","link":"https:\/\/www.moravecteam.cz\/?p=4918","title":{"rendered":"M\u0161e Svat\u00e1 za MORAVEC"},"content":{"rendered":"<p style=\"text-align: justify;\"><span style=\"color: #800000;\"><strong>Vzpom\u00edn\u00e1te? Poprv\u00e9 jsme se letos se\u0161li p\u0159i historicky prvn\u00ed M\u0161i Svat\u00e9 za MORAVEC Team ve \u010dtvrtek, 7. dubna, p\u0159ed prvn\u00edm z\u00e1vodem \u010cesk\u00e9ho poh\u00e1ru horsk\u00fdch kol, kter\u00fd hostila o v\u00edkendu 9. a\u017e 10. dubna Praha. Hned druh\u00fd den vyrazili na\u0161i elitn\u00ed borci a borky do l\u00edt\u00fdch boj\u016f o poh\u00e1rov\u00e9 body. Od onoho sv\u00e1te\u010dn\u00edho \u010dtvrtku proch\u00e1z\u00ed MORAVEC Team sez\u00f3nou od \u00fasp\u011bchu k \u00fasp\u011bchu a byl to znovu n\u00e1pad na\u0161eho \u0161ikovn\u00e9ho \u010dlena Dominika Vi\u010dara, aby se tyto pro odd\u00edl taky pot\u0159ebn\u00e9 chv\u00edle pokory a uchovn\u00edho rozj\u00edm\u00e1n\u00ed nestaly v\u00fdjimkou, n\u00fdbr\u017e pravidlem&#8230;<\/strong><\/span><\/p>\n<figure id=\"attachment_4924\" aria-describedby=\"caption-attachment-4924\" style=\"width: 524px\" class=\"wp-caption alignnone\"><a href=\"http:\/\/www.moravecteam.cz\/?attachment_id=4924\" rel=\"attachment wp-att-4924\"><img decoding=\"async\" loading=\"lazy\" class=\" wp-image-4924\" alt=\"DSCN9309\" src=\"http:\/\/www.moravecteam.cz\/wp-content\/uploads\/2016\/07\/DSCN9309.jpg\" width=\"524\" height=\"636\" srcset=\"https:\/\/www.moravecteam.cz\/wp-content\/uploads\/2016\/07\/DSCN9309.jpg 524w, https:\/\/www.moravecteam.cz\/wp-content\/uploads\/2016\/07\/DSCN9309-247x300.jpg 247w\" sizes=\"(max-width: 524px) 100vw, 524px\" \/><\/a><figcaption id=\"caption-attachment-4924\" class=\"wp-caption-text\">Vedle Moniky Kone\u010dn\u00e9 a Ani\u010dky Zem\u00e1nkov\u00e9 nechyb\u011bla ani Ad\u00e9lka \u0160af\u00e1\u0159ov\u00e1, kter\u00e9 v\u0161echny, v\u010detn\u011b obou na\u0161ich tren\u00e9r\u016f (taky na M\u0161i nechyb\u011bli) jsou ji\u017e aktu\u00e1ln\u011b dislokovan\u00ed na MTB M\u010cR v Bed\u0159ichov\u011b u Jablonce.<\/figcaption><\/figure>\n<p style=\"text-align: justify;\">Maj\u00edc je\u0161t\u011b v \u017eiv\u00e9 pam\u011bti sv\u00e1te\u010dn\u00ed sedm\u00e9 dubnov\u00e9 odpoledne v pavlovsk\u00e9 kapli\u010dce, r\u00e1di jsme s Dom\u010dov\u00fdm n\u00e1vrhem souhlasili a term\u00edn druh\u00e9 M\u0161e za MORAVEC Team jsem ur\u010dili tak trochu analogicky s t\u00edm prvn\u00edm. Se\u0161li jsme se v &#8222;p\u0159edve\u010der&#8220; bikersk\u00e9ho vyrcholu sez\u00f3ny, kter\u00fdm bude o tomto v\u00edkendu MTB M\u010cR v Bed\u0159ichov\u011b u Jablonce. A podobn\u011b jako v dubnu, hned n\u00e1sleduj\u00edc\u00ed den po pond\u011bl\u00ed, 18. \u010dervence, kdy jsme Pavlovskou kapli\u010dku ne zaplnili, ale vpravd\u011b p\u0159eplnili, odj\u00ed\u017ed\u00ed op\u011bt na\u0161i elitn\u00ed borci sm\u011br Bed\u0159ichov, do boj\u016f o n\u00e1rodn\u00ed mistrovsk\u00e9 dresy&#8230;Zakto zazn\u011bla v \u00favodu M\u0161e Svat\u00e9 na\u0161e <a href=\"http:\/\/www.moravecteam.cz\/?attachment_id=4935\" rel=\"attachment wp-att-4935\"><strong>Prosba za MORAVEC Team<\/strong><\/a> k Bohu, kterou sly\u0161eli i moc mil\u00ed host\u00e9, kte\u0159\u00ed s n\u00e1mi p\u0159i\u0161li slavnostn\u00ed chvilky za\u017e\u00edt: za v\u0161echny jmenuji m\u00edstostarostku Boskovic a polsankyni JmK Mirku V\u00edtkovou, B\u0159e\u0165u Usnula, na\u0161eho kamar\u00e1da z Repech a tat\u00ednka na\u0161eho aktu\u00e1ln\u011b nejmlad\u0161\u00edho \u010dlena Matou\u0161ka Usnula (i on byl osobn\u011b p\u0159\u00edtomen), Ing. Zd\u0148ka Kak\u00e1\u010de, Velvyslance MORAVCE v Moravsk\u00e9m Krasu a Maru\u0161ku Zouharovou, p\u0159edsedkyni na\u0161eho FAN Klubu&#8230; \u010cten\u00ed z Knihy velmi citliv\u011b zvl\u00e1dla Ivana Prudkov\u00e1, a v\u0161echny p\u0159\u00edtomn\u00e9 si pak op\u011bt sv\u00fdm projevem podmanil a za srd\u00ed\u010dko chytil, n\u00e1\u0161 pan far\u00e1\u0159 Pavel Koutn\u00edk, kter\u00fd M\u0161i Svatou celebroval&#8230; Samoz\u0159ejm\u011b se n\u00e1m z kapli\u010dky ani moc necht\u011blo a snad i proto jsem se prakticky ve stejn\u011b sestav\u011b se\u0161li (nejen) na sv\u00e9te\u010dn\u00edm kaf\u00ed\u010dku v bene\u0161ovsk\u00e9 restauraci Morava.. No a zde jsme si sl\u00edbili, \u017ee se takto op\u011bt sejdeme p\u0159ed zah\u00e1jen\u00edm leto\u0161n\u00ed cyklistick\u00e9 sez\u00f3ny! Zde mrkn\u011bte <a href=\"http:\/\/moravecteam.rajce.idnes.cz\/2016.07.18._Mse_Svata_za_MORAVEC_Team\/\"><strong>na<\/strong> <strong>fotogaleri ze svte\u010dn\u00edho pond\u011bl\u00ed<\/strong><\/a>.<\/p>\n","protected":false},"excerpt":{"rendered":"<p>Vzpom\u00edn\u00e1te? Poprv\u00e9 jsme se letos se\u0161li p\u0159i historicky prvn\u00ed M\u0161i Svat\u00e9 za MORAVEC Team ve \u010dtvrtek, 7. dubna, p\u0159ed prvn\u00edm z\u00e1vodem \u010cesk\u00e9ho poh\u00e1ru horsk\u00fdch kol, kter\u00fd hostila o v\u00edkendu 9. a\u017e 10. dubna Praha. Hned druh\u00fd den vyrazili na\u0161i elitn\u00ed borci a borky do l\u00edt\u00fdch boj\u016f o poh\u00e1rov\u00e9 body. Od onoho sv\u00e1te\u010dn\u00edho \u010dtvrtku proch\u00e1z\u00ed MORAVEC &hellip; <a href=\"https:\/\/www.moravecteam.cz\/?p=4918\" class=\"more-link\">Pokra\u010dov\u00e1n\u00ed textu <span class=\"screen-reader-text\">M\u0161e Svat\u00e1 za MORAVEC<\/span> <span class=\"meta-nav\">&rarr;<\/span><\/a><\/p>\n","protected":false},"author":3,"featured_media":4923,"comment_status":"open","ping_status":"closed","sticky":false,"template":"","format":"standard","meta":[],"categories":[13],"tags":[],"_links":{"self":[{"href":"https:\/\/www.moravecteam.cz\/index.php?rest_route=\/wp\/v2\/posts\/4918"}],"collection":[{"href":"https:\/\/www.moravecteam.cz\/index.php?rest_route=\/wp\/v2\/posts"}],"about":[{"href":"https:\/\/www.moravecteam.cz\/index.php?rest_route=\/wp\/v2\/types\/post"}],"author":[{"embeddable":true,"href":"https:\/\/www.moravecteam.cz\/index.php?rest_route=\/wp\/v2\/users\/3"}],"replies":[{"embeddable":true,"href":"https:\/\/www.moravecteam.cz\/index.php?rest_route=%2Fwp%2Fv2%2Fcomments&post=4918"}],"version-history":[{"count":8,"href":"https:\/\/www.moravecteam.cz\/index.php?rest_route=\/wp\/v2\/posts\/4918\/revisions"}],"predecessor-version":[{"id":4936,"href":"https:\/\/www.moravecteam.cz\/index.php?rest_route=\/wp\/v2\/posts\/4918\/revisions\/4936"}],"wp:featuredmedia":[{"embeddable":true,"href":"https:\/\/www.moravecteam.cz\/index.php?rest_route=\/wp\/v2\/media\/4923"}],"wp:attachment":[{"href":"https:\/\/www.moravecteam.cz\/index.php?rest_route=%2Fwp%2Fv2%2Fmedia&parent=4918"}],"wp:term":[{"taxonomy":"category","embeddable":true,"href":"https:\/\/www.moravecteam.cz\/index.php?rest_route=%2Fwp%2Fv2%2Fcategories&post=4918"},{"taxonomy":"post_tag","embeddable":true,"href":"https:\/\/www.moravecteam.cz\/index.php?rest_route=%2Fwp%2Fv2%2Ftags&post=4918"}],"curies":[{"name":"wp","href":"https:\/\/api.w.org\/{rel}","templated":true}]}}