{"id":4938,"date":"2016-07-25T08:48:25","date_gmt":"2016-07-25T06:48:25","guid":{"rendered":"http:\/\/www.moravecteam.cz\/?p=4938"},"modified":"2016-08-01T01:05:05","modified_gmt":"2016-07-31T23:05:05","slug":"bedrichovska-fantazie","status":"publish","type":"post","link":"https:\/\/www.moravecteam.cz\/?p=4938","title":{"rendered":"Bed\u0159ichovsk\u00e1 fantazie!"},"content":{"rendered":"<p style=\"text-align: justify;\"><span style=\"color: #800000;\"><strong>Dob\u0159e p\u0159ipraven\u00ed, s pokorou k soupe\u0159\u016fm, ale i se zdravou sebed\u016fv\u011brou a s v\u00edrou ve vlastn\u00ed s\u00edlu a bikersk\u00fd um, jsme (po kolik\u00e1t\u00e9 v historii MORAVCE u\u017e?) vyrazili p\u0159edposledn\u00ed \u010dervencov\u00fd v\u00edkend \u0161estn\u00e1ct\u00e9ho roku t\u0159et\u00edho tis\u00edcilet\u00ed do Jizersk\u00fdch hor, kde se odehr\u00e1ly v m\u011bste\u010dku Bed\u0159ichov\u011b pro leto\u0161n\u00ed rok bitvy o n\u00e1rodn\u00ed \u0161ampiony v MTB XCE a XCO cyklistick\u00fdch disciplin\u00e1ch. A n\u00e1\u0161 v\u00fdsledek? Z \u0158\u00ed\u0161e sn\u016f&#8230; A kdyby v\u0161echno \u0161lo (jak u\u017e to tak b\u00fdv\u00e1 &#8211; bohu\u017eel, v\u0161echno ne\u0161lo) podle pl\u00e1nu, mohlo b\u00fdt na\u0161ich TOP v\u00fdsledk\u016f je\u0161t\u011b v\u00edce..! Ka\u017edop\u00e1dn\u011b po Bed\u0159ichov\u011b m\u016f\u017eeme &#8222;nahoru&#8220; hl\u00e1sit: spln\u011bno, p\u0159ekro\u010deno!<\/strong><\/span><\/p>\n<figure id=\"attachment_4953\" aria-describedby=\"caption-attachment-4953\" style=\"width: 2000px\" class=\"wp-caption alignnone\"><a href=\"http:\/\/www.moravecteam.cz\/?attachment_id=4953\" rel=\"attachment wp-att-4953\"><img decoding=\"async\" loading=\"lazy\" class=\" wp-image-4953 \" alt=\"OLYMPUS DIGITAL CAMERA\" src=\"http:\/\/www.moravecteam.cz\/wp-content\/uploads\/2016\/07\/P7271046.jpg\" width=\"2000\" height=\"1496\" srcset=\"https:\/\/www.moravecteam.cz\/wp-content\/uploads\/2016\/07\/P7271046.jpg 2000w, https:\/\/www.moravecteam.cz\/wp-content\/uploads\/2016\/07\/P7271046-300x224.jpg 300w, https:\/\/www.moravecteam.cz\/wp-content\/uploads\/2016\/07\/P7271046-1024x765.jpg 1024w\" sizes=\"(max-width: 2000px) 100vw, 2000px\" \/><\/a><figcaption id=\"caption-attachment-4953\" class=\"wp-caption-text\">Sobotn\u00ed pozoruhodn\u00fd medailov\u00fd &#8222;sb\u011br&#8220; v r\u00e1mci sprint\u016f pro MORAVEC Team!<\/figcaption><\/figure>\n<p style=\"text-align: justify;\">Elimin\u00e1tora sez\u00f3nn\u011b nijak ne\u0159e\u0161\u00edme, netr\u00e9nujeme ho v\u016fbec a v r\u00e1mci \u010cesk\u00fdch poh\u00e1r\u016f ho jezd\u00edme, tak \u0159\u00edkaj\u00edc, z pilnosti&#8230; P\u0159esto, podobn\u011b jako v nejednom z p\u0159edchoz\u00edch z\u00e1vod\u016f, jsme si na n\u00e1rodn\u00edm \u0161ampion\u00e1tu z tohoto z\u00e1vodu ud\u011blali m\u00e1lem odd\u00edlov\u00fd p\u0159ebor..! Hned t\u0159i discipl\u00edny jsme zde zcela opanovali: \u017e\u00e1ky, kadetky a juniory. Kec\u00e1m&#8230; Vlastn\u011b \u010dty\u0159i discipl\u00edny: D\u00edk na\u0161\u00ed odchovankyni Ad\u00e9le \u0160af\u00e1\u0159ov\u00e9 (Nutrend Specialized) i juniorky&#8230;<\/p>\n<figure id=\"attachment_4954\" aria-describedby=\"caption-attachment-4954\" style=\"width: 1103px\" class=\"wp-caption alignnone\"><a href=\"http:\/\/www.moravecteam.cz\/?attachment_id=4954\" rel=\"attachment wp-att-4954\"><img decoding=\"async\" loading=\"lazy\" class=\" wp-image-4954\" alt=\"OLYMPUS DIGITAL CAMERA\" src=\"http:\/\/www.moravecteam.cz\/wp-content\/uploads\/2016\/07\/P7230160.jpg\" width=\"1103\" height=\"897\" srcset=\"https:\/\/www.moravecteam.cz\/wp-content\/uploads\/2016\/07\/P7230160.jpg 1103w, https:\/\/www.moravecteam.cz\/wp-content\/uploads\/2016\/07\/P7230160-300x243.jpg 300w, https:\/\/www.moravecteam.cz\/wp-content\/uploads\/2016\/07\/P7230160-1024x832.jpg 1024w\" sizes=\"(max-width: 1103px) 100vw, 1103px\" \/><\/a><figcaption id=\"caption-attachment-4954\" class=\"wp-caption-text\">Prvn\u00ed mistrovsk\u00fd dres pro Tom\u00e1\u0161e Tlamku &#8222;Contadora&#8220;. Zcela po z\u00e1sluze!<\/figcaption><\/figure>\n<p style=\"text-align: justify;\">Z\u00e1vod star\u0161\u00edch \u017e\u00e1k\u016f byl v re\u017eii na\u0161ich barev: <span style=\"color: #800000;\"><strong>Tom\u00e1\u0161 Tlamka &#8222;Contador&#8220;<\/strong><\/span> i <strong><span style=\"color: #800000;\">Honza &#8222;D\u017eony&#8220; \u0160indel\u00e1\u0159<\/span><\/strong> uk\u00e1zali z\u00e1hy konkurenci, &#8222;za\u010d je toho loket&#8220; a &#8222;kdo je tady p\u00e1nem&#8220;.. Po kvalifikaci v\u00e9vodili dva na\u0161i bike\u0159i v\u00fdsledkov\u00e9 listin\u011b bez m\u00e1la pades\u00e1tihlav\u00e9mu startovn\u00edmu poli. Oba s jistotou pro\u0161li p\u0159es \u010dtvrtfin\u00e1lovou a semifin\u00e1lovou rozj\u00ed\u017e\u010fku do fin\u00e1le, po kter\u00e9m se ze zlata radoval &#8222;Con\u0165as&#8220; a i kdy\u017e na &#8222;D\u017eonyho&#8220; nakonec zbyla nepopul\u00e1rn\u00ed &#8222;brambora&#8220;, vysekli jsme za p\u0159edveden\u00fd bojovn\u00fd v\u00fdkon hlubokou poklonu i jemu. V\u017edy\u0165 k bronzu nechyb\u011blo mnoho&#8230; State\u010dn\u011b se s konkurenc\u00ed servali i dva na\u0161i el\u00e9vov\u00e9 <strong><span style=\"color: #800000;\">Jakub Tesa\u0159<\/span><\/strong> s <span style=\"color: #800000;\"><strong>Romanem \u0160indel\u00e1\u0159em<\/strong><\/span>, kte\u0159\u00ed sv\u00fdm projevem uk\u00e1zali do budoucna velkou perspektivu! A k na\u0161\u00ed velk\u00e9 radosti, v r\u00e1mci celkov\u00e9ho hodnocen\u00ed \u010cP XCE, okop\u00edrovali dva na\u0161i borci sobotn\u00ed bed\u0159ichovsk\u00fd v\u00fdsledek!<\/p>\n<figure id=\"attachment_4955\" aria-describedby=\"caption-attachment-4955\" style=\"width: 1051px\" class=\"wp-caption alignnone\"><a href=\"http:\/\/www.moravecteam.cz\/?attachment_id=4955\" rel=\"attachment wp-att-4955\"><img decoding=\"async\" loading=\"lazy\" class=\" wp-image-4955\" alt=\"OLYMPUS DIGITAL CAMERA\" src=\"http:\/\/www.moravecteam.cz\/wp-content\/uploads\/2016\/07\/P7230175.jpg\" width=\"1051\" height=\"1157\" srcset=\"https:\/\/www.moravecteam.cz\/wp-content\/uploads\/2016\/07\/P7230175.jpg 1051w, https:\/\/www.moravecteam.cz\/wp-content\/uploads\/2016\/07\/P7230175-272x300.jpg 272w, https:\/\/www.moravecteam.cz\/wp-content\/uploads\/2016\/07\/P7230175-930x1024.jpg 930w\" sizes=\"(max-width: 1051px) 100vw, 1051px\" \/><\/a><figcaption id=\"caption-attachment-4955\" class=\"wp-caption-text\">Zlato a bronz berou letos v celkov\u00e9m hodnocen\u00ed \u010cP XCE na\u0161e kadetky Anna Zem\u00e1nkov\u00e1 s Janou Tesa\u0159ovou!<\/figcaption><\/figure>\n<p style=\"text-align: justify;\">V\u00fdsledky kategorie kadetek ovlivnily n\u00e1hl\u00e9 zdravotn\u00ed pot\u00ed\u017ee dosvadn\u00ed l\u00eddryn\u011b pr\u016fb\u011b\u017en\u00e9ho po\u0159ad\u00ed, suver\u00e9nn\u00ed v\u00edt\u011bzky z p\u0159ed t\u00fddne z Pece pod Sn\u011b\u017ekou, na\u0161\u00ed <strong><span style=\"color: #800000;\">Jany Tesa\u0159ov\u00e9.\u00a0<\/span><\/strong><span style=\"color: #000000;\">Role pomysln\u00fdch &#8222;mstitelek&#8220; se zdatn\u011b ujaly dal\u0161\u00ed dv\u011b na\u0161e borky &#8211; <strong><span style=\"color: #800000;\">A\u0148a Zem\u00e1nkov\u00e1<\/span><\/strong> s <strong><span style=\"color: #800000;\">Krist\u00fdnou Haasovou<\/span><\/strong>. V oproti star\u0161\u00edm \u017e\u00e1k\u016fm podstatn\u011b &#8222;\u0159id\u0161\u00ed&#8220; konkurenci postoupila Ani\u010dka suver\u00e9nn\u011b do fin\u00e1lov\u00e9 j\u00edzdy, kdy\u017e se p\u0159ed t\u00edm mohla pochlubit i nejlep\u0161\u00edm \u010dasem z kvalifikace! Po bojovn\u00e9m v\u00fdkonu uteklo druh\u00e9 na\u0161\u00ed reprezenatntce, Krist\u00fdn\u011b Haasov\u00e9 vysn\u011bn\u00e9 semifin\u00e1le o pov\u011bstn\u00fd &#8222;chloupek&#8220;&#8230; Ve fin\u00e1lov\u00e9 j\u00edzd\u011b hned v prvn\u00ed zat\u00e1\u010dce \u0161la bohu\u017eel Ani\u010dka Zem\u00e1nkov\u00e1 po podklouznut\u00ed &#8222;k zemi&#8220; a bylo \u00a0ve zlomku vte\u0159iny \u00a0po medailov\u00fdch nad\u011bj\u00edch&#8230; Elimin\u00e1tor je disciplina, kdy sebemen\u0161\u00ed chyba je \u010dasov\u011b tvrd\u011b ztrest\u00e1na, zpravidla bez mo\u017enosti n\u00e1pravy&#8230; Tak\u017ee i Anna, podobn\u011b jako &#8222;D\u017eony&#8220; &#8211; \u010dtvrt\u00e1 nejlep\u0161\u00ed v \u010cesku&#8230;. P\u0159esto: i toto um\u00edst\u011bn\u00ed j\u00ed sta\u010dilo k zisku n\u00e1rodn\u00ed poh\u00e1rov\u00e9 \u0161ampionky, p\u0159i\u010dem\u017e Jana &#8222;D\u017eejn&#8220; Tesa\u0159ov\u00e1 &#8211; i p\u0159es ne\u00fa\u010dasti v Be\u0159ichov\u011b &#8211; uh\u00e1jila v tomto po\u0159ad\u00ed bronzovou p\u0159\u00ed\u010dku!<\/span><\/p>\n<figure id=\"attachment_4956\" aria-describedby=\"caption-attachment-4956\" style=\"width: 1315px\" class=\"wp-caption alignnone\"><a href=\"http:\/\/www.moravecteam.cz\/?attachment_id=4956\" rel=\"attachment wp-att-4956\"><img decoding=\"async\" loading=\"lazy\" class=\" wp-image-4956\" alt=\"OLYMPUS DIGITAL CAMERA\" src=\"http:\/\/www.moravecteam.cz\/wp-content\/uploads\/2016\/07\/P7230167.jpg\" width=\"1315\" height=\"1498\" srcset=\"https:\/\/www.moravecteam.cz\/wp-content\/uploads\/2016\/07\/P7230167.jpg 1315w, https:\/\/www.moravecteam.cz\/wp-content\/uploads\/2016\/07\/P7230167-263x300.jpg 263w, https:\/\/www.moravecteam.cz\/wp-content\/uploads\/2016\/07\/P7230167-898x1024.jpg 898w\" sizes=\"(max-width: 1315px) 100vw, 1315px\" \/><\/a><figcaption id=\"caption-attachment-4956\" class=\"wp-caption-text\">Dal\u0161\u00ed n\u00e1rodn\u00ed \u0161ampion z \u0159ad MORAVCE se jmenuje Dominik Prudek!<\/figcaption><\/figure>\n<p style=\"text-align: justify;\">Sprinty kategorie junior\u016f zcela ovl\u00e1dl n\u00e1\u0161 <strong><span style=\"color: #800000;\">Dominik Prudek<\/span><\/strong>, kter\u00fd si z konkurenc\u00ed pohr\u00e1val v pravd\u011b jako ko\u010dka s my\u0161\u00ed&#8230; Jeho v\u00fdbu\u0161n\u00fd, dynamick\u00fd projev a dokonal\u00e1 znalost okruhu, to v\u0161e mu v sou\u010dtu zajistilo dominantn\u00ed p\u0159evahu nad zbytkem startovn\u00edho pole. D\u00edky Dom\u010dovi se tedy m\u016f\u017eeme radovat z druh\u00e9ho titulu n\u00e1rodn\u00edho \u0161ampiona! V\u0161e v tu n\u00e1dhernou, slune\u010dnou, p\u0159edposledn\u00ed \u00a0\u010dervencovou sobotu zavr\u0161uje skv\u011bl\u00fdm v\u00edt\u011bzstv\u00edm mezi juniorkami i na\u0161e odchovankyn\u011b <strong><span style=\"color: #800000;\">Ad\u00e9la \u0160af\u00e1\u0159ov\u00e1<\/span><\/strong>! By\u0165 ve fin\u00e1lov\u00e9 j\u00edzd\u011b jela dlouho a\u017e t\u0159et\u00ed v po\u0159ad\u00ed a jej\u00ed prvn\u00ed atak na lep\u0161\u00ed pozice po vyjet\u00ed na nejvy\u0161\u0161\u00ed bod okruhu, byl soupe\u0159kami odra\u017een, pokra\u010dovala bez ust\u00e1n\u00ed \u00a0v \u00fatoku a p\u0159ed n\u00e1jezdem na terasy p\u0159ed rampou se dok\u00e1zala na cca 200m prosm\u00fdknout p\u0159es sv\u00e9 dv\u011b soupe\u0159ky neskute\u010dn\u00fdm \u00fato\u010dn\u00fdm man\u00e9vrem do \u010dela z\u00e1vodu! A to u\u017e ve zbyl\u00fdch des\u00edtk\u00e1ch metr\u016f samoz\u0159ejm\u011b neopustila a s jistotou j\u00ed vlastn\u00ed, uh\u00e1jila! Jej\u00ed pr\u00e1v\u011b posan\u00fd razantn\u00ed \u00fatok na \u010delo zvedl div\u00e1ky ze seda\u010dek&#8230;<\/p>\n<figure id=\"attachment_4957\" aria-describedby=\"caption-attachment-4957\" style=\"width: 1122px\" class=\"wp-caption alignnone\"><a href=\"http:\/\/www.moravecteam.cz\/?attachment_id=4957\" rel=\"attachment wp-att-4957\"><img decoding=\"async\" loading=\"lazy\" class=\" wp-image-4957\" alt=\"OLYMPUS DIGITAL CAMERA\" src=\"http:\/\/www.moravecteam.cz\/wp-content\/uploads\/2016\/07\/P7230163.jpg\" width=\"1122\" height=\"1146\" srcset=\"https:\/\/www.moravecteam.cz\/wp-content\/uploads\/2016\/07\/P7230163.jpg 1122w, https:\/\/www.moravecteam.cz\/wp-content\/uploads\/2016\/07\/P7230163-25x25.jpg 25w, https:\/\/www.moravecteam.cz\/wp-content\/uploads\/2016\/07\/P7230163-293x300.jpg 293w, https:\/\/www.moravecteam.cz\/wp-content\/uploads\/2016\/07\/P7230163-1002x1024.jpg 1002w\" sizes=\"(max-width: 1122px) 100vw, 1122px\" \/><\/a><figcaption id=\"caption-attachment-4957\" class=\"wp-caption-text\">Ad\u00e9la \u0160af\u00e1\u0159ov\u00e1 ovl\u00e1dla v Bed\u0159ichov\u011b z\u00e1vod MTB XCE v kategorii juniorek.<\/figcaption><\/figure>\n<p style=\"text-align: justify;\">\u017de reprezenta\u010dn\u00ed tren\u00e9r Viktor Zapletal po\u017e\u00e1dal vedouc\u00edho na\u0161eho odd\u00edlu, Petr Koudelku a <strong><a href=\"http:\/\/www.skcpraha.cz\/?p=3971\">spole\u010dnou fotku<\/a><\/strong> s Ad\u00e9lou na web Nutrend Specialized je jenom d\u016fkazem, jak\u00fd kredit m\u00e1 MORAVEC Team v sou\u010dasnosti v nejvy\u0161\u0161\u00edch cyklistick\u00fdch patrech&#8230; A co ostatn\u00ed na\u0161i sprinte\u0159i v sobotu? Jako lvi se rvali o postup t\u0159i na\u0161i kadeti: <strong><span style=\"color: #800000;\">Mat\u011bj Maz\u00e1nek, Karel Vinick\u00fd a V\u00ed\u0165a Such\u00e1nek<\/span><\/strong>. Do \u010dtvrtfin\u00e1le proklouzl z rozj\u00ed\u017e\u010fky Karel Vinick\u00fd, kter\u00e9mu pak semifin\u00e1le uteklo o necelou vte\u0159inku&#8230; Blahop\u0159\u00e1n\u00ed od n\u00e1s let\u00ed n\u00e1rodn\u00edm \u0161ampion\u016fm i v\u00edt\u011bz\u016fm v r\u00e1mci celkov\u00e9ho hodnocen\u00ed \u010cP, velk\u00fd d\u00edk pak v\u0161em na\u0161im rajdr\u016fm-sprinter\u016fm bez v\u00fdjimky, bezvadn\u011b funguj\u00edc\u00ed podp\u016frn\u00fd t\u00fdm, samoz\u0159ejm\u011b, nevyj\u00edmaje&#8230; V\u00fdsledkov\u00fd souhrn MORAVCE ze sprintersk\u00e9 soboty je tento (v z\u00e1vorce je celkov\u00e9 um\u00edst\u011bn\u00ed v r\u00e1mci leto\u0161n\u00edho \u010cP v t\u00e9to disciplin\u011b):<\/p>\n<ul>\n<li>\u017e\u00e1ci:\u00a0<strong><span style=\"color: #ff6600;\">1. Tom\u00e1\u0161 Tlamka &#8222;Contador&#8220;\u00a0(1.)<\/span><\/strong>&#8230;. 4. Honza &#8222;Johny&#8220; \u0160indel\u00e1\u0159\u00a0(4.)&#8230; 36. Jakub Tesa\u0159 (nebodoval)&#8230;., 47. Roman \u0160indel\u00e1\u0159 (nebodoval)<\/li>\n<li>kadetky: 4. Anna Zem\u00e1nkov\u00e1\u00a0<strong><span style=\"color: #ff6600;\">(1.)<\/span><\/strong>, ..9. Krist\u00fdna Haasov\u00e1\u00a0(10.), Monika Kone\u010dn\u00e1 &#8211; nestartovala\u00a0(20.), Jana Tesa\u0159ov\u00e1 &#8211; nestartovala <strong><span style=\"color: #993300;\">(3.)<\/span><\/strong><\/li>\n<li>kadeti: 11. Karel Vinick\u00fd\u00a0(11.), &#8230;23. Mat\u011bj Maz\u00e1nek\u00a0(27.), &#8230;37. V\u00ed\u0165a Such\u00e1nek\u00a0(40.).<\/li>\n<li>juniorky:<strong><span style=\"color: #ff6600;\"> 1. Ad\u00e9la \u0160af\u00e1\u0159ov\u00e1\u00a0(1.)<\/span><\/strong><\/li>\n<li>junio\u0159i: <strong><span style=\"color: #ff6600;\">1. Dominik Prudek\u00a0(1.)<\/span><\/strong><\/li>\n<\/ul>\n<p style=\"text-align: justify;\">Zde je <strong><a href=\"http:\/\/moravecteam.rajce.idnes.cz\/2016.07.23.-24._MCR_MTB_Bedrichov\/#komentare\">f\u016fra fotek<\/a><\/strong>, kde najdete i ty ze sobotn\u00edch sprint\u016f a zde je zase, pr<span style=\"line-height: 1.5;\">o n\u00e1s tak okulib\u00fd,<\/span><span style=\"line-height: 1.5; font-weight: bold;\"><a href=\"http:\/\/sportsoft.cz\/cs\/zavod\/overview\/1833\">\u00a0kompletn\u00ed v\u00fdsledkov\u00fd servis<\/a><\/span><span style=\"line-height: 1.5;\">&#8230;<\/span><\/p>\n<h5 style=\"text-align: justify;\"><span style=\"color: #800000;\"><strong style=\"font-size: 18px; line-height: 1.33333;\"><span style=\"line-height: 1.5;\">Ned\u011ble 24.7.2016 MTB XCO<\/span><\/strong><\/span><\/h5>\n<p style=\"text-align: justify;\">Zat\u00edm co v sobotu bylo na sprinty po\u010das\u00ed &#8222;jako vy\u0161it\u00e9&#8220;, to znamen\u00e1, \u017ee bylo slne\u010dno a teplo, v ned\u011bli bylo v\u0161e jinak&#8230; U\u017e po p\u016flnoci zkropil Bed\u0159ichov d\u00e9\u0161\u0165, kter\u00fd se r\u00e1no objevil, v je\u0161t\u011b v\u011bt\u0161\u00ed intenzit\u011b, bohu\u017eel znovu&#8230; M\u00edstn\u00ed trat\u011b jsou dost n\u00e1ro\u010dn\u00e9 za sucha, nato\u017e za mokra&#8230; Pamatujete p\u0159edlo\u0148sk\u00fd rok a rozsekl\u00e9 l\u00fdtko tehdy je\u0161t\u011b na\u0161\u00ed kadetky Ad\u00e9ly \u0160af\u00e1\u0159ov\u00e9? \u0160est steh\u016f tehdy museli dokto\u0159i na r\u00e1nu Adys ob\u011btovat&#8230;. Po dvou letech tedy &#8222;repete&#8220; co se t\u00fd\u010de ps\u00edho po\u010das\u00ed&#8230; MORAVEC \u00a0Team to ale nijak neznerv\u00f3z\u0148uje, sehran\u00e9 &#8222;soukol\u00ed&#8220; pracuje d\u00e1l, s \u00fasm\u011bvem na rtech, bezvadn\u011b!<\/p>\n<figure id=\"attachment_4958\" aria-describedby=\"caption-attachment-4958\" style=\"width: 1862px\" class=\"wp-caption alignnone\"><a href=\"http:\/\/www.moravecteam.cz\/?attachment_id=4958\" rel=\"attachment wp-att-4958\"><img decoding=\"async\" loading=\"lazy\" class=\" wp-image-4958\" alt=\"OLYMPUS DIGITAL CAMERA\" src=\"http:\/\/www.moravecteam.cz\/wp-content\/uploads\/2016\/07\/P7230189.jpg\" width=\"1862\" height=\"1392\" srcset=\"https:\/\/www.moravecteam.cz\/wp-content\/uploads\/2016\/07\/P7230189.jpg 1862w, https:\/\/www.moravecteam.cz\/wp-content\/uploads\/2016\/07\/P7230189-300x224.jpg 300w, https:\/\/www.moravecteam.cz\/wp-content\/uploads\/2016\/07\/P7230189-1024x765.jpg 1024w\" sizes=\"(max-width: 1862px) 100vw, 1862px\" \/><\/a><figcaption id=\"caption-attachment-4958\" class=\"wp-caption-text\">Fotky, kter\u00e9 se neokoukaj\u00ed a kter\u00e9 vh\u00e1n\u011bj\u00ed slzy do o\u010d\u00ed..!<\/figcaption><\/figure>\n<p style=\"text-align: justify;\">Ukazuje to jako prvn\u00ed v akci, n\u00e1\u0161 mlad\u0161\u00ed \u017e\u00e1k,\u00a0<span style=\"color: #800000;\"><strong>Roman \u0160indel\u00e1\u0159<\/strong><\/span>. Ho\u0161\u00edk, kter\u00e9ho m\u00e1lo kdy vid\u00edte jinak, ne\u017e na kole, se ze zadn\u00ed startovn\u00ed ozice dok\u00e1zal prob\u00edt hou\u0161tinou t\u00e9m\u011b\u0159 pades\u00e1ti soupe\u0159\u016f na v c\u00edli skv\u011bl\u00e9, 25. m\u00edsto! V\u011bru pro ten den vysoko nastaven\u00e1 la\u0165ka pro ostan\u00ed MORAVCE&#8230; V n\u00e1sledn\u00e9m startu se s n\u00ed mus\u00ed popasovat trio na\u0161ich star\u0161\u00edch \u017e\u00e1k\u016f. A v dramatick\u00e9m z\u00e1vod\u011b to dok\u00e1zali v\u0161ichni t\u0159i beze zbytku! <strong><span style=\"color: #800000;\">Tom\u00e1\u0161 Tlamka &#8222;Contador&#8220;<\/span><\/strong>, sr\u0161\u00edc\u00ed energi\u00ed vpravd\u011b jako Dukovany, si v \u00favodu z\u00e1vodu hl\u00edd\u00e1 \u010delo a je v\u00edc ne\u017e jasn\u00e9, \u017ee dnes bude \u00fato\u010dit na nejvy\u0161\u0161\u00ed pozice. Na dohled nejlep\u0161\u00edm krou\u017e\u00ed po mokr\u00e9m okruhu, atakuj\u00edc TOP 5 i <strong><span style=\"color: #800000;\">Honza D\u017eony \u0160indel\u00e1\u0159<\/span><\/strong>, bodov\u00e9 pozice dr\u017e\u00ed ve \u010dty\u0159icetihlav\u00e9m startovn\u00edm poli i n\u00e1\u0161 spolehliv\u00fd bojovn\u00edk <strong><span style=\"color: #800000;\">Jakub Tesa\u0159<\/span><\/strong>. Pak p\u0159ich\u00e1z\u00ed na \u010dele z\u00e1pletka: Tomovi se smeknul \u0159et\u011bz a propad\u00e1 se na 5. m\u00edsto&#8230; Po rychl\u00e9 oprav\u011b za\u0159azuje ale &#8222;vy\u0161\u0161\u00ed \u0161altr&#8220; a b\u011bhem necel\u00e9ho kola se po fam\u00f3zn\u00ed st\u00edhac\u00ed j\u00edzd\u011b, kter\u00e1 zved\u00e1 div\u00e1ky na tribun\u011b ze sedadel, vrac\u00ed na t\u0159et\u00ed pozici a za kr\u00e1tko &#8222;docvak\u00e1v\u00e1&#8220; i na druh\u00e9m m\u00edst\u011b jezd\u00edc\u00edho soupe\u0159e! Brzd\u00ed ho ale dal\u0161\u00ed technick\u00e1 komplikace: &#8222;pl\u00ed\u017eiv\u00fd platfus&#8220; na jeho p\u0159edn\u00edm kole. &#8222;Pl\u00ed\u017eiv\u00fd platfus&#8220;, nebo-li pomal\u00e1 ztr\u00e1ta tlaku v pneu&#8230; Co d\u011blat? V t\u00e9to chv\u00edli ukazuje n\u00e1\u0161 talentovan\u00fd biker &#8211; i p\u0159es sv\u016fj je\u0161t\u011b &#8222;\u00fatl\u00fd&#8220; \u00a0v\u011bk, svoji z\u00e1vodnickou velikost: \u00a0je t\u0159eba dojet do c\u00edle d\u0159\u00edve, ne\u017e bude kolo na r\u00e1fku&#8230; Tom\u00e1\u0161 tedy akceleruje, znovu se p\u0159ibli\u017euje druh\u00e9mu borci v po\u0159ad\u00ed (tomu ji\u017e viditen\u011b doch\u00e1zej\u00ed s\u00edly) a v\u0161e nasv\u011bd\u010duje tomu, \u017ee st\u0159\u00edbro bude &#8211; paradoxn\u011b d\u00edk kolabuj\u00edc\u00edmu tlaku v p\u0159edn\u00ed pneu &#8211; pat\u0159it na\u0161emu &#8222;Contadorovi&#8220;. \u017de tomu tak nakonec nen\u00ed, zp\u016fsobuje jedna z velmi pomal\u00fdch star\u0161\u00edch \u017e\u00e1ky\u0148, kter\u00e1 \u010delu pole star\u0161\u00edch \u017e\u00e1k\u016f na trati &#8222;zavaz\u00ed&#8220;. Zat\u00edm co na druh\u00e9 pozici jezd\u00edc\u00ed borec se p\u0159es ni p\u0159e\u017eene v pro n\u011bho v\u00fdhodn\u00e9, \u0161irok\u00e9 pas\u00e1\u017ei trat\u011b, Toma tato d\u00edvenka zbrzd\u00ed v m\u00edst\u011b, kde se moc p\u0159edj\u00ed\u017ed\u011bt ned\u00e1&#8230; Tak jo, je rozhodnuto&#8230; &#8222;Contador&#8220; je nakonec v c\u00edl t\u0159et\u00ed, na polop\u00e1zdn\u00e9 p\u0159edn\u00ed pneumatice po v\u00fdkonu, za kter\u00fd by si zlato ur\u010dit\u011b zalou\u017eil&#8230; To ale v\u0161echno je\u0161t\u011b p\u0159ijde&#8230; Kdy\u017e &#8222;D\u017eony&#8220; \u0160indel\u00e1\u0159 fini\u0161uje na 6. m\u00edst\u011b a pro body si v tomto startu p\u0159ij\u00ed\u017ed\u00ed i Jakub Tesa\u0159, spokojen\u011b a uznale pokyvujeme nad v\u00fdkonem t\u0159\u00ed na\u0161ich mu\u0161ket\u00fdr\u016f hlavami!<\/p>\n<figure id=\"attachment_4959\" aria-describedby=\"caption-attachment-4959\" style=\"width: 2000px\" class=\"wp-caption alignnone\"><a href=\"http:\/\/www.moravecteam.cz\/?attachment_id=4959\" rel=\"attachment wp-att-4959\"><img decoding=\"async\" loading=\"lazy\" class=\" wp-image-4959\" alt=\"OLYMPUS DIGITAL CAMERA\" src=\"http:\/\/www.moravecteam.cz\/wp-content\/uploads\/2016\/07\/P7230194.jpg\" width=\"2000\" height=\"1500\" srcset=\"https:\/\/www.moravecteam.cz\/wp-content\/uploads\/2016\/07\/P7230194.jpg 2000w, https:\/\/www.moravecteam.cz\/wp-content\/uploads\/2016\/07\/P7230194-300x225.jpg 300w, https:\/\/www.moravecteam.cz\/wp-content\/uploads\/2016\/07\/P7230194-1024x768.jpg 1024w\" sizes=\"(max-width: 2000px) 100vw, 2000px\" \/><\/a><figcaption id=\"caption-attachment-4959\" class=\"wp-caption-text\">Be\u0159ichov byl veskrze t\u00fdmovou prac\u00ed! Bravo MORAVEC!<\/figcaption><\/figure>\n<p style=\"text-align: justify;\">Faz\u00f3nu dr\u017e\u00ed i v dal\u0161\u00edm dopoledn\u00edm startu t\u0159i na\u0161i kadeti. Po jist\u00e9 j\u00edzd\u011b na nejist\u00e9m ter\u00e9nu, kdy kolo od kola zrychlovali, berou um\u00edst\u011bn\u00ed v TOP 30 jak <strong><span style=\"color: #800000;\">Mat\u011bj Maz\u00e1nek<\/span><\/strong>, tak i <span style=\"color: #800000;\"><strong>Karel Vinick\u00fd<\/strong><\/span>, kter\u00e9ho nav\u00edc je\u0161t\u011b zbrzdil na trati p\u00e1d. Neb\u00fdt defektu, asi by si letos poprv\u00e9 pro body dojel i skv\u011ble v ned\u011bli jedouc\u00ed leto\u0161n\u00ed el\u00e9v t\u00e9to kategorie, z\u00e1vod od z\u00e1vodu se lep\u0161\u00edc\u00ed,\u00a0<strong><span style=\"color: #800000;\">V\u00ed\u0165a Such\u00e1nek<\/span><\/strong>! &#8222;Podlahov\u00e9&#8220; v\u00fdkony kadet\u016f ztvrdil pak sv\u00fdm stejn\u011b kvalitn\u00edm v\u00fdkonem a v\u00fdsledkem i n\u00e1\u0161 jedin\u00fd EXPERT na startu <strong><span style=\"color: #800000;\">Luk\u00e1\u0161 Gregor.<\/span><\/strong><span style=\"color: #800000;\">\u00a0<\/span><span style=\"color: #800000;\"><span style=\"color: #000000;\">Skv\u011ble m\u00e1 rozjet\u00fd n\u00e1sledn\u00fd start junior\u016f i <\/span><\/span><span style=\"color: #800000;\"><strong>Dom\u010da Prudek<\/strong><\/span><span style=\"color: #800000;\"><span style=\"color: #000000;\">. Dr\u017e\u00ed se v prvn\u00ed p\u011btce, p\u0159i\u010dem\u017e absolutn\u00ed \u010delo z\u00e1vodu m\u00e1 na dohled. Defekt &#8222;U kiosku&#8220; i v tomto p\u0159\u00edpad\u011b redukuje na\u0161e medailov\u00e9 ambice. Dom\u010da mus\u00ed zpomalit j\u00edzdou po &#8222;prazdn\u00e9 pneu&#8220; nejen v c\u00edlov\u00e9m rostoru, ale i v n\u00e1sledn\u00e9 technick\u00e9 pas\u00e1\u017ei. Hlavn\u011b ho ale \u010dek\u00e1 nep\u0159jmen\u00fd v\u00fdb\u011bh sjezdovky&#8230; P\u0159es v\u0161echen pech ukazuje s\u00edlu bojovn\u00edka a po v\u00fdm\u011bn\u011b kola v depu znovu \u0161lape mocn\u011b do ped\u00e1l\u016f, p\u0159i\u010dem\u017e v c\u00edli mu TOP 10 unik\u00e1 jen o pov\u011bstn\u00fd vl\u00e1sek&#8230;<\/span><\/span><\/p>\n<figure id=\"attachment_4962\" aria-describedby=\"caption-attachment-4962\" style=\"width: 1471px\" class=\"wp-caption alignnone\"><a href=\"http:\/\/www.moravecteam.cz\/?attachment_id=4962\" rel=\"attachment wp-att-4962\"><img decoding=\"async\" loading=\"lazy\" class=\" wp-image-4962\" alt=\"DSCN9420\" src=\"http:\/\/www.moravecteam.cz\/wp-content\/uploads\/2016\/07\/DSCN9420.jpg\" width=\"1471\" height=\"1262\" srcset=\"https:\/\/www.moravecteam.cz\/wp-content\/uploads\/2016\/07\/DSCN9420.jpg 1471w, https:\/\/www.moravecteam.cz\/wp-content\/uploads\/2016\/07\/DSCN9420-300x257.jpg 300w, https:\/\/www.moravecteam.cz\/wp-content\/uploads\/2016\/07\/DSCN9420-1024x878.jpg 1024w\" sizes=\"(max-width: 1471px) 100vw, 1471px\" \/><\/a><figcaption id=\"caption-attachment-4962\" class=\"wp-caption-text\">I v ned\u011bli n\u00e1m to medailov\u011b zacinkalo d\u00edk Tom\u00e1\u0161i Tlamkovi &#8222;Contadorovi&#8220;!<\/figcaption><\/figure>\n<p style=\"text-align: justify;\">\u0160ik na\u0161ich kadetek, oslaben\u00fd o maroda Janu Tesa\u0159ovou se vyd\u00e1v\u00e1 v popolen\u00edm startu t\u00e9\u017e na trati ze v\u0161ech sil, \u00a0skoro za cenu &#8222;sebezni\u010den\u00ed&#8220;&#8230; <strong><span style=\"color: #800000;\">Ani\u010dka Zem\u00e1nkov\u00e1<\/span><\/strong> svi\u0161t\u00ed v prvn\u00edm kole na bronzov\u00e9 pozici, zbrzd\u00ed ji ale nep\u0159\u00edjemn\u00fd p\u00e1d na &#8222;\u0161utru&#8220; a, aby toho nebylo m\u00e1lo, i defekt&#8230; P\u0159es bolestiv\u00e1 zran\u011bn\u00ed a \u010dasovou ztr\u00e1tu spojenou s opravou kola, pokra\u010duje v z\u00e1vodu a do c\u00edle doj\u00ed\u017ed\u00ed na hranici vy\u010derp\u00e1n\u00ed v TPO 5! &#8222;\u0160utr&#8220; se st\u00e1v\u00e1 osudn\u00fdm i <strong><span style=\"color: #800000;\">Krist\u00fdn\u011b Haasov\u00e9<\/span><\/strong>&#8230; Ta, by\u0165 ot\u0159esena, pokra\u010duje je\u0161t\u011b kr\u00e1tce v z\u00e1vod\u011b, nakonec je ale dokon\u010den\u00ed race nad jej\u00ed s\u00edly&#8230; TOP v\u00fdsledek si zaj\u00ed\u017ed\u00ed v Bed\u0159ichov\u011b kapit\u00e1nka MORAVEC Tamu, pohodov\u00e1 <strong><span style=\"color: #800000;\">Monika Kone\u010dn\u00e1<\/span><\/strong>. Dr\u017e\u00edce se v z\u00e1vod\u011b proz\u00edrav\u011b hesla, \u017ee n\u011bkdy m\u00e9n\u011b b\u00fdv\u00e1 v\u00edce, se vyh\u00fdb\u00e1 t\u011bm nebezpe\u010dn\u00fdm tra\u0165ov\u00fdm pas\u00e1\u017e\u00edm, kde hroz\u00ed defekt a v c\u00edli j\u00ed za jej\u00ed taktickou a vyzr\u00e1lou j\u00edzdu odm\u011bnou pozice v TOP 15! V tomto startu, kde potila krev t\u0159i na\u0161e d\u011bv\u010data, je velkou osobnost\u00ed nejlep\u0161\u00ed z juniorek, na\u0161e odchovankyn\u011b <strong><span style=\"color: #800000;\">Ad\u00e9la \u0160af\u00e1\u0159ov\u00e1<\/span><\/strong>, kter\u00e1 si po triumfu v sobotn\u00edch sprintech vybojovala s jistotou \u00a0i titul Mistryn\u011b \u010cR v ned\u011bln\u00edm MTB XCO. V pohod\u011b, v kl\u00eddku a bez tab\u00e1\u010dku jsme na samotn\u00fd z\u00e1v\u011br ned\u011bln\u00edho programu mohli zatleskat suverenit\u011b t\u0159\u00ed na\u0161ich mu\u017esk\u00fdch reprezentant\u016f pro Rio, kte\u0159\u00ed se na bed\u0159ichovskou &#8222;bednu&#8220; poskl\u00e1dali v po\u0159ad\u00ed, jak\u00e9 &#8211; v\u00edce \/ m\u00e9n\u011b &#8211; s\u00e1zka\u0159i o\u010dek\u00e1vali&#8230; \u00a0Pro MORAVEC bude Bed\u0159ichov na V\u011bky V\u011bk\u016f zaps\u00e1n \u00a0v kronice dvojn\u00e1sobn\u011b zlat\u00fdm p\u00edsmem! D\u00edky v\u0161em za vzorn\u00e9 repre (podp\u016frn\u00fd t\u00fdm samoz\u0159ejm\u011b v\u010detn\u011b) a za v\u00fdkony, kter\u00e9 si bez uzard\u011bn\u00ed z m\u00e9ho ji\u017e st\u00e1\u0159\u00edm zast\u0159en\u00e9ho pohledu zaslou\u017e\u00ed p\u0159\u00edvlastek &#8211; <span style=\"color: #800000;\"><strong>NEZAPOMENUTELN\u00c9<\/strong><\/span>!\u00a0V\u00fdsledkov\u00fd souhrn MORAVCE z ned\u011bln\u00edho XCO \u00a0je tento (za lom\u00edtkem je celkov\u00e9 um\u00edst\u011bn\u00ed v r\u00e1mci leto\u0161n\u00edho \u010cP v t\u00e9to disciplin\u011b):<\/p>\n<ul>\n<li>mlad\u0161\u00ed \u017e\u00e1ci: 25. Roman \u0160indel\u00e1\u0159 \/ celkov\u011b po p\u011bti z\u00e1vodech 30.<\/li>\n<li>\u017e\u00e1ci:\u00a0<strong><span style=\"color: #993300;\">3. Tom\u00e1\u0161 Tlamka &#8222;Contador&#8220;<\/span><\/strong>\u00a0\/ 4., &#8230;. 6. Honza &#8222;Johny&#8220; \u0160indel\u00e1\u0159 \/ 6., &#8230; 33. Jakub Tesa\u0159 \/ 38.<\/li>\n<li>kadetky: 5. Anna Zem\u00e1nkov\u00e1 \/ 6., &#8230; Krist\u00fdna Haasov\u00e1 -nedokon\u010dila \/ 20.,..14. Monika Kone\u010dn\u00e1 \/ 17&#8230;.,\u00a0Jana &#8222;D\u017eejn&#8220; Tesa\u0159ov\u00e1 &#8211; nestartovala \/ 8.<\/li>\n<li>kadeti: 26. Karel Vinick\u00fd \/ 45., &#8230;25. Mat\u011bj Maz\u00e1nek \/ 42., &#8230;41. V\u00ed\u0165a Such\u00e1nek \/ nebodoval<\/li>\n<li>juniorky:\u00a0<span style=\"color: #ff6600;\"><strong>1. Ad\u00e9la \u0160af\u00e1\u0159ov\u00e1<\/strong><\/span>\u00a0\/ <strong><span style=\"color: #ff6600;\">1.<\/span><\/strong><\/li>\n<li>junio\u0159i: 12. Dominik Prudek \/ 7.<\/li>\n<li>mu\u017ei EXPERT: 11. Luk\u00e1\u0161 Gregor \/ 17.<\/li>\n<\/ul>\n<figure id=\"attachment_4960\" aria-describedby=\"caption-attachment-4960\" style=\"width: 1456px\" class=\"wp-caption alignnone\"><a href=\"http:\/\/www.moravecteam.cz\/?attachment_id=4960\" rel=\"attachment wp-att-4960\"><img decoding=\"async\" loading=\"lazy\" class=\" wp-image-4960\" alt=\"OLYMPUS DIGITAL CAMERA\" src=\"http:\/\/www.moravecteam.cz\/wp-content\/uploads\/2016\/07\/P7240232.jpg\" width=\"1456\" height=\"1339\" srcset=\"https:\/\/www.moravecteam.cz\/wp-content\/uploads\/2016\/07\/P7240232.jpg 1456w, https:\/\/www.moravecteam.cz\/wp-content\/uploads\/2016\/07\/P7240232-300x275.jpg 300w, https:\/\/www.moravecteam.cz\/wp-content\/uploads\/2016\/07\/P7240232-1024x941.jpg 1024w\" sizes=\"(max-width: 1456px) 100vw, 1456px\" \/><\/a><figcaption id=\"caption-attachment-4960\" class=\"wp-caption-text\">Nad Bed\u0159ichovem vl\u00e1la o mistrovsk\u00e9m v\u00edkendu jedin\u00e1 vlajka..!<\/figcaption><\/figure>\n<p style=\"text-align: justify;\"><span style=\"text-align: justify; line-height: 1.5;\">Zde je\u00a0<\/span><strong style=\"text-align: justify; line-height: 1.5;\"><a href=\"http:\/\/moravecteam.rajce.idnes.cz\/2016.07.23.-24._MCR_MTB_Bedrichov\/#komentare\">f\u016fra fotek<\/a><\/strong><span style=\"text-align: justify; line-height: 1.5;\">, kde najdete i ty z ned\u011bln\u00edho cross country a zde je zase, pro n\u00e1s znovu tak okulib\u00fd,<\/span><a style=\"text-align: justify; line-height: 1.5;\" href=\"http:\/\/sportsoft.cz\/cs\/zavod\/overview\/1833\">\u00a0<strong>kompletn\u00ed v\u00fdsledkov\u00fd servis<\/strong><\/a><strong style=\"text-align: justify; line-height: 1.5;\">.<\/strong><span style=\"text-align: justify; line-height: 1.5;\">..<\/span><\/p>\n<figure id=\"attachment_4965\" aria-describedby=\"caption-attachment-4965\" style=\"width: 1200px\" class=\"wp-caption alignnone\"><a href=\"http:\/\/www.moravecteam.cz\/?attachment_id=4965\" rel=\"attachment wp-att-4965\"><img decoding=\"async\" loading=\"lazy\" class=\" wp-image-4965\" alt=\"imgfab963265b41d8f6f8a3e5378e5add36\" src=\"http:\/\/www.moravecteam.cz\/wp-content\/uploads\/2016\/07\/imgfab963265b41d8f6f8a3e5378e5add36.jpg\" width=\"1200\" height=\"800\" srcset=\"https:\/\/www.moravecteam.cz\/wp-content\/uploads\/2016\/07\/imgfab963265b41d8f6f8a3e5378e5add36.jpg 1200w, https:\/\/www.moravecteam.cz\/wp-content\/uploads\/2016\/07\/imgfab963265b41d8f6f8a3e5378e5add36-300x200.jpg 300w, https:\/\/www.moravecteam.cz\/wp-content\/uploads\/2016\/07\/imgfab963265b41d8f6f8a3e5378e5add36-1024x682.jpg 1024w\" sizes=\"(max-width: 1200px) 100vw, 1200px\" \/><\/a><figcaption id=\"caption-attachment-4965\" class=\"wp-caption-text\">Favorit\u00e9 to v z\u00e1vod\u011b mu\u017e\u016f ELITE v Bed\u0159ichov\u011b zvl\u00e1dli!<\/figcaption><\/figure>\n","protected":false},"excerpt":{"rendered":"<p>Dob\u0159e p\u0159ipraven\u00ed, s pokorou k soupe\u0159\u016fm, ale i se zdravou sebed\u016fv\u011brou a s v\u00edrou ve vlastn\u00ed s\u00edlu a bikersk\u00fd um, jsme (po kolik\u00e1t\u00e9 v historii MORAVCE u\u017e?) vyrazili p\u0159edposledn\u00ed \u010dervencov\u00fd v\u00edkend \u0161estn\u00e1ct\u00e9ho roku t\u0159et\u00edho tis\u00edcilet\u00ed do Jizersk\u00fdch hor, kde se odehr\u00e1ly v m\u011bste\u010dku Bed\u0159ichov\u011b pro leto\u0161n\u00ed rok bitvy o n\u00e1rodn\u00ed \u0161ampiony v MTB XCE a &hellip; <a href=\"https:\/\/www.moravecteam.cz\/?p=4938\" class=\"more-link\">Pokra\u010dov\u00e1n\u00ed textu <span class=\"screen-reader-text\">Bed\u0159ichovsk\u00e1 fantazie!<\/span> <span class=\"meta-nav\">&rarr;<\/span><\/a><\/p>\n","protected":false},"author":3,"featured_media":4942,"comment_status":"open","ping_status":"closed","sticky":false,"template":"","format":"standard","meta":[],"categories":[1],"tags":[],"_links":{"self":[{"href":"https:\/\/www.moravecteam.cz\/index.php?rest_route=\/wp\/v2\/posts\/4938"}],"collection":[{"href":"https:\/\/www.moravecteam.cz\/index.php?rest_route=\/wp\/v2\/posts"}],"about":[{"href":"https:\/\/www.moravecteam.cz\/index.php?rest_route=\/wp\/v2\/types\/post"}],"author":[{"embeddable":true,"href":"https:\/\/www.moravecteam.cz\/index.php?rest_route=\/wp\/v2\/users\/3"}],"replies":[{"embeddable":true,"href":"https:\/\/www.moravecteam.cz\/index.php?rest_route=%2Fwp%2Fv2%2Fcomments&post=4938"}],"version-history":[{"count":18,"href":"https:\/\/www.moravecteam.cz\/index.php?rest_route=\/wp\/v2\/posts\/4938\/revisions"}],"predecessor-version":[{"id":5087,"href":"https:\/\/www.moravecteam.cz\/index.php?rest_route=\/wp\/v2\/posts\/4938\/revisions\/5087"}],"wp:featuredmedia":[{"embeddable":true,"href":"https:\/\/www.moravecteam.cz\/index.php?rest_route=\/wp\/v2\/media\/4942"}],"wp:attachment":[{"href":"https:\/\/www.moravecteam.cz\/index.php?rest_route=%2Fwp%2Fv2%2Fmedia&parent=4938"}],"wp:term":[{"taxonomy":"category","embeddable":true,"href":"https:\/\/www.moravecteam.cz\/index.php?rest_route=%2Fwp%2Fv2%2Fcategories&post=4938"},{"taxonomy":"post_tag","embeddable":true,"href":"https:\/\/www.moravecteam.cz\/index.php?rest_route=%2Fwp%2Fv2%2Ftags&post=4938"}],"curies":[{"name":"wp","href":"https:\/\/api.w.org\/{rel}","templated":true}]}}