{"id":4968,"date":"2016-07-26T02:02:15","date_gmt":"2016-07-26T00:02:15","guid":{"rendered":"http:\/\/www.moravecteam.cz\/?p=4968"},"modified":"2016-07-29T23:34:47","modified_gmt":"2016-07-29T21:34:47","slug":"co-se-bude-dit-st30-2","status":"publish","type":"post","link":"https:\/\/www.moravecteam.cz\/?p=4968","title":{"rendered":"Co se bude d\u00edt? (ST30)"},"content":{"rendered":"<p><span style=\"font-size: 18px; font-weight: bold; line-height: 1.33333; color: #800000;\">\u00dater\u00fd 26.7. 2016<\/span><\/p>\n<p style=\"text-align: justify;\">Odjezd MORAVC\u016e na leto\u0161n\u00ed cyklistick\u00fd kemp. Operace s volac\u00edm znakem <span style=\"color: #800000;\"><strong>URAL<\/strong> <\/span>zapo\u010dne tam, kde \u00a0&#8211; to v\u00edte (z d\u016fvodu d\u016fsledn\u00e9ho utajen\u00ed) jen Vy, p\u0159\u00edm\u00ed \u00fa\u010dastn\u00edci akce&#8230; Splnit n\u00e1ro\u010dn\u00fd invazn\u00ed \u00fakol n\u00e1s vyraz\u00ed &#8211; v\u011b\u0159te \/ nev\u011b\u0159te &#8211; t\u0159i des\u00edtky&#8230;.<\/p>\n<h5><span style=\"color: #800000;\">\u010ctvrtek 28.7. 2016<\/span><\/h5>\n<p>\u010casovka v r\u00e1mci silni\u010dn\u00edho M\u010cR \u017e\u00e1k\u016f a kadet\u016f v P\u0159\u00edbrami. V r\u00e1mci \u00fa\u010dasti dbejte pokyn\u016f na\u0161ich tren\u00e9r\u016f.<\/p>\n<h5><span style=\"color: #800000;\">Ned\u011ble 31.7. 2016<\/span><\/h5>\n<p>Z\u00e1vod s hromadn\u00fdm startem v r\u00e1mci silni\u010dn\u00edho M\u010cR \u017e\u00e1k\u016f a kadet\u016f v P\u0159\u00edbrami.V r\u00e1mci \u00fa\u010dasti dbejte pokyn\u016f na\u0161ich tren\u00e9r\u016f.<\/p>\n<h5><\/h5>\n","protected":false},"excerpt":{"rendered":"<p>\u00dater\u00fd 26.7. 2016 Odjezd MORAVC\u016e na leto\u0161n\u00ed cyklistick\u00fd kemp. Operace s volac\u00edm znakem URAL zapo\u010dne tam, kde \u00a0&#8211; to v\u00edte (z d\u016fvodu d\u016fsledn\u00e9ho utajen\u00ed) jen Vy, p\u0159\u00edm\u00ed \u00fa\u010dastn\u00edci akce&#8230; Splnit n\u00e1ro\u010dn\u00fd invazn\u00ed \u00fakol n\u00e1s vyraz\u00ed &#8211; v\u011b\u0159te \/ nev\u011b\u0159te &#8211; t\u0159i des\u00edtky&#8230;. \u010ctvrtek 28.7. 2016 \u010casovka v r\u00e1mci silni\u010dn\u00edho M\u010cR \u017e\u00e1k\u016f a kadet\u016f v P\u0159\u00edbrami. &hellip; <a href=\"https:\/\/www.moravecteam.cz\/?p=4968\" class=\"more-link\">Pokra\u010dov\u00e1n\u00ed textu <span class=\"screen-reader-text\">Co se bude d\u00edt? (ST30)<\/span> <span class=\"meta-nav\">&rarr;<\/span><\/a><\/p>\n","protected":false},"author":3,"featured_media":4971,"comment_status":"open","ping_status":"closed","sticky":false,"template":"","format":"standard","meta":[],"categories":[11],"tags":[],"_links":{"self":[{"href":"https:\/\/www.moravecteam.cz\/index.php?rest_route=\/wp\/v2\/posts\/4968"}],"collection":[{"href":"https:\/\/www.moravecteam.cz\/index.php?rest_route=\/wp\/v2\/posts"}],"about":[{"href":"https:\/\/www.moravecteam.cz\/index.php?rest_route=\/wp\/v2\/types\/post"}],"author":[{"embeddable":true,"href":"https:\/\/www.moravecteam.cz\/index.php?rest_route=\/wp\/v2\/users\/3"}],"replies":[{"embeddable":true,"href":"https:\/\/www.moravecteam.cz\/index.php?rest_route=%2Fwp%2Fv2%2Fcomments&post=4968"}],"version-history":[{"count":5,"href":"https:\/\/www.moravecteam.cz\/index.php?rest_route=\/wp\/v2\/posts\/4968\/revisions"}],"predecessor-version":[{"id":4974,"href":"https:\/\/www.moravecteam.cz\/index.php?rest_route=\/wp\/v2\/posts\/4968\/revisions\/4974"}],"wp:featuredmedia":[{"embeddable":true,"href":"https:\/\/www.moravecteam.cz\/index.php?rest_route=\/wp\/v2\/media\/4971"}],"wp:attachment":[{"href":"https:\/\/www.moravecteam.cz\/index.php?rest_route=%2Fwp%2Fv2%2Fmedia&parent=4968"}],"wp:term":[{"taxonomy":"category","embeddable":true,"href":"https:\/\/www.moravecteam.cz\/index.php?rest_route=%2Fwp%2Fv2%2Fcategories&post=4968"},{"taxonomy":"post_tag","embeddable":true,"href":"https:\/\/www.moravecteam.cz\/index.php?rest_route=%2Fwp%2Fv2%2Ftags&post=4968"}],"curies":[{"name":"wp","href":"https:\/\/api.w.org\/{rel}","templated":true}]}}