{"id":4981,"date":"2016-07-31T22:07:50","date_gmt":"2016-07-31T20:07:50","guid":{"rendered":"http:\/\/www.moravecteam.cz\/?p=4981"},"modified":"2016-07-31T23:33:58","modified_gmt":"2016-07-31T21:33:58","slug":"ctrnact-deti-na-urale","status":"publish","type":"post","link":"https:\/\/www.moravecteam.cz\/?p=4981","title":{"rendered":"\u010ctrn\u00e1ct d\u011bt\u00ed na &#8222;Urale&#8220;!"},"content":{"rendered":"<p style=\"text-align: justify;\"><strong><span style=\"color: #800000;\">P\u0159edev\u0161\u00edm d\u011btem bylo ur\u010deno leto\u0161n\u00ed cyklistick\u00e9 putov\u00e1n\u00ed MORAVEC Teamu s volac\u00edm znakem URAL. U\u017e po t\u0159et\u00ed jsme &#8222;zabrousili&#8220; do nejji\u017en\u011bj\u0161\u00edch c\u00edp\u016f Moravy, tentokr\u00e1t do lokality P\u00e1lava, kdy\u017e do\u010dasnou z\u00e1kladnou se n\u00e1m stala malebn\u00e1 vina\u0159sk\u00e1 obec Rakvice. Od \u00fater\u00fd do p\u00e1tku jsme najezdili &#8211; plus \/ m\u00ednus \u00a0&#8211; 150 km, a klobouk dol\u016f p\u0159ed v\u00fdkony na\u0161ich el\u00e9v\u016f, kdy\u017e vezmeme v \u00favahu, \u017ee n\u011bkte\u0159\u00ed z nich naj\u00ed\u017ed\u011bli na biku svoje prvn\u00ed \u017eivotn\u00ed des\u00edtky kilometr\u016f! Imponovala i jejich disciplinovanost v sedle, proto\u017ee cht\u00edc &#8211; necht\u00edc, silnic\u00edm za pln\u00e9ho provozu jsme se m\u00edsty vyhnout nemohli. No a proto\u017ee \u010dty\u0159i na\u0161e putovac\u00ed dny byly pov\u011bt\u0161inou zality sluncem, m\u016f\u017eeme d\u00e1t za leto\u0161n\u00ed kemp, mysl\u00edm, docela vysokou zn\u00e1mku!<\/span><\/strong><\/p>\n<figure id=\"attachment_5044\" aria-describedby=\"caption-attachment-5044\" style=\"width: 2093px\" class=\"wp-caption alignnone\"><a href=\"http:\/\/www.moravecteam.cz\/?attachment_id=5044\" rel=\"attachment wp-att-5044\"><img decoding=\"async\" loading=\"lazy\" class=\" wp-image-5044\" alt=\"OLYMPUS DIGITAL CAMERA\" src=\"http:\/\/www.moravecteam.cz\/wp-content\/uploads\/2016\/07\/P1010145.jpg\" width=\"2093\" height=\"1115\" srcset=\"https:\/\/www.moravecteam.cz\/wp-content\/uploads\/2016\/07\/P1010145.jpg 2093w, https:\/\/www.moravecteam.cz\/wp-content\/uploads\/2016\/07\/P1010145-300x159.jpg 300w, https:\/\/www.moravecteam.cz\/wp-content\/uploads\/2016\/07\/P1010145-1024x545.jpg 1024w\" sizes=\"(max-width: 2093px) 100vw, 2093px\" \/><\/a><figcaption id=\"caption-attachment-5044\" class=\"wp-caption-text\">Na startu v \u017dab\u010dic\u00edch u koupali\u0161t\u011b. Tentokr\u00e1t ne tradi\u010dn\u00edch sedm state\u010dn\u00fdch, ale hned 3&#215;7 state\u010dn\u00fdch!<\/figcaption><\/figure>\n<h5 style=\"text-align: justify;\"><span style=\"color: #800000;\">Operace URAL &#8211; den \u010d.1 &#8211; \u00fater\u00fd 26.7.2016<\/span><\/h5>\n<p style=\"text-align: justify;\">V\u00fdsadek invazn\u00edch vozidel prob\u011bhl na parkovi\u0161ti u koupali\u0161t\u011b v obci \u017dab\u010dice a byl stanoven na 10.00 hodin. Velitelsk\u00fd \u010das byl dodr\u017een, by\u0165 Petr s Apollem 14 (vezl v n\u011bm 7 \u00fato\u010dn\u00fdch bycikl\u016f) netrefil p\u0159i p\u0159\u00edjezdu na invazn\u00ed m\u00edsto tu pravou d\u00e1lnici. Je\u0161t\u011b \u0161t\u011bt\u00ed, \u017ee jich v \u010cesku nen\u00ed mnoho&#8230; V\u00edt\u00e1me se zde s nov\u00e1\u010dky na\u0161eho leto\u0161n\u00edho riskantn\u00edho cyklodobrodru\u017estv\u00ed: s rodinami \u0160ebelovic, Zav\u0159elovic, Barto\u0161ovic a Janovsk\u00fdch a pak u\u017e v po\u010dtu \u00a0&#8222;Voko bere&#8220; (21 rajdr\u016f + 2 \u0159idi\u010di doprovodn\u00fdch vozidel) nased\u00e1me do sedel, a s trochou potu na \u010dele hned na startu se sv\u011b\u0159ujeme do rukou &#8222;vodi\u010de&#8220; Petra, p\u0159em\u00fd\u0161lej\u00edce, kolik kilometr\u016f nav\u00edc najezd\u00edme, kdy\u017e se mu zada\u0159\u00ed &#8211; jak je jeho zvykem &#8211; zbloudit ze spr\u00e1vn\u00e9 cesty?<\/p>\n<figure id=\"attachment_5046\" aria-describedby=\"caption-attachment-5046\" style=\"width: 1154px\" class=\"wp-caption alignnone\"><a href=\"http:\/\/www.moravecteam.cz\/?attachment_id=5046\" rel=\"attachment wp-att-5046\"><img decoding=\"async\" loading=\"lazy\" class=\" wp-image-5046\" alt=\"P1100992\" src=\"http:\/\/www.moravecteam.cz\/wp-content\/uploads\/2016\/07\/P1100992.jpg\" width=\"1154\" height=\"788\" srcset=\"https:\/\/www.moravecteam.cz\/wp-content\/uploads\/2016\/07\/P1100992.jpg 1154w, https:\/\/www.moravecteam.cz\/wp-content\/uploads\/2016\/07\/P1100992-300x204.jpg 300w, https:\/\/www.moravecteam.cz\/wp-content\/uploads\/2016\/07\/P1100992-1024x699.jpg 1024w\" sizes=\"(max-width: 1154px) 100vw, 1154px\" \/><\/a><figcaption id=\"caption-attachment-5046\" class=\"wp-caption-text\">Pod taktovkou &#8222;vodi\u010de&#8220; zdol\u00e1v\u00e1me prvn\u00ed metry operace s volac\u00edm znakem URAL&#8230;<\/figcaption><\/figure>\n<p style=\"text-align: justify;\">Prvn\u00ed kilometry jsou po luxusn\u00ed rovince ve st\u00ednu lesa, kter\u00fd je protk\u00e1n ba\u017eantnicemi a c\u00edlem je prvn\u00ed &#8222;plaho\u010dina&#8220; v obci Uher\u010dice. Pak p\u0159ich\u00e1z\u00ed prvn\u00ed zkou\u0161ka, kterou je nejvy\u0161\u0161\u00ed bod na trati &#8211; kopec \u017debr\u00e1k na Hustope\u010demi, kter\u00fd se pne nad Severn\u00ed mo\u0159e do v\u00fd\u0161e 312 m. Soustavn\u00e9mu, precizn\u00edmu tlaku MORAVEC Teamu, samoz\u0159ejm\u011b, nemohl odolat&#8230; Podle pl\u00e1nu brzd\u00edme v cca 13.00 na ob\u011bd\u011b v Hustope\u010d\u00edch v restauraci U Halm\u016f a po ob\u011bd\u011b, aby bylo trocha adrenalinu&#8220; p\u0159ich\u00e1z\u00ed prvn\u00ed &#8222;kufr&#8220; vodi\u010de Petra, kter\u00fd na poprv\u00e9 netrefil odbo\u010dku z m\u011bsta ve sm\u011bru na \u0160akvice. Na podruh\u00e9 se to ale da\u0159\u00ed a bloud\u011bn\u00ed nen\u00ed nijak v\u00fdznamn\u00e9. Zdol\u00e1v\u00e1me pro ten den avizovan\u00fd kopec \u010d.2 mezi Hustope\u010d\u00ed a \u0160akvicemi a p\u0159i sjezdu k Novoml\u00fdnsk\u00fdm vodn\u00edm n\u00e1dr\u017e\u00edm, za\u017e\u00edv\u00e1me d\u00edky \u0161otolinov\u00e9 poln\u00ed cest\u011b kone\u010dn\u011b prvn\u00ed, prav\u00e9 crosscountry.<\/p>\n<figure id=\"attachment_5047\" aria-describedby=\"caption-attachment-5047\" style=\"width: 2030px\" class=\"wp-caption alignnone\"><a href=\"http:\/\/www.moravecteam.cz\/?attachment_id=5047\" rel=\"attachment wp-att-5047\"><img decoding=\"async\" loading=\"lazy\" class=\" wp-image-5047\" alt=\"P1110005\" src=\"http:\/\/www.moravecteam.cz\/wp-content\/uploads\/2016\/07\/P1110005.jpg\" width=\"2030\" height=\"1122\" srcset=\"https:\/\/www.moravecteam.cz\/wp-content\/uploads\/2016\/07\/P1110005.jpg 2030w, https:\/\/www.moravecteam.cz\/wp-content\/uploads\/2016\/07\/P1110005-300x165.jpg 300w, https:\/\/www.moravecteam.cz\/wp-content\/uploads\/2016\/07\/P1110005-1024x565.jpg 1024w, https:\/\/www.moravecteam.cz\/wp-content\/uploads\/2016\/07\/P1110005-672x372.jpg 672w\" sizes=\"(max-width: 2030px) 100vw, 2030px\" \/><\/a><figcaption id=\"caption-attachment-5047\" class=\"wp-caption-text\">Na nejvy\u0161\u0161im bod\u011b na\u0161\u00ed cesty &#8211; na kopci \u017debr\u00e1k (312 m.n.m.) byla samoz\u0159ejm\u011b pauza a kochali jsme se panoramaty&#8230;<\/figcaption><\/figure>\n<p style=\"text-align: justify;\">Jinak jsme do t\u00e9 doby jsme jeli v\u00fdhradn\u011b po asfaltk\u00e1ch a cest\u00e1ch s pevn\u00fdm povrchem. Na ty se op\u011bt vrac\u00edme p\u0159i stoup\u00e1n\u00ed k obci Zaje\u010d\u00ed, kterou ale m\u00edj\u00edme a kolem vina\u0159stv\u00ed, kde se to\u010dil seri\u00e1l &#8222;Vina\u0159i&#8220;, se op\u011bt &#8222;kut\u00e1l\u00edme&#8220; dol\u016f k v\u00edsce P\u0159\u00edtluky s v\u011bdom\u00edm, \u017ee c\u00edl cesty &#8211; z\u00e1kladna Rakvice &#8211; je u\u017e hodn\u011b bl\u00edzko! P\u0159ich\u00e1z\u00ed ale pro ten den adrenalin \u010d.2: vodi\u010d Petr je ve spojen\u00ed s meteorologickou odd\u00edlovou podporou a ta hl\u00e1s\u00ed, \u017ee n\u00e1\u0161 konvoj zastihne d\u00e9\u0161\u0165! P\u0159ed obc\u00ed P\u0159\u00edtluky s prvn\u00edmi kapkami vel\u00ed vodi\u010d k \u00fakrytu pod p\u0159\u00edst\u0159e\u0161ek u dal\u0161\u00edho m\u00edstn\u00edho vina\u0159stv\u00ed. D\u00e9\u0161\u0165 skute\u010dn\u011b p\u0159ich\u00e1z\u00ed, nen\u00ed v\u0161ak siln\u00fd a ani netrv\u00e1 dlouho. P\u0159esto vina\u0159sk\u00fd specialista, kter\u00fd s n\u00e1mi letos jede a odd\u00edlov\u00fd designer v jedn\u00e9 osob\u011b, Libor Barto\u0161 (za pomoci Vl\u00e1di Janovsk\u00e9ho), oba dok\u00e1\u017eou opat\u0159it b\u011bhem chvilky p\u0159i dopl\u0148ov\u00e1n\u00ed vody do bidon\u016f i l\u00e1hev dobr\u00e9ho v\u00edna! Tak\u017ee dosp\u011bl\u00fdm &#8222;\u00fa\u010dastn\u00edk\u016fm z\u00e1jezdu&#8220; se d\u00e9\u0161\u0165 pod p\u0159\u00edst\u0159e\u0161kem p\u0159ekon\u00e1v\u00e1 v pravd\u011b lahodn\u011b&#8230;<\/p>\n<figure id=\"attachment_5048\" aria-describedby=\"caption-attachment-5048\" style=\"width: 1660px\" class=\"wp-caption alignnone\"><a href=\"http:\/\/www.moravecteam.cz\/?attachment_id=5048\" rel=\"attachment wp-att-5048\"><img decoding=\"async\" loading=\"lazy\" class=\" wp-image-5048\" alt=\"P1110137\" src=\"http:\/\/www.moravecteam.cz\/wp-content\/uploads\/2016\/07\/P1110137.jpg\" width=\"1660\" height=\"897\" srcset=\"https:\/\/www.moravecteam.cz\/wp-content\/uploads\/2016\/07\/P1110137.jpg 1660w, https:\/\/www.moravecteam.cz\/wp-content\/uploads\/2016\/07\/P1110137-300x162.jpg 300w, https:\/\/www.moravecteam.cz\/wp-content\/uploads\/2016\/07\/P1110137-1024x553.jpg 1024w\" sizes=\"(max-width: 1660px) 100vw, 1660px\" \/><\/a><figcaption id=\"caption-attachment-5048\" class=\"wp-caption-text\">Na pob\u0159e\u017e\u00ed Novoml\u00fdnsk\u00fdch n\u00e1dr\u017e\u00ed, pod obc\u00ed \u0160akvice, obdivujeme kr\u00e1su P\u00e1lavsk\u00e9ho mas\u00edvu.<\/figcaption><\/figure>\n<p style=\"text-align: justify;\">Mraky z\u00e1hy miz\u00ed, objevuje se op\u011bt slun\u00ed\u010dko a my zakr\u00e1tko brzd\u00edme v na\u0161em do\u010dasn\u00e9m domov\u011b, rakvick\u00e9m penzionz Janami. Zde se op\u011bt setkv\u00e1me s d\u011btmi S\u00e1rinkou a Sofinkou \u0160ebelov\u00fdmi (odd\u011blili se od n\u00e1s v Hustope\u010d\u00edch, kdy\u017e si p\u0159ed t\u00edm vytvo\u0159ili \u00a0nov\u00fd osob\u00e1k v ujet\u00fdch kilometrech) a s Lipensk\u00fdmi &#8211; Hanouskov\u00fdmi, kte\u0159\u00ed v s\u00edle mal\u00e9 roty (5 rajdr\u016f) dorazili na na\u0161i z\u00e1kladnu ji\u017e odpoledne. B\u011b\u017e\u00ed tradi\u010dn\u00ed pop\u0159\u00edjezdov\u00e9 sekvence &#8211; ubytov\u00e1n\u00ed, aklimatizace, rekognoskace m\u00edstn\u00edho ter\u00e9nu&#8230; Petr s Drson\u011bm, je\u0161t\u011b vyr\u00e1\u017e\u00ed na pr\u016fzkumnou cestu, jej\u00edm\u017e c\u00edlem je naj\u00edt zp\u016fsob, jak p\u0159ekonat \u0159eku Dyji, kter\u00e1 n\u00e1m v dal\u0161\u00edch aktivit\u00e1ch, kter\u00e9 na st\u0159edu a \u010dtvrtek pl\u00e1nujeme, tak trochu &#8222;zavaz\u00ed&#8220;&#8230; \u00dakol je spln\u011bn, oba zku\u0161en\u00ed MORAVEC Ranges se vrac\u00ed v cca 20.00, by\u0165 s dost zabl\u00e1cen\u00fdmi bycikly: v teritoriu Rakvic toti\u017e pr\u0161elo podstatn\u011b v\u00edc, ne\u017e p\u0159ed obc\u00ed P\u0159\u00edtluky, kde jsme se p\u0159ed de\u0161t\u011bm po cest\u011b schov\u00e1vali&#8230;<\/p>\n<h5><span style=\"color: #800000;\">Operace URAL &#8211; den \u010d.2 &#8211; st\u0159eda 27.7.2016<\/span><\/h5>\n<p style=\"text-align: justify;\">V \u010dase prvn\u00edho invazn\u00edho v\u00fdjezdu do lokality P\u00e1lava (c\u00edlem je Mikulov nebo n\u011bjak\u00e9 obce pobl\u00ed\u017e), je n\u00e1s p\u0159ipraveno do akce 31! Podle pl\u00e1nu dorazili za n\u00e1mi druz\u00ed Koudelkovic v po\u010dtu \u010dty\u0159 rajdr\u016f a D\u00e1\u0161a \u0160ebelov\u00e1, kter\u00e1 tak kompletuje rodinu \u0160ebelovic (t\u00e9\u017e do po\u010dtu \u010dty\u0159 rajdr\u016f). Slune\u010dn\u00e9 po\u010das\u00ed vyb\u00edz\u00ed do sedla a Petr s &#8222;Drson\u011bm&#8220; vedou n\u00e1\u0161 konvoj na p\u0159echod p\u0159es Dyji, kter\u00fd v\u010dera pr\u016fzkumem pro n\u00e1s zku\u0161en\u011b zajistili. Prvn\u00ed kilometry jsou op\u011bt typick\u00fdm crosscountry, kter\u00e9 je &#8222;zpest\u0159eno&#8220; nav\u00edc n\u011bkolika brody, kter\u00e9 v\u010derej\u0161\u00ed d\u00e9\u0161\u0165 na zdej\u0161\u00edch poln\u00edch cest\u00e1ch vytvo\u0159il. D\u011bti si ale v sedlech vedou na jedni\u010dku s hv\u011bzdi\u010dkou, jde jim to v\u00fdborn\u011b a ani se nechce v\u011b\u0159it, \u017ee n\u011bkter\u00e9 z nich maj\u00ed tak m\u00e1lo najeto&#8230; Na mostku p\u0159es Dyji n\u00e1s zdr\u017e\u00ed zaj\u00edmav\u00e9 vodn\u00ed panoramato: v \u0159ece z\u0159eteln\u011b rozezn\u00e1v\u00e1me kaprovit\u00e9 ryby ale i obrovsk\u00e9 sumce (!) v po\u010dtech neb\u00fdval\u00fdch&#8230; Znak toho, \u017ee \u0159eka je \u010dist\u00e1&#8230; Co\u017e je jen dob\u0159e&#8230;<\/p>\n<figure id=\"attachment_5049\" aria-describedby=\"caption-attachment-5049\" style=\"width: 2034px\" class=\"wp-caption alignnone\"><a href=\"http:\/\/www.moravecteam.cz\/?attachment_id=5049\" rel=\"attachment wp-att-5049\"><img decoding=\"async\" loading=\"lazy\" class=\" wp-image-5049\" alt=\"OLYMPUS DIGITAL CAMERA\" src=\"http:\/\/www.moravecteam.cz\/wp-content\/uploads\/2016\/07\/P1010160.jpg\" width=\"2034\" height=\"911\" srcset=\"https:\/\/www.moravecteam.cz\/wp-content\/uploads\/2016\/07\/P1010160.jpg 2034w, https:\/\/www.moravecteam.cz\/wp-content\/uploads\/2016\/07\/P1010160-300x134.jpg 300w, https:\/\/www.moravecteam.cz\/wp-content\/uploads\/2016\/07\/P1010160-1024x458.jpg 1024w\" sizes=\"(max-width: 2034px) 100vw, 2034px\" \/><\/a><figcaption id=\"caption-attachment-5049\" class=\"wp-caption-text\">Na startu st\u0159ed\u010dn\u00ed &#8222;etapy&#8220; se n\u00e1s sch\u00e1z\u00ed \u00factyhodn\u00fdch 31 rajdr\u016f!<\/figcaption><\/figure>\n<p style=\"text-align: justify;\">Za obc\u00ed \u00davaly (je zde &#8222;velk\u00e1 plaho\u010dina&#8220;), kter\u00e1 je prvn\u00ed od Dyje, u\u017e op\u011bt naj\u00ed\u017ed\u00edme na komfortn\u00ed asfaltov\u00e9 chodn\u00ed\u010dky a pohodovou j\u00edzdou dosahuje n\u00e1\u0161 st\u0159ed\u010dn\u00ed v\u00fdpad a\u017e do obce Sedlec. Zde dopl\u0148ujeme &#8222;palivo&#8220; (neboli ob\u011bdv\u00e1me, restauraci doporu\u010dil znalec m\u00edstn\u00edho kraje &#8211; Jirka Zav\u0159el st.), ale \u00a0p\u0159i siest\u011b za\u017e\u00edv\u00e1me dal\u0161\u00ed adrenalin! Poprv\u00e9 v historii na\u0161ich kemp\u016f je n\u00e1m zcizeno kolo! Ne\u0161\u0165astn\u00edkem je Eva Zem\u00e1nkov\u00e1&#8230; Samoz\u0159ejm\u011b si nic nenech\u00e1v\u00e1me l\u00edbit. M\u00edstn\u00ed policii aktivujeme do p\u00e1tr\u00e1n\u00ed a Ev\u011b p\u016fj\u010duje kolo Ros\u0165a \u0160ebela, kter\u00fd se ze Sedlece s d\u011btmi a man\u017eelkou vrac\u00ed do Rakvic ji\u017e doprovodn\u00fdm vozidlem. Je to sm\u016fla a ka\u0148ka na jinak vyda\u0159en\u00e9m dni. Takov\u00e9 pr\u016f\u0161vihy ale \u017eivot p\u0159in\u00e1\u0161\u00ed, v\u0161ak dob\u0159e v\u00edme, jak je \u010desk\u00fd \u010dlov\u011bk nenechav\u00fd&#8230;\u00a0 Ze Sedlece m\u00ed\u0159\u00edme stejnou cestou zp\u011bt do Rakvic s v\u011bdom\u00fdm, \u017ee pl\u00e1novan\u00e9 kilometrov\u00e9 pensum je spln\u011bno, u n\u011bkter\u00fdch ba p\u0159ekro\u010deno!<\/p>\n<figure id=\"attachment_5050\" aria-describedby=\"caption-attachment-5050\" style=\"width: 2028px\" class=\"wp-caption alignnone\"><a href=\"http:\/\/www.moravecteam.cz\/?attachment_id=5050\" rel=\"attachment wp-att-5050\"><img decoding=\"async\" loading=\"lazy\" class=\" wp-image-5050\" alt=\"OLYMPUS DIGITAL CAMERA\" src=\"http:\/\/www.moravecteam.cz\/wp-content\/uploads\/2016\/07\/P1010197.jpg\" width=\"2028\" height=\"1439\" srcset=\"https:\/\/www.moravecteam.cz\/wp-content\/uploads\/2016\/07\/P1010197.jpg 2028w, https:\/\/www.moravecteam.cz\/wp-content\/uploads\/2016\/07\/P1010197-300x212.jpg 300w, https:\/\/www.moravecteam.cz\/wp-content\/uploads\/2016\/07\/P1010197-1024x726.jpg 1024w\" sizes=\"(max-width: 2028px) 100vw, 2028px\" \/><\/a><figcaption id=\"caption-attachment-5050\" class=\"wp-caption-text\">Prvn\u00ed podve\u010dern\u00ed program pro d\u011bti za\u010dal touhle netradi\u010dn\u00ed spole\u010dnou ak\u010dn\u00ed fotkou!<\/figcaption><\/figure>\n<p style=\"text-align: justify;\">T\u00edm, \u017ee sesed\u00e1me z kol, program dne zdaleka nekon\u010d\u00ed. Jdeme prubnout zdej\u0161\u00ed p\u0159\u00edrodn\u00ed koupali\u0161t\u011b (voda je zde \u010dist\u00e1 a vskutku tepl\u00e1 &#8211; cca 23\u00b0C), po ve\u010de\u0159i vyr\u00e1\u017e\u00ed star\u0161\u00ed holky (v re\u017eii Lenky) s d\u011btmi hledat poklad no a ve\u010der si vychutn\u00e1v\u00e1me chvilky oddechu u prvn\u00edho ze dvou pl\u00e1novan\u00fdch t\u00e1bor\u00e1k\u016f. Vodi\u010d Petr ct\u00ed tradici a po ve\u010derce (je i pro d\u011bti v r\u00e1mci akce posunuta na p\u016flnoc) ul\u00e9h\u00e1 k ohni pod \u0161ir\u00e9 nebe. D\u00e9\u0161\u0165, kter\u00fd Rakvice zkr\u00e1p\u00ed v 4.45 hodin r\u00e1no ho ale zah\u00e1n\u00ed do bezpe\u010d\u00ed a sucha penzionu&#8230; Zbab\u011blec&#8230; Pr\u0161et p\u0159estalo v 5.05&#8230; Co T\u011b to v ml\u00e1d\u00ed u\u010dili: p\u0159ekonej s\u00e1m sebe a vytrvej! A tys nevytrval&#8230; Co jsi to za n\u00e1\u010deln\u00edka?<\/p>\n<h5><span style=\"color: #800000;\">Operace URAL &#8211; den \u010d.3 &#8211; \u010dtvrtek 28.7.2016<\/span><\/h5>\n<p style=\"text-align: justify;\">Zahajuje ho administrativn\u00ed procedura, spojen\u00e1 s nep\u0159\u00edjemnou ztr\u00e1tou kola Evy Zem\u00e1nkov\u00e9: seps\u00e1n\u00ed protokolu v 8.00 na str\u00e1\u017enici v Mikulov\u011b. \u00a0Dal\u0161\u00ed pomocnou ruku ne\u0161\u0165astnici Ev\u011b pod\u00e1v\u00e1 nezi\u0161tn\u00fd Kare V\u0161etula, zaji\u0161\u0165u\u00edc\u00ed jej\u00ed p\u0159epravu tam i zp\u011bt. V\u0161e se v pohod\u011b st\u00edh\u00e1 a na dal\u0161\u00ed druh\u00fd v\u00fdpad vyr\u00e1\u017e\u00edme ve sm\u011bru Lednice (Ev\u011b kolo op\u011bt p\u016fj\u010duje Ros\u0165a \u0160ebela, s\u00e1m jede na kole sv\u00e9 \u017eeny, jej\u00ed\u017e n\u00e1v\u0161t\u011bva u n\u00e1s byla &#8211; podle pl\u00e1nu &#8211; jednodenn\u00ed). Nejmen\u0161\u00ed d\u011bti se Petra ptaj\u00ed, zda v t\u00e9 &#8222;Ledni\u010dce&#8220; bude zima a zda se tam trochu schlad\u00edme, proto\u017ee od r\u00e1na je op\u011bt slune\u010dno a teplo. Kv\u016fli no\u010dn\u00edmu de\u0161ti vol\u00edme cestu po silnici p\u0159es Podiv\u00edn, za kter\u00fdm naj\u00ed\u017ed\u00edme op\u011bt na bezpe\u010dn\u00e9 cyklostezky. Ta dojezdov\u00e1 do Lednice ale stoj\u00ed za to: je to tak zvan\u00e1 &#8222;\u0161t\u011btovan\u00e1&#8220; star\u00e1 formansk\u00e1 cesta a dost drnc\u00e1&#8230; Nav\u00edc je je\u0161t\u011b kluzk\u00e1, tak\u017ee p\u00e1d\u016fm se na\u0161i nejmen\u0161\u00ed nov\u00e1\u010dkov\u00e9, p\u0159es v\u0161echno \u00fasil\u00ed, nevyhnou&#8230; Jsou ale state\u010dn\u00ed, odoln\u00ed! Op\u011bt se ale s ter\u00e9nem perou po MORAVCOVSKU a zvl\u00e1d\u00e1j\u00ed to v\u0161e suprov\u011b!<\/p>\n<figure id=\"attachment_5051\" aria-describedby=\"caption-attachment-5051\" style=\"width: 1933px\" class=\"wp-caption alignnone\"><a href=\"http:\/\/www.moravecteam.cz\/?attachment_id=5051\" rel=\"attachment wp-att-5051\"><img decoding=\"async\" loading=\"lazy\" class=\" wp-image-5051\" alt=\"OLYMPUS DIGITAL CAMERA\" src=\"http:\/\/www.moravecteam.cz\/wp-content\/uploads\/2016\/07\/P1010227.jpg\" width=\"1933\" height=\"857\" srcset=\"https:\/\/www.moravecteam.cz\/wp-content\/uploads\/2016\/07\/P1010227.jpg 1933w, https:\/\/www.moravecteam.cz\/wp-content\/uploads\/2016\/07\/P1010227-300x133.jpg 300w, https:\/\/www.moravecteam.cz\/wp-content\/uploads\/2016\/07\/P1010227-1024x453.jpg 1024w\" sizes=\"(max-width: 1933px) 100vw, 1933px\" \/><\/a><figcaption id=\"caption-attachment-5051\" class=\"wp-caption-text\">\u010c\u0165vrtek r\u00e1no, start druh\u00e9 &#8222;etapy&#8220;, kter\u00e1 vedla do srdce Valticko &#8211; Lednick\u00e9ho are\u00e1lu, m\u011bste\u010dka Lednice.<\/figcaption><\/figure>\n<p style=\"text-align: justify;\">Po tortu\u0159e na \u0161t\u011btovan\u00e9 je pro n\u00e1s odm\u011bnou \u00fatuln\u00e9 z\u00e1zem\u00ed Janova hradu a jak tu\u0161\u00edte, to u\u017e jsme dorazili do Lednicko &#8211; Valtick\u00e9ho are\u00e1lu, k jednomu z jeho skute\u010dn\u00fdch &#8222;majter\u0161tyk\u016f&#8220;! \u00a0\u017de se n\u00e1m odtud moc necht\u011blo, jist\u011b ch\u00e1pete&#8230; Nastal\u00e1 doba &#8222;dopln\u011bn\u00ed paliva&#8220; n\u00e1s ale vyzvala zp\u011bt do sedel. Zde op\u011bt vyu\u017e\u00edv\u00e1me znalost\u00ed Jirky Zav\u0159ela st. kter\u00fd n\u00e1s vede m\u011bste\u010dkem (p\u0159ibr\u017e\u010fujeme u Lednick\u00e9ho z\u00e1mku a stylov\u00e9 spole\u010dn\u00e9 foto s odd\u00edlovou z\u00e1stavou zde nem\u016f\u017ee chyb\u011bt) do &#8222;Hypo&#8220; restaurace, kde \u017ee nejenom v\u00fdborn\u011b va\u0159\u00ed, ale je zde i mo\u017enost povozen\u00ed se na kon\u00edch! Tu samoz\u0159ejm\u011b d\u011btem nab\u00edz\u00edme a ty ji &#8211; samoz\u0159ejm\u011b &#8211; beze zbytku a s nad\u0161en\u00edm vyu\u017e\u00edvaj\u00ed! Po dobr\u00e9m &#8222;g\u00e1bl\u00edku&#8220; n\u00e1s op\u011bt postihuje syndrom &#8222;pohodov\u00e9 lenivosti&#8220;&#8230;<\/p>\n<figure id=\"attachment_5052\" aria-describedby=\"caption-attachment-5052\" style=\"width: 2082px\" class=\"wp-caption alignnone\"><a href=\"http:\/\/www.moravecteam.cz\/?attachment_id=5052\" rel=\"attachment wp-att-5052\"><img decoding=\"async\" loading=\"lazy\" class=\" wp-image-5052\" alt=\"OLYMPUS DIGITAL CAMERA\" src=\"http:\/\/www.moravecteam.cz\/wp-content\/uploads\/2016\/07\/P1010267.jpg\" width=\"2082\" height=\"1127\" srcset=\"https:\/\/www.moravecteam.cz\/wp-content\/uploads\/2016\/07\/P1010267.jpg 2082w, https:\/\/www.moravecteam.cz\/wp-content\/uploads\/2016\/07\/P1010267-300x162.jpg 300w, https:\/\/www.moravecteam.cz\/wp-content\/uploads\/2016\/07\/P1010267-1024x554.jpg 1024w\" sizes=\"(max-width: 2082px) 100vw, 2082px\" \/><\/a><figcaption id=\"caption-attachment-5052\" class=\"wp-caption-text\">Spole\u010dn\u00e1 fotografie MORAVC\u016e u klenotu m\u011bste\u010dka Lednice, m\u00edst\u00edn\u00edho z\u00e1mku nemohla chyb\u011bt.<\/figcaption><\/figure>\n<p style=\"text-align: justify;\">T\u00e9 se v\u0161ak dok\u00e1\u017eeme ubr\u00e1nit! Byst\u0159e jdeme op\u011bt na v\u011bc, a v sedlech na\u0161ich &#8222;mil\u00e1\u010dk\u016f&#8220; obj\u00ed\u017ed\u00edme Lednick\u00e9 rybn\u00edky a trasou &#8222;voln\u00e9ho n\u00e1vratu&#8220; brzd\u00edme v o\u010dek\u00e1vanou dobu op\u011bt p\u0159ed na\u0161\u00edm do\u010dasn\u00fdm domovem v Rakvic\u00edch. \u00a0Jako ve st\u0159edu, ani ve \u010dtvrtek ale denn\u00ed program zdaleka nekon\u010d\u00ed. D\u011bti m\u00ed\u0159\u00ed op\u011bt do m\u00edstn\u00edho p\u0159\u00edrodn\u00edho koupali\u0161t\u011b, kter\u00e9 si obl\u00edbily a dosp\u011bl\u00ed (tentokr\u00e1t v re\u017ei Petra) jim p\u0159ipravuj\u00ed ji\u017e d\u0159\u00edve avizovan\u00fd cyklistick\u00fd z\u00e1vod. A tak po ve\u010de\u0159i se jede na parkovi\u0161ti p\u0159ed penzionem historicky prvn\u00ed MTB Velk\u00e1 cena Rakvic za \u00fa\u010dasti v\u00edce jak tuctu biker\u016f! Boje jsou l\u00edt\u00e9, u\u017e v tr\u00e9ninkov\u00e9m kole jsou monitorov\u00e1ny nep\u0159\u00edjemn\u00e9 p\u00e1dy, div\u00e1ck\u00e1 atmosf\u00e9ra je \u00fa\u017easn\u00e1 (p\u0159il\u00e1kala dokonce i m\u00edstn\u00ed ob\u010dany v\u010detn\u011b n\u011bkolika zdej\u0161\u00edch ztepil\u00fdch dru\u017estevn\u00edk\u016f a dru\u017estevnic!)&#8230;<\/p>\n<figure id=\"attachment_5053\" aria-describedby=\"caption-attachment-5053\" style=\"width: 1243px\" class=\"wp-caption alignnone\"><a href=\"http:\/\/www.moravecteam.cz\/?attachment_id=5053\" rel=\"attachment wp-att-5053\"><img decoding=\"async\" loading=\"lazy\" class=\" wp-image-5053\" alt=\"P1110109\" src=\"http:\/\/www.moravecteam.cz\/wp-content\/uploads\/2016\/07\/P1110109.jpg\" width=\"1243\" height=\"990\" srcset=\"https:\/\/www.moravecteam.cz\/wp-content\/uploads\/2016\/07\/P1110109.jpg 1243w, https:\/\/www.moravecteam.cz\/wp-content\/uploads\/2016\/07\/P1110109-300x238.jpg 300w, https:\/\/www.moravecteam.cz\/wp-content\/uploads\/2016\/07\/P1110109-1024x815.jpg 1024w\" sizes=\"(max-width: 1243px) 100vw, 1243px\" \/><\/a><figcaption id=\"caption-attachment-5053\" class=\"wp-caption-text\">\u010ctvrtek podve\u010der a historicky prvn\u00ed MTB Velk\u00e1 cena Rakvic je &#8222;na spadnut\u00ed&#8220;&#8230;<\/figcaption><\/figure>\n<p style=\"text-align: justify;\">Z\u00e1vodit kon\u010d\u00edme se samou tmou a slavnostn\u00ed vyhl\u00e1\u0161en\u00ed v\u00fdsledk\u016f prob\u00edh\u00e1 u t\u00e1bor\u00e1ku s po\u0159adov\u00fdm \u010d. 2. Uj\u00edm\u00e1 se ho n\u00e1\u0161 letit\u00fd podporovatel a sponzor, Ros\u0165a \u0160ebela, kter\u00fd je letos tou osobnost\u00ed u na\u0161eho t\u00e1bor\u00e1ku, kter\u00e9ho Petr p\u0159\u00edtomn\u00fdm p\u0159edstavuje, kter\u00e9mu v\u0161ichni d\u011bkujem za jeho n\u00e1klonnost k MORAVEC Teamu a kter\u00e9mu chv\u00e1l\u00edme jeho dv\u011b ji\u017e v\u00fd\u0161e zm\u00edn\u011bn\u00e9 dcerky &#8211; S\u00e1ru se Sofinkou. P\u0159edev\u0161\u00edm ony a mal\u00fd Jon\u00e1\u0161ek Janovsk\u00fd (nejmlad\u0161\u00ed &#8222;\u00fa\u010dastn\u00edk z\u00e1jezdu&#8220; jsou v pravd\u011b objevy leto\u0161n\u00ed cyklistick\u00e9 sez\u00f3ny! Ros\u0165a se pak zku\u0161en\u011b uj\u00edm\u00e1 p\u0159ed\u00e1v\u00e1n\u00ed cen a ve\u010der pokra\u010duje p\u0159i degustaci v\u00fdborn\u00fdch tekutin, kter\u00e9 m\u00edstn\u00ed kraj plod\u00ed a kter\u00e9 k t\u00e1bor\u00e1ku zajistil dal\u0161\u00ed znalec m\u00edstn\u00edho kraje &#8211; Libor Barto\u0161. P\u0159ekvapen\u00edm ale nen\u00ed je\u0161t\u011b konec: Petr se kone\u010dn\u011b do\u017e\u00edv\u00e1 toho, co mu u\u017e tak dlouho chyb\u00ed: to jest vlas\u016f! Jsou zrzav\u00e9, p\u0159\u00ed\u010desek \u00a0mu vyrobily d\u011bti a r\u00e1zem se st\u00e1v\u00e1 vskutu \u00a0se v\u0161\u00edm v\u0161udy, IN borcem!\u00a0\u0160\u0165asten pak op\u011bt us\u00edn\u00e1 pod \u0161irou oblohou, na rozd\u00edl od st\u0159edy tentokr\u00e1t jeho spokojen\u00e9 sn\u011bn\u00ed \u017e\u00e1dn\u00fd d\u00e9\u0161\u0165 nep\u0159ekaz\u00ed&#8230; Tradice tedy tentokr\u00e1t z\u00fastala dodr\u017eena!<\/p>\n<h5><span style=\"color: #800000;\">Operace URAL &#8211; den \u010d.4 &#8211; p\u00e1tek 29.7.2016<\/span><\/h5>\n<p style=\"text-align: justify;\">Jak rychle \u010das ut\u00edk\u00e1, kdy\u017e se nelelkuje a kdy\u017e je biker, tak jak m\u00e1 b\u00fdt, \u00a0po\u0159\u00e1d &#8222;v jednom kole&#8220;, jsme si uv\u011bdomili v ono p\u00e1te\u010dn\u00ed r\u00e1no, v den na\u0161eho n\u00e1vratu zp\u011bt, na Drahanskou Vrchovinu. Po sn\u00eddani v\u00edm\u00e1me, \u017ee n\u00e1\u0161 po\u010det bude redukovan\u00fd o Hanouskovy &#8211; Lipensk\u00e9, kte\u0159\u00ed \u0159e\u0161\u00ed i cestu zp\u011bt vozem po vlastn\u00ed ose. V 10.30 zahajuje n\u00e1\u0161 pelotonek \u00a0&#8222;zp\u011btn\u00fd chod&#8220; a je v\u00edc ne\u017e patrn\u00e9, \u017ee po t\u0159ech dnech piln\u00e9ho je\u017ed\u011bn\u00ed to u\u017e &#8222;d\u00e1v\u00e1me&#8220; \u00a0\u00fapln\u011b jinak, ne\u017e v den prvn\u00ed&#8230; I proto jsme v Hustope\u010d\u00edch na ob\u011bd\u011b U Halm\u016f o 45 min d\u0159\u00edve, ne\u017e jsme pl\u00e1novali a tak trochu t\u00edm zaskakujeme zdej\u0161\u00ed person\u00e1l&#8230;<\/p>\n<figure id=\"attachment_5055\" aria-describedby=\"caption-attachment-5055\" style=\"width: 1802px\" class=\"wp-caption alignnone\"><a href=\"http:\/\/www.moravecteam.cz\/?attachment_id=5055\" rel=\"attachment wp-att-5055\"><img decoding=\"async\" loading=\"lazy\" class=\" wp-image-5055\" alt=\"P1110133\" src=\"http:\/\/www.moravecteam.cz\/wp-content\/uploads\/2016\/07\/P1110133.jpg\" width=\"1802\" height=\"934\" srcset=\"https:\/\/www.moravecteam.cz\/wp-content\/uploads\/2016\/07\/P1110133.jpg 1802w, https:\/\/www.moravecteam.cz\/wp-content\/uploads\/2016\/07\/P1110133-300x155.jpg 300w, https:\/\/www.moravecteam.cz\/wp-content\/uploads\/2016\/07\/P1110133-1024x530.jpg 1024w\" sizes=\"(max-width: 1802px) 100vw, 1802px\" \/><\/a><figcaption id=\"caption-attachment-5055\" class=\"wp-caption-text\">Na startu fin\u00e1ln\u00ed etapy, v p\u00e1tek 29.7. vyj\u00ed\u017ed\u00ed n\u00e1s sm\u011br Hustope\u010de 25 state\u010dn\u00fdch!<\/figcaption><\/figure>\n<p style=\"text-align: justify;\">Po ob\u011bd\u011b se zde od n\u00e1s odd\u011bluji Koudelkovic \u010d.2 a \u0160ebelovic. I oni ji\u017e \u0159e\u0161\u00ed fin\u00e1ln\u00ed n\u00e1vrat vozy, po vlastn\u00ed ose. Des\u00edtka zbyl\u00fdch MORAVC\u016e \u0159e\u0161\u00ed dilema: D\u00e1me znovu k\u00f3otu \u017debr\u00e1k, nebo ho objedeme? Petr na\u0161el cestu, kudy by to \u0161lo mimo ob\u00e1van\u00fd vrchol, je to ale del\u0161\u00ed&#8230; Rozhodnut\u00ed v\u011bt\u0161iny je, \u017ee \u017debr\u00e1k skol\u00edme i po druh\u00e9! A da\u0159\u00ed se n\u00e1m to \u00a0sn\u00e1z, ne\u017e jsme p\u0159edpokl\u00e1dali. Pak u\u017e n\u00e1s \u010dek\u00e1 jenom po sjezdu z kopce posledn\u00ed &#8222;velk\u00e1 laho\u010dina&#8220; \u00a0v Uher\u010dic\u00edch, abychom v neutuchaj\u00edc\u00edm svi\u017en\u00e9m tempu pr\u016fjezdem rovinat\u00fdch ba\u017eantnic v 15.30 br\u017ed\u011bn\u00ed na v\u00fdchoz\u00edm stanovi\u0161ti vyhl\u00e1sili misi URAL 2016 za \u00fasp\u011b\u0161n\u011b ukon\u010denou! \u017de s n\u00e1mi posledn\u00ed kilometry naebsolvoval Vl\u00e1\u010fa Janovsk\u00fd se synem Jon\u00e1\u0161kem, zp\u016fsobil defekt jejich pneu, kter\u00fd se nda\u0159ilo zacelit. \u017de jsme si je\u0161t\u011b u\u017eili v nedalek\u00e9m \u017eab\u010dick\u00e9m kiosku dopln\u011bn\u00ed &#8222;cukr\u016f&#8220; (ve v\u011bt\u0161in\u011b p\u0159\u00edpad\u016f \u0161lo ale vsutku o z\u00e1kusky), bylo po na\u0161ich v\u00fdkonech z p\u0159ede\u0161l\u00fdch dn\u016f, tak\u00e9, mysl\u00edm, zcela legitimn\u00ed&#8230; Z\u00e1v\u011brem u\u017e jen pochvala v\u0161em \u00fa\u010dastn\u00edk\u016fm kempu za vzorn\u00e9, podlahov\u00e9 v\u00fdkony! Tak\u017ee zase za rok! Fotky, kter\u00e9 ztvrzuj\u00ed v\u00fd\u0161e popisovan\u00e9, omrkn\u011bte zde:<\/p>\n<ul>\n<li><strong><a href=\"http:\/\/moravecteam.rajce.idnes.cz\/2016.07.26._Kemp_Rakvice\/\"><span style=\"line-height: 1.5; text-align: justify;\">fotogalerie \u00fater\u00fd 26.7.<\/span><\/a><\/strong><\/li>\n<li><strong><a href=\"http:\/\/moravecteam.rajce.idnes.cz\/2016.07.27._Kemp_Rakvice\/\">fotogalerie st\u0159eda 27.7.<\/a><\/strong><\/li>\n<li><strong><a href=\"http:\/\/moravecteam.rajce.idnes.cz\/2016.07.28._Kemp_Rakvice\/\">fotogalerie \u010dtvrtek 28.7.<\/a><\/strong><\/li>\n<li><strong><a href=\"http:\/\/moravecteam.rajce.idnes.cz\/2016.07.29._Kemp_Rakvice\/\">fotogalerie p\u00e1tek 29.7.<\/a><\/strong><\/li>\n<\/ul>\n<figure id=\"attachment_5057\" aria-describedby=\"caption-attachment-5057\" style=\"width: 1940px\" class=\"wp-caption alignnone\"><a href=\"http:\/\/www.moravecteam.cz\/?attachment_id=5057\" rel=\"attachment wp-att-5057\"><img decoding=\"async\" loading=\"lazy\" class=\" wp-image-5057\" alt=\"P1110143\" src=\"http:\/\/www.moravecteam.cz\/wp-content\/uploads\/2016\/07\/P1110143.jpg\" width=\"1940\" height=\"1286\" srcset=\"https:\/\/www.moravecteam.cz\/wp-content\/uploads\/2016\/07\/P1110143.jpg 1940w, https:\/\/www.moravecteam.cz\/wp-content\/uploads\/2016\/07\/P1110143-300x198.jpg 300w, https:\/\/www.moravecteam.cz\/wp-content\/uploads\/2016\/07\/P1110143-1024x678.jpg 1024w\" sizes=\"(max-width: 1940px) 100vw, 1940px\" \/><\/a><figcaption id=\"caption-attachment-5057\" class=\"wp-caption-text\">Dojezdov\u00e1 skupina v definitivn\u00ed c\u00edlov\u00e9 rovince u \u017eab\u010dick\u00e9ho koupali\u0161t\u011b. Bravo MORAVEC!<\/figcaption><\/figure>\n<p>&nbsp;<\/p>\n<p style=\"text-align: justify;\">\n","protected":false},"excerpt":{"rendered":"<p>P\u0159edev\u0161\u00edm d\u011btem bylo ur\u010deno leto\u0161n\u00ed cyklistick\u00e9 putov\u00e1n\u00ed MORAVEC Teamu s volac\u00edm znakem URAL. U\u017e po t\u0159et\u00ed jsme &#8222;zabrousili&#8220; do nejji\u017en\u011bj\u0161\u00edch c\u00edp\u016f Moravy, tentokr\u00e1t do lokality P\u00e1lava, kdy\u017e do\u010dasnou z\u00e1kladnou se n\u00e1m stala malebn\u00e1 vina\u0159sk\u00e1 obec Rakvice. Od \u00fater\u00fd do p\u00e1tku jsme najezdili &#8211; plus \/ m\u00ednus \u00a0&#8211; 150 km, a klobouk dol\u016f p\u0159ed v\u00fdkony na\u0161ich &hellip; <a href=\"https:\/\/www.moravecteam.cz\/?p=4981\" class=\"more-link\">Pokra\u010dov\u00e1n\u00ed textu <span class=\"screen-reader-text\">\u010ctrn\u00e1ct d\u011bt\u00ed na &#8222;Urale&#8220;!<\/span> <span class=\"meta-nav\">&rarr;<\/span><\/a><\/p>\n","protected":false},"author":3,"featured_media":5043,"comment_status":"open","ping_status":"closed","sticky":false,"template":"","format":"standard","meta":[],"categories":[13],"tags":[],"_links":{"self":[{"href":"https:\/\/www.moravecteam.cz\/index.php?rest_route=\/wp\/v2\/posts\/4981"}],"collection":[{"href":"https:\/\/www.moravecteam.cz\/index.php?rest_route=\/wp\/v2\/posts"}],"about":[{"href":"https:\/\/www.moravecteam.cz\/index.php?rest_route=\/wp\/v2\/types\/post"}],"author":[{"embeddable":true,"href":"https:\/\/www.moravecteam.cz\/index.php?rest_route=\/wp\/v2\/users\/3"}],"replies":[{"embeddable":true,"href":"https:\/\/www.moravecteam.cz\/index.php?rest_route=%2Fwp%2Fv2%2Fcomments&post=4981"}],"version-history":[{"count":19,"href":"https:\/\/www.moravecteam.cz\/index.php?rest_route=\/wp\/v2\/posts\/4981\/revisions"}],"predecessor-version":[{"id":5063,"href":"https:\/\/www.moravecteam.cz\/index.php?rest_route=\/wp\/v2\/posts\/4981\/revisions\/5063"}],"wp:featuredmedia":[{"embeddable":true,"href":"https:\/\/www.moravecteam.cz\/index.php?rest_route=\/wp\/v2\/media\/5043"}],"wp:attachment":[{"href":"https:\/\/www.moravecteam.cz\/index.php?rest_route=%2Fwp%2Fv2%2Fmedia&parent=4981"}],"wp:term":[{"taxonomy":"category","embeddable":true,"href":"https:\/\/www.moravecteam.cz\/index.php?rest_route=%2Fwp%2Fv2%2Fcategories&post=4981"},{"taxonomy":"post_tag","embeddable":true,"href":"https:\/\/www.moravecteam.cz\/index.php?rest_route=%2Fwp%2Fv2%2Ftags&post=4981"}],"curies":[{"name":"wp","href":"https:\/\/api.w.org\/{rel}","templated":true}]}}