{"id":4988,"date":"2016-07-29T09:15:49","date_gmt":"2016-07-29T07:15:49","guid":{"rendered":"http:\/\/www.moravecteam.cz\/?p=4988"},"modified":"2016-07-30T23:17:56","modified_gmt":"2016-07-30T21:17:56","slug":"sourozenci-na-zlate-zile-2","status":"publish","type":"post","link":"https:\/\/www.moravecteam.cz\/?p=4988","title":{"rendered":"Sourozenci na zlat\u00e9 \u017e\u00edle!"},"content":{"rendered":"<p style=\"text-align: justify;\"><span style=\"color: #800000;\"><strong>Na\u0161e leto\u0161n\u00ed \u010derstv\u00e9 posily, sourozenci Ad\u00e9lka a Jirka Zav\u0159elovi z Petrovic se o p\u0159edposledn\u00ed \u010dervencov\u00e9 ned\u011bli bl\u00fdskli skv\u011bl\u00fdmi v\u00fdkony a v\u00fdsledky p\u0159i d\u011btsk\u00e9m triatlonu v Babic\u00edch u \u0160temberku. Oba ovl\u00e1dli svoje kategorie a potvrdili tak, \u017ee krom\u011b toho, \u017ee jsou v\u00fdborn\u00fdmi cyklisty, nemaj\u00ed pot\u00ed\u017ee ani s plav\u00e1n\u00edm a b\u011bhem.<\/strong><\/span><\/p>\n<figure id=\"attachment_5020\" aria-describedby=\"caption-attachment-5020\" style=\"width: 1173px\" class=\"wp-caption alignnone\"><a href=\"http:\/\/www.moravecteam.cz\/?attachment_id=5020\" rel=\"attachment wp-att-5020\"><img decoding=\"async\" loading=\"lazy\" class=\" wp-image-5020\" alt=\"20160724_121258\" src=\"http:\/\/www.moravecteam.cz\/wp-content\/uploads\/2016\/07\/20160724_121258.jpg\" width=\"1173\" height=\"1149\" srcset=\"https:\/\/www.moravecteam.cz\/wp-content\/uploads\/2016\/07\/20160724_121258.jpg 1173w, https:\/\/www.moravecteam.cz\/wp-content\/uploads\/2016\/07\/20160724_121258-25x25.jpg 25w, https:\/\/www.moravecteam.cz\/wp-content\/uploads\/2016\/07\/20160724_121258-300x293.jpg 300w, https:\/\/www.moravecteam.cz\/wp-content\/uploads\/2016\/07\/20160724_121258-1024x1003.jpg 1024w\" sizes=\"(max-width: 1173px) 100vw, 1173px\" \/><\/a><figcaption id=\"caption-attachment-5020\" class=\"wp-caption-text\">V\u00edt\u011bz kategorie \u0161esti a sedmilet\u00fdch chlapc\u016f z babick\u00e9ho triatlonu se jmenuje Jika Zav\u0159el a je z MORAVEC Teamu!<\/figcaption><\/figure>\n<p style=\"text-align: justify;\">Zat\u00edm co Jirka Zav\u0159el (*2009) dos\u00e1hl sv\u00e9ho v\u00edt\u011bzstv\u00ed v \u010dase 6:20 min. a s t\u00e9m\u011b\u0159 minutov\u00fdm n\u00e1skokem na druh\u00e9ho v c\u00edli Petra M\u00f3lera, jeho v\u011bkem star\u0161\u00ed sestra Ad\u00e9lka (*2007) startovala na del\u0161\u00edch distanc\u00edch a \u00a0str\u00e1vila tak na trati dobu t\u00e9m\u011b\u0159 trojn\u00e1sobn\u011b del\u0161\u00ed. C\u00edlov\u00fdm \u010dasem se ve\u0161la pod 18 minut a fini\u0161ovala s luxusn\u00edm n\u00e1skokem p\u0159ed v c\u00edli druhou S\u00e1rou P\u00e1n\u00edkovou (Zl\u00ednsk\u00fd plaveck\u00fd klub). \u00a0Ob\u011b na\u0161e mlad\u00e9 posily uk\u00e1zaly svoji vysokou sportovn\u00ed univerz\u00e1lnost a pat\u0159\u00ed jim d\u00edk za vzorn\u00e9 repre odd\u00edlu! A ke zlat\u00fdm plack\u00e1m jim samoz\u0159ejm\u011b let\u00ed od n\u00e1s gratulova\u010dka! \u00a0Zde jsou z Babic kompletn\u00ed\u00a0<strong><a href=\"https:\/\/www.skvyhlidka.cz\/?file=vysledky\">v\u00fdsledky<\/a><\/strong>\u00a0a zb\u00fdv\u00e1 jen dodat, \u017ee v\u00edkend 23. a 24. \u010dervence byl pro MORAVEC v leto\u0161n\u00edm roce jednozna\u010dn\u011b nej\u00fasp\u011b\u0161n\u011bj\u0161\u00ed. Jak d\u00edky na\u0161im biker\u016fm na MTB M\u010cR v Bed\u0159ichov\u011b, tak i d\u00edky na\u0161im triatlonist\u016fm ve Vyso\u010danech i Babic\u00edch. Bravo MORAVEC!<\/p>\n<figure id=\"attachment_5021\" aria-describedby=\"caption-attachment-5021\" style=\"width: 1184px\" class=\"wp-caption alignnone\"><a href=\"http:\/\/www.moravecteam.cz\/?attachment_id=5021\" rel=\"attachment wp-att-5021\"><img decoding=\"async\" loading=\"lazy\" class=\" wp-image-5021\" alt=\"20160724_121518\" src=\"http:\/\/www.moravecteam.cz\/wp-content\/uploads\/2016\/07\/20160724_121518.jpg\" width=\"1184\" height=\"1043\" srcset=\"https:\/\/www.moravecteam.cz\/wp-content\/uploads\/2016\/07\/20160724_121518.jpg 1184w, https:\/\/www.moravecteam.cz\/wp-content\/uploads\/2016\/07\/20160724_121518-300x264.jpg 300w, https:\/\/www.moravecteam.cz\/wp-content\/uploads\/2016\/07\/20160724_121518-1024x902.jpg 1024w\" sizes=\"(max-width: 1184px) 100vw, 1184px\" \/><\/a><figcaption id=\"caption-attachment-5021\" class=\"wp-caption-text\">Ad\u00e9lka Zav\u0159elov\u00e1 suver\u00e9nn\u011b ovl\u00e1dla v Babic\u00edch u \u0160temberka kategorii osmi a dev\u00edtilet\u00fdch d\u00edvek.<\/figcaption><\/figure>\n","protected":false},"excerpt":{"rendered":"<p>Na\u0161e leto\u0161n\u00ed \u010derstv\u00e9 posily, sourozenci Ad\u00e9lka a Jirka Zav\u0159elovi z Petrovic se o p\u0159edposledn\u00ed \u010dervencov\u00e9 ned\u011bli bl\u00fdskli skv\u011bl\u00fdmi v\u00fdkony a v\u00fdsledky p\u0159i d\u011btsk\u00e9m triatlonu v Babic\u00edch u \u0160temberku. Oba ovl\u00e1dli svoje kategorie a potvrdili tak, \u017ee krom\u011b toho, \u017ee jsou v\u00fdborn\u00fdmi cyklisty, nemaj\u00ed pot\u00ed\u017ee ani s plav\u00e1n\u00edm a b\u011bhem. Zat\u00edm co Jirka Zav\u0159el (*2009) dos\u00e1hl &hellip; <a href=\"https:\/\/www.moravecteam.cz\/?p=4988\" class=\"more-link\">Pokra\u010dov\u00e1n\u00ed textu <span class=\"screen-reader-text\">Sourozenci na zlat\u00e9 \u017e\u00edle!<\/span> <span class=\"meta-nav\">&rarr;<\/span><\/a><\/p>\n","protected":false},"author":3,"featured_media":5023,"comment_status":"open","ping_status":"closed","sticky":false,"template":"","format":"standard","meta":[],"categories":[1],"tags":[],"_links":{"self":[{"href":"https:\/\/www.moravecteam.cz\/index.php?rest_route=\/wp\/v2\/posts\/4988"}],"collection":[{"href":"https:\/\/www.moravecteam.cz\/index.php?rest_route=\/wp\/v2\/posts"}],"about":[{"href":"https:\/\/www.moravecteam.cz\/index.php?rest_route=\/wp\/v2\/types\/post"}],"author":[{"embeddable":true,"href":"https:\/\/www.moravecteam.cz\/index.php?rest_route=\/wp\/v2\/users\/3"}],"replies":[{"embeddable":true,"href":"https:\/\/www.moravecteam.cz\/index.php?rest_route=%2Fwp%2Fv2%2Fcomments&post=4988"}],"version-history":[{"count":7,"href":"https:\/\/www.moravecteam.cz\/index.php?rest_route=\/wp\/v2\/posts\/4988\/revisions"}],"predecessor-version":[{"id":5024,"href":"https:\/\/www.moravecteam.cz\/index.php?rest_route=\/wp\/v2\/posts\/4988\/revisions\/5024"}],"wp:featuredmedia":[{"embeddable":true,"href":"https:\/\/www.moravecteam.cz\/index.php?rest_route=\/wp\/v2\/media\/5023"}],"wp:attachment":[{"href":"https:\/\/www.moravecteam.cz\/index.php?rest_route=%2Fwp%2Fv2%2Fmedia&parent=4988"}],"wp:term":[{"taxonomy":"category","embeddable":true,"href":"https:\/\/www.moravecteam.cz\/index.php?rest_route=%2Fwp%2Fv2%2Fcategories&post=4988"},{"taxonomy":"post_tag","embeddable":true,"href":"https:\/\/www.moravecteam.cz\/index.php?rest_route=%2Fwp%2Fv2%2Ftags&post=4988"}],"curies":[{"name":"wp","href":"https:\/\/api.w.org\/{rel}","templated":true}]}}