{"id":5002,"date":"2016-07-29T10:38:34","date_gmt":"2016-07-29T08:38:34","guid":{"rendered":"http:\/\/www.moravecteam.cz\/?p=5002"},"modified":"2016-07-31T16:13:17","modified_gmt":"2016-07-31T14:13:17","slug":"bombardak-contador-2","status":"publish","type":"post","link":"https:\/\/www.moravecteam.cz\/?p=5002","title":{"rendered":"Bombar\u010f\u00e1k &#8222;Contador&#8220;!"},"content":{"rendered":"<p style=\"text-align: justify;\"><span style=\"color: #800000;\"><strong>P\u0159\u00edbram host\u00ed letos cyklistick\u00e9 silni\u010dn\u00ed Mistrovstv\u00ed \u010cR \u017e\u00e1k\u016f a kadet\u016f, to mistrovstv\u00ed, kter\u00e9 v r.2010 vzorn\u011b pohostil Bene\u0161ov u Boskovic. Oproti minul\u00fdm letem doch\u00e1z\u00ed k redukci programu, ze kter\u00e9ho vypadly \u010dasovky dru\u017estev. Minul\u00fd \u010dtvrtek se na\u0161e pozornost k P\u0159\u00edbrami up\u0159ela, nebo\u0165 se zde jela \u010dasovky jednotlivc\u016f a barvy MORAVEC Teamu na startu samoz\u0159ejm\u011b nechyb\u011bly!<\/strong><\/span><\/p>\n<figure id=\"attachment_5030\" aria-describedby=\"caption-attachment-5030\" style=\"width: 553px\" class=\"wp-caption alignnone\"><a href=\"http:\/\/www.moravecteam.cz\/?attachment_id=5030\" rel=\"attachment wp-att-5030\"><img decoding=\"async\" loading=\"lazy\" class=\" wp-image-5030\" alt=\"OLYMPUS DIGITAL CAMERA\" src=\"http:\/\/www.moravecteam.cz\/wp-content\/uploads\/2016\/07\/P7271035.jpg\" width=\"553\" height=\"661\" srcset=\"https:\/\/www.moravecteam.cz\/wp-content\/uploads\/2016\/07\/P7271035.jpg 553w, https:\/\/www.moravecteam.cz\/wp-content\/uploads\/2016\/07\/P7271035-250x300.jpg 250w\" sizes=\"(max-width: 553px) 100vw, 553px\" \/><\/a><figcaption id=\"caption-attachment-5030\" class=\"wp-caption-text\">Skv\u011blou sez\u00f3nu za\u017e\u00edv\u00e1 letos Tom\u00e1\u0161 Tlamka &#8222;Contador&#8220;. Po v\u00fdborn\u00fdch v\u00fdsledc\u00edch na MTB M\u010cR v Bed\u0159ichov\u011b si p\u0159ipsal dal\u0161\u00ed \u00fasp\u011bch z \u010dasovky jednotlivc\u016f na silni\u010dn\u00edm M\u010cR v P\u0159\u00edbrami!<\/figcaption><\/figure>\n<p style=\"text-align: justify;\">Po n\u00e1ro\u010dn\u00e9m programu minul\u00fdch dn\u016f, kter\u00fd vyvrcholil MTB n\u00e1rodn\u00edm \u0161ampiopn\u00e1tem v Bed\u0159ichov\u011b, jsme k \u00fa\u010dasti na silni\u010dn\u00edm \u0161ampion\u00e1tu p\u0159istoupili formou v\u00edce-m\u00e9n\u011b dobrovolnosti z akcentem na z\u00e1vody s hromadn\u00fdm startem, kter\u00e9 byly na programu v ned\u011bli, 31. \u010dervence. Ale i ve \u010dtvte\u010dn\u00ed \u010dasovce jsme m\u011bli zdatn\u00e9ho reprezentanta. Se startovn\u00edm \u010d\u00edslem 125 vyrazil na tra\u0165 dlouhou 11km v kategorii star\u0161\u00edch \u017e\u00e1k\u016f \u010derstv\u00fd mistr \u010cR v MTB XCE a druh\u00fd vicmistr v MTB XCO, <span style=\"color: #800000;\"><strong>Tom\u00e1\u0161 Tlamka &#8222;Contador&#8220;<\/strong><\/span>. Ji\u017e na ned\u00e1vn\u00e9m etap\u00e1ku v Lan\u0161kroun\u011b vystr\u010dil Tom\u00e1\u0161 po\u0159\u00e1dn\u011b dr\u00e1pky a a cyklistick\u00fd odborn\u00edk\u016fm uk\u00e1zal, \u017ee i silnici um\u00ed. Toto potvrdil do punt\u00edku i p\u0159i mistrovsk\u00e9 \u010dasovce, ve kter\u00e9 bral skv\u011bl\u00e9, 4. m\u00edsto, kdy\u017e ho od medaile d\u011blily necel\u00e9 t\u0159i vte\u0159inky&#8230; Bravo Tome, blahop\u0159ejeme a d\u00edky za vzorn\u00e9 repre MORAVCE! V cyklistick\u00e9m Nebi musel m\u00edt n\u00e1\u0161 patron, Vlastimil MORAVEC, z v\u00fdkonu sv\u00e9ho mlad\u00e9ho n\u00e1sledovn\u00edka velkou radost! No a palce budeme ma\u010dkat i v ned\u011bli, kdy vyraz\u00ed na trat\u011b z\u00e1vodu s hromadn\u00fdm startem i dal\u0161\u00ed Tom\u00e1\u0161ovi t\u00fdmov\u00ed par\u0165\u00e1cci. Zde jsou ze \u010dtvrte\u010dn\u00ed \u010dasovky jednotlivc\u016f okulib\u00e9\u00a0<strong><a href=\"http:\/\/new.cyklovysledky.cz\/kalendar\/race\/5454\">v\u00fdsledky<\/a><\/strong>.<strong><\/strong><\/p>\n","protected":false},"excerpt":{"rendered":"<p>P\u0159\u00edbram host\u00ed letos cyklistick\u00e9 silni\u010dn\u00ed Mistrovstv\u00ed \u010cR \u017e\u00e1k\u016f a kadet\u016f, to mistrovstv\u00ed, kter\u00e9 v r.2010 vzorn\u011b pohostil Bene\u0161ov u Boskovic. Oproti minul\u00fdm letem doch\u00e1z\u00ed k redukci programu, ze kter\u00e9ho vypadly \u010dasovky dru\u017estev. Minul\u00fd \u010dtvrtek se na\u0161e pozornost k P\u0159\u00edbrami up\u0159ela, nebo\u0165 se zde jela \u010dasovky jednotlivc\u016f a barvy MORAVEC Teamu na startu samoz\u0159ejm\u011b nechyb\u011bly! Po &hellip; <a href=\"https:\/\/www.moravecteam.cz\/?p=5002\" class=\"more-link\">Pokra\u010dov\u00e1n\u00ed textu <span class=\"screen-reader-text\">Bombar\u010f\u00e1k &#8222;Contador&#8220;!<\/span> <span class=\"meta-nav\">&rarr;<\/span><\/a><\/p>\n","protected":false},"author":3,"featured_media":5029,"comment_status":"open","ping_status":"closed","sticky":false,"template":"","format":"standard","meta":[],"categories":[1],"tags":[],"_links":{"self":[{"href":"https:\/\/www.moravecteam.cz\/index.php?rest_route=\/wp\/v2\/posts\/5002"}],"collection":[{"href":"https:\/\/www.moravecteam.cz\/index.php?rest_route=\/wp\/v2\/posts"}],"about":[{"href":"https:\/\/www.moravecteam.cz\/index.php?rest_route=\/wp\/v2\/types\/post"}],"author":[{"embeddable":true,"href":"https:\/\/www.moravecteam.cz\/index.php?rest_route=\/wp\/v2\/users\/3"}],"replies":[{"embeddable":true,"href":"https:\/\/www.moravecteam.cz\/index.php?rest_route=%2Fwp%2Fv2%2Fcomments&post=5002"}],"version-history":[{"count":8,"href":"https:\/\/www.moravecteam.cz\/index.php?rest_route=\/wp\/v2\/posts\/5002\/revisions"}],"predecessor-version":[{"id":5032,"href":"https:\/\/www.moravecteam.cz\/index.php?rest_route=\/wp\/v2\/posts\/5002\/revisions\/5032"}],"wp:featuredmedia":[{"embeddable":true,"href":"https:\/\/www.moravecteam.cz\/index.php?rest_route=\/wp\/v2\/media\/5029"}],"wp:attachment":[{"href":"https:\/\/www.moravecteam.cz\/index.php?rest_route=%2Fwp%2Fv2%2Fmedia&parent=5002"}],"wp:term":[{"taxonomy":"category","embeddable":true,"href":"https:\/\/www.moravecteam.cz\/index.php?rest_route=%2Fwp%2Fv2%2Fcategories&post=5002"},{"taxonomy":"post_tag","embeddable":true,"href":"https:\/\/www.moravecteam.cz\/index.php?rest_route=%2Fwp%2Fv2%2Ftags&post=5002"}],"curies":[{"name":"wp","href":"https:\/\/api.w.org\/{rel}","templated":true}]}}