{"id":503,"date":"2015-05-03T23:33:34","date_gmt":"2015-05-03T21:33:34","guid":{"rendered":"http:\/\/www.moravecteam.cz\/?p=503"},"modified":"2015-05-04T08:17:50","modified_gmt":"2015-05-04T06:17:50","slug":"pecka-z-nemecka","status":"publish","type":"post","link":"https:\/\/www.moravecteam.cz\/?p=503","title":{"rendered":"Pecka z N\u011bmecka!"},"content":{"rendered":"<p style=\"text-align: justify;\"><strong>Minulou sobotu se op\u011bt p\u0159episovaly odd\u00edlov\u00e9 d\u011bjiny. Doposud nikdy se nepoda\u0159ilo vybojovat na\u0161im rajdr\u016fm medailov\u00e9 um\u00edst\u011bn\u00ed v r\u00e1mci z\u00e1vodu presti\u017en\u00ed n\u011bmeck\u00e9 MTB bundesligy. Od leto\u0161n\u00edho prvn\u00edho kv\u011btnov\u00e9ho v\u00edkendu je ale v\u0161echno jinak&#8230;<\/strong><\/p>\n<p style=\"text-align: justify;\"><a href=\"http:\/\/www.moravecteam.cz\/?attachment_id=505\" rel=\"attachment wp-att-505\"><img decoding=\"async\" loading=\"lazy\" class=\"size-full wp-image-505 alignleft\" title=\"&quot;Contador&quot; v Heubachu vybojoval pro MORAVEC historick\u00e9 st\u0159\u00edbro!\" alt=\"tlamka\" src=\"http:\/\/www.moravecteam.cz\/wp-content\/uploads\/2015\/05\/tlamka.jpg\" width=\"183\" height=\"250\" \/><\/a>V n\u011bmeck\u00e9m Heubachu p\u0159ekvapil vesm\u011bs dom\u00e1c\u00ed borce v z\u00e1vod\u011b kategorie star\u0161\u00edch \u017e\u00e1k\u016f\u00a0<strong>Tom\u00e1\u0161 Tlamka &#8222;Contador&#8220;, <\/strong>ker\u00fd v t\u011b\u017ek\u00e9 konkurenci a na de\u0161t\u011bm \u00a0hodn\u011b poznamenan\u00e9 n\u00e1ro\u010dn\u00e9 trati dok\u00e1zal vybojovat pro MORAVEC v\u00fdborn\u00e9 druh\u00e9 m\u00edsto! Na v\u00edt\u011bze ztratil n\u011bco v\u00edc jak p\u016fl minuty a znovu potvrdil, \u017ee po poctiv\u00e9 zimn\u00ed p\u0159\u00edprav\u011b se na za\u010d\u00e1tku sez\u00f3ny t\u011b\u0161\u00ed z v\u00fdborn\u00e9 formy. Bravo Tome a d\u00edky! V\u00fdsledek na\u0161eho talentovan\u00e9ho bikera omrkn\u011bte nyn\u00ed u\u017e zde:\u00a0<strong><a href=\"http:\/\/my3.raceresult.com\/34662\/results?lang=#5_4AE130\">http:\/\/my3.raceresult.com\/34662\/results?lang=#5_4AE130<\/a><br \/>\n<\/strong><\/p>\n<p style=\"text-align: justify;\"><a href=\"http:\/\/www.moravecteam.cz\/?attachment_id=506\" rel=\"attachment wp-att-506\"><img decoding=\"async\" loading=\"lazy\" class=\"size-full wp-image-506 alignright\" title=\"Juniorka Ad\u00e9la \u0160af\u00e1\u0159ov\u00e1 si vede v z\u00e1vodech SP nad o\u010dek\u00e1v\u00e1n\u00ed!\" alt=\"safarova\" src=\"http:\/\/www.moravecteam.cz\/wp-content\/uploads\/2015\/05\/safarova.jpg\" width=\"174\" height=\"250\" \/><\/a>V Heubachu nebojoval Tom\u00e1\u0161 s\u00e1m, doprov\u00e1zel u\u017e &#8222;sv\u011b\u0165\u00e1ky&#8220; ost\u0159\u00edlen\u00e9 dva na\u0161e odchovance, juniory Ad\u00e9lu \u0160af\u00e1\u0159ovou (Nutrend Specialized) a Dominika Prudka (GT Opportunity). A i oni potvrdili ve sv\u00fdch startech svoji sou\u010dasnou kvalitn\u00ed v\u00fdkonnost. <strong>Ad\u00e9la \u0160af\u00e1\u0159ov\u00e1<\/strong> se v hutn\u00e9 konkurenci \u0161edes\u00e1tihlav\u00e9ho pole juniorek dok\u00e1zala prosadit do elitn\u00ed t\u0159ic\u00edtky (28. m\u00edsto), kdy\u017e na v\u00edt\u011bznou \u0160v\u00fdcarku Nicol Kollerovou ztratila n\u011bco m\u00e1lo p\u0159es deset minut. Result Ad\u00e9ly je k omrknut\u00ed tu\u0165:\u00a0<strong><a href=\"http:\/\/my3.raceresult.com\/34662\/results?lang=#13_F1D8E9\">http:\/\/my3.raceresult.com\/34662\/results?lang=#13_F1D8E9<\/a><\/strong><\/p>\n<p style=\"text-align: justify;\"><a href=\"http:\/\/www.moravecteam.cz\/?attachment_id=507\" rel=\"attachment wp-att-507\"><img decoding=\"async\" loading=\"lazy\" class=\"size-full wp-image-507 alignleft\" title=\"Aktu\u00e1ln\u011b vypad\u00e1 Dominikova tv\u00e1\u0159 po zran\u011bn\u00ed trochu jinak...\" alt=\"OLYMPUS DIGITAL CAMERA\" src=\"http:\/\/www.moravecteam.cz\/wp-content\/uploads\/2015\/05\/P4220220.jpg\" width=\"193\" height=\"250\" \/><\/a>Trio na\u0161ich mu\u0161ket\u00fdr\u016f doplnil v N\u011bmecku Dominik Prudek kter\u00fd nastupoval do z\u00e1vodu siln\u011b obra\u017een po kolizi s automobilem, kter\u00e1 ho sm\u016flovat\u011b potkala v t\u00fddnu na rutinn\u00edm tr\u00e9ninku. Bolestiv\u00e9 nara\u017eeniny a od\u0159eniny Dom\u010du ale neodradily z \u00fa\u010dasti na presti\u017en\u00edm z\u00e1vod\u011b bundesligy, kdy\u017e bylo jasn\u00e9, \u017ee z\u00e1vod bude muset absolvovat za dan\u00e9 situace s velkou m\u00edrou sebezap\u0159en\u00ed&#8230; Dominik to ale zvl\u00e1dl a neb\u00fdt op\u011bt technick\u00fdch probl\u00e9m\u016f s kolem, kter\u00e9 se mu bohu\u017eel nevyhnuly ani tentokr\u00e1t, mohl b\u00fdt jeho v\u00fdsledek (96. m\u00edsto) j\u011b\u0161t\u011b lep\u0161\u00ed&#8230; Klobouk ale dol\u016f p\u0159ed jeho odolnost\u00ed! Zde je i Dominik\u016fv v\u00fdsledkov\u00fd result\u00e1t: <strong><a href=\"http:\/\/my3.raceresult.com\/34662\/results?lang=#3_EE29D5\">http:\/\/my3.raceresult.com\/34662\/results?lang=#3_EE29D5<\/a><\/strong><\/p>\n<p style=\"text-align: justify;\">Je\u0161t\u011b se slu\u0161\u00ed dodat, \u017ee v z\u00e1vodech kategori\u00ed ELITE byla nejlep\u0161\u00ed z \u010cesk\u00fdch z\u00e1vodnic v c\u00edli 14. Jitka \u0160karnitzlov\u00e1 a mezi mu\u017ei se nejv\u00edce da\u0159ilo &#8222;Cimb\u00e1lovi&#8220; Ondrovi Cinkovi, kter\u00fd se v c\u00edli mohl t\u011b\u0161it nejen z\u00a0jeden\u00e1ct\u00e9ho m\u00edsta, ale i z cenn\u00e9ho \u00a0skalpu Jardy Kulhav\u00e9ho. Komplet v\u00fdsledkov\u00fd servis z Heubachu studujte na: <strong><a href=\"http:\/\/my3.raceresult.com\/34662\/results?lang=#\">http:\/\/my3.raceresult.com\/34662\/results?lang=#<\/a><\/strong><\/p>\n","protected":false},"excerpt":{"rendered":"<p>Minulou sobotu se op\u011bt p\u0159episovaly odd\u00edlov\u00e9 d\u011bjiny. Doposud nikdy se nepoda\u0159ilo vybojovat na\u0161im rajdr\u016fm medailov\u00e9 um\u00edst\u011bn\u00ed v r\u00e1mci z\u00e1vodu presti\u017en\u00ed n\u011bmeck\u00e9 MTB bundesligy. Od leto\u0161n\u00edho prvn\u00edho kv\u011btnov\u00e9ho v\u00edkendu je ale v\u0161echno jinak&#8230; V n\u011bmeck\u00e9m Heubachu p\u0159ekvapil vesm\u011bs dom\u00e1c\u00ed borce v z\u00e1vod\u011b kategorie star\u0161\u00edch \u017e\u00e1k\u016f\u00a0Tom\u00e1\u0161 Tlamka &#8222;Contador&#8220;, ker\u00fd v t\u011b\u017ek\u00e9 konkurenci a na de\u0161t\u011bm \u00a0hodn\u011b poznamenan\u00e9 &hellip; <a href=\"https:\/\/www.moravecteam.cz\/?p=503\" class=\"more-link\">Pokra\u010dov\u00e1n\u00ed textu <span class=\"screen-reader-text\">Pecka z N\u011bmecka!<\/span> <span class=\"meta-nav\">&rarr;<\/span><\/a><\/p>\n","protected":false},"author":3,"featured_media":511,"comment_status":"closed","ping_status":"open","sticky":false,"template":"","format":"standard","meta":[],"categories":[1],"tags":[],"_links":{"self":[{"href":"https:\/\/www.moravecteam.cz\/index.php?rest_route=\/wp\/v2\/posts\/503"}],"collection":[{"href":"https:\/\/www.moravecteam.cz\/index.php?rest_route=\/wp\/v2\/posts"}],"about":[{"href":"https:\/\/www.moravecteam.cz\/index.php?rest_route=\/wp\/v2\/types\/post"}],"author":[{"embeddable":true,"href":"https:\/\/www.moravecteam.cz\/index.php?rest_route=\/wp\/v2\/users\/3"}],"replies":[{"embeddable":true,"href":"https:\/\/www.moravecteam.cz\/index.php?rest_route=%2Fwp%2Fv2%2Fcomments&post=503"}],"version-history":[{"count":7,"href":"https:\/\/www.moravecteam.cz\/index.php?rest_route=\/wp\/v2\/posts\/503\/revisions"}],"predecessor-version":[{"id":517,"href":"https:\/\/www.moravecteam.cz\/index.php?rest_route=\/wp\/v2\/posts\/503\/revisions\/517"}],"wp:featuredmedia":[{"embeddable":true,"href":"https:\/\/www.moravecteam.cz\/index.php?rest_route=\/wp\/v2\/media\/511"}],"wp:attachment":[{"href":"https:\/\/www.moravecteam.cz\/index.php?rest_route=%2Fwp%2Fv2%2Fmedia&parent=503"}],"wp:term":[{"taxonomy":"category","embeddable":true,"href":"https:\/\/www.moravecteam.cz\/index.php?rest_route=%2Fwp%2Fv2%2Fcategories&post=503"},{"taxonomy":"post_tag","embeddable":true,"href":"https:\/\/www.moravecteam.cz\/index.php?rest_route=%2Fwp%2Fv2%2Ftags&post=503"}],"curies":[{"name":"wp","href":"https:\/\/api.w.org\/{rel}","templated":true}]}}