{"id":5064,"date":"2016-08-01T00:01:23","date_gmt":"2016-07-31T22:01:23","guid":{"rendered":"http:\/\/www.moravecteam.cz\/?p=5064"},"modified":"2016-08-01T00:30:29","modified_gmt":"2016-07-31T22:30:29","slug":"dalsi-top-10-ze-silnice","status":"publish","type":"post","link":"https:\/\/www.moravecteam.cz\/?p=5064","title":{"rendered":"Dal\u0161\u00ed &#8222;TOP TEN&#8220; ze silnice!"},"content":{"rendered":"<p style=\"text-align: justify;\"><span style=\"color: #800000;\"><strong>Jak u\u017e jsem upozornil v p\u0159ede\u0161l\u00e9m \u010dl\u00e1nku, elitn\u00ed bike\u0159i MORAVEC Teamu splnili, ba p\u0159ekro\u010dili &#8222;pl\u00e1n pr\u00e1ce&#8220; na r. 2016 ned\u00e1vno skon\u010den\u00fdm, pro n\u00e1s vele\u00fasp\u011b\u0161n\u00fdm MTB &#8222;mistr\u00e1kem&#8220; v Bed\u0159ichov\u011b. Tak\u017ee u\u017e v pravd\u011b z pilnosti jsme vyrazili i na silni\u010dn\u00ed mistr\u00e1k \u017e\u00e1k\u016f a kadet\u016f, jeho\u017e centrem d\u011bn\u00ed byla letos P\u0159\u00edbram a jeho\u017e vyrcholen\u00ed prob\u011bhlo v posledn\u00ed \u010dervencov\u00fd den z\u00e1vody s hromadn\u00fdm startem.\u00a0<\/strong><\/span><strong><span style=\"color: #800000;\">Tak \u0159\u00edkaj\u00edc &#8222;D\u011blost\u0159eleckou p\u0159ipravou&#8220; pro ned\u011bln\u00ed \u00fatok MORAVEC Teamu byl \u010dtvrte\u010dn\u00ed v\u00fdborn\u00fd v\u00fdkon Tom\u00e1\u0161e Tlamky &#8222;Contadora&#8220; v \u010dasovce jednotlivc\u016f (4. m\u00edsto), kter\u00fd p\u0159eznamenal, \u017ee i v z\u00e1vodech s hromadn\u00fd startem budou na\u0161i elitn\u00ed snajp\u0159i &#8222;tvrdit muziku&#8220;. A taky, \u017ee jo! P\u011bt MORAVC\u016e, kte\u0159\u00ed se postavili na start vyjelo hned t\u0159i um\u00edst\u011bn\u00ed v TOP 10!<\/span><\/strong><\/p>\n<p><a href=\"http:\/\/www.moravecteam.cz\/?attachment_id=5071\" rel=\"attachment wp-att-5071\"><img decoding=\"async\" loading=\"lazy\" class=\"size-full wp-image-5071 alignleft\" title=\"Tom\u00e1\u0161 Tlamka &quot;Contador&quot; pat\u0159il v silni\u010dn\u00edm z\u00e1vod\u011b s hromadn\u00fdm startem na M\u010cR v P\u0159\u00edbrami k nejlep\u0161\u00edm.\" alt=\"OLYMPUS DIGITAL CAMERA\" src=\"http:\/\/www.moravecteam.cz\/wp-content\/uploads\/2016\/08\/P7230016.jpg\" width=\"202\" height=\"300\" \/><\/a><a style=\"line-height: 1.5;\" href=\"http:\/\/www.moravecteam.cz\/?attachment_id=5074\" rel=\"attachment wp-att-5074\"><img decoding=\"async\" loading=\"lazy\" class=\"size-full wp-image-5074 alignleft\" title=\"Honza &quot;D\u017eony&quot; \u0160indel\u00e1\u0159 sv\u00fdm v\u00fdkonem uk\u00e1zal v P\u0159\u00edbrami srdce bojovn\u00edka! \" alt=\"OLYMPUS DIGITAL CAMERA\" src=\"http:\/\/www.moravecteam.cz\/wp-content\/uploads\/2016\/08\/P7240238.jpg\" width=\"206\" height=\"300\" \/><\/a><\/p>\n<p style=\"text-align: justify;\">\u00a0 \u00a0 \u00a0 \u00a0 \u00a0 \u00a0 \u00a0 \u00a0 \u00a0 \u00a0 \u00a0 \u00a0 \u00a0 \u00a0 \u00a0 \u00a0 \u00a0 \u00a0 \u00a0 \u00a0 \u00a0 \u00a0 \u00a0 \u00a0 \u00a0 \u00a0 \u00a0 V z\u00e1vod\u011b \u017e\u00e1k\u016f \u0161li na v\u011bc dva na\u0161i ost\u0159\u00edlen\u00ed repro\u0161i &#8211; ji\u017e v\u00fd\u0161e zm\u00edn\u011bn\u00fd <strong>Tom\u00e1\u0161 Tlamka &#8222;Contador&#8220;<\/strong> s <span style=\"color: #800000;\"><strong>Honzou &#8222;D\u017eony&#8220; \u0160indel\u00e1\u0159em<\/strong><\/span>. Kluci zdol\u00e1vali kl\u00e1du 50 km, kter\u00e1 byla &#8222;rozprost\u0159ena&#8220; do p\u011bti n\u00e1ro\u010dn\u00fdch, desetikilometrov\u00fdch okruh\u016f. A v konkurenci bezm\u00e1la \u010dty\u0159iceti soupe\u0159\u016f, vesm\u011bs specialist\u016f silni\u010d\u00e1\u0159\u016f, si vedli skv\u011ble! &#8222;Contador&#8220; si dok\u00e1zal v pr\u016fb\u011bhu z\u00e1vodu neust\u00e1le hl\u00eddat \u010delo a by\u0165 v z\u00e1v\u011bru nezachytil rozhoduj\u00edc\u00ed atak zku\u0161en\u00fdch soupe\u0159\u016f, fini\u0161oval do c\u00edle na v\u00fdborn\u00e9m 9. m\u00edst\u011b! Klobouk dol\u016f pak i p\u0159ed v\u00fdkonem Honzy \u0160indel\u00e1\u0159e. Ten v pr\u016fb\u011bhu z\u00e1vodu ztratil z \u010delem kontakt, ale po nev\u00eddan\u00e9 st\u00edhac\u00ed j\u00edzd\u011b se na nejlep\u0161\u00ed dok\u00e1zal &#8222;docvaknout&#8220; a stihl b\u00fdt v c\u00edli tak\u00e9 v TOP 10! A kdy\u017e vezmete v \u00favahu, \u017ee prvn\u00edch deset borc\u016f dorazilo do c\u00edle v rozmez\u00ed zhruba minuty, je v\u00fdsledek na\u0161ich z tohoto pohledu skute\u010dnn\u011b excelentn\u00ed! Bravo kluci a d\u00edky za vzorn\u00e9 repre odd\u00edlu!<\/p>\n<p style=\"text-align: justify;\"><a style=\"line-height: 1.5;\" href=\"http:\/\/www.moravecteam.cz\/?attachment_id=5072\" rel=\"attachment wp-att-5072\"><img decoding=\"async\" loading=\"lazy\" class=\"size-full wp-image-5072 alignleft\" title=\"Ani\u010dka Zem\u00e1nkov\u00e1 i v P\u0159\u00edbrami potvrdila svoji n\u00e1le\u017eitost k neju\u017e\u0161\u00ed tuzemsk\u00e9 kadetsk\u00e9 \u0161pi\u010dce\" alt=\"OLYMPUS DIGITAL CAMERA\" src=\"http:\/\/www.moravecteam.cz\/wp-content\/uploads\/2016\/08\/P7230175.jpg\" width=\"186\" height=\"300\" \/><\/a><\/p>\n<p><a href=\"http:\/\/www.moravecteam.cz\/?attachment_id=5073\" rel=\"attachment wp-att-5073\"><img decoding=\"async\" loading=\"lazy\" class=\"size-full wp-image-5073  alignleft\" title=\"Krist\u00fdna Haasov\u00e1 roste z\u00e1vod od z\u00e1vodu. I jej\u00ed p\u0159\u00edbramsk\u00fd si v\u00fdkon zalou\u017e\u00ed velkou pochvalu!\" alt=\"OLYMPUS DIGITAL CAMERA\" src=\"http:\/\/www.moravecteam.cz\/wp-content\/uploads\/2016\/08\/P7230194.jpg\" width=\"178\" height=\"300\" \/><\/a><\/p>\n<p style=\"text-align: justify;\">State\u010dn\u011b se s t\u011b\u017ekou konkurenc\u00ed servaly i dv\u011b na\u0161e kadetky. <strong><span style=\"color: #800000;\">Anna Zem\u00e1nkov\u00e1<\/span> <\/strong>9. m\u00edstem v c\u00edli (dal\u0161\u00ed TOP 10 pro MORAVEC) znovu uk\u00e1zala svoji cyklistickou univrz\u00e1lnost a hlavn\u011b n\u00e1le\u017eitost k neju\u017e\u0161\u00ed cyklistick\u00e9 \u010desk\u00e9 d\u00edv\u010d\u00ed \u0161pi\u010dce v r\u00e1mci t\u00e9to kategorie! Krok s nejlep\u0161\u00edmi dok\u00e1zala dr\u017eet i <strong><span style=\"color: #800000;\">Krist\u00fdna Haasov\u00e1<\/span><\/strong>, kter\u00e1 fini\u0161ovala v TOP 15 (v c\u00edli 14. m\u00edsto). Bravo holky a i k V\u00e1m let\u00ed d\u00edk za vzorn\u00e9 repre MORAVCE! I mezi kadety jsme m\u011bli posledn\u00ed \u010dervencovou <a href=\"http:\/\/www.moravecteam.cz\/?attachment_id=5075\" rel=\"attachment wp-att-5075\"><img decoding=\"async\" loading=\"lazy\" class=\"size-full wp-image-5075 alignleft\" title=\"Karel Vinick\u00fd uk\u00e1zal na silnic\u00edch v okol\u00ed P\u0159\u00edbrami velk\u00e9 silni\u010d\u00e1\u0159sk\u00e9 schopnosti\" alt=\"OLYMPUS DIGITAL CAMERA\" src=\"http:\/\/www.moravecteam.cz\/wp-content\/uploads\/2016\/08\/P7240241.jpg\" width=\"200\" height=\"300\" \/><\/a>ned\u011bli v p\u0159\u00edbrami z\u00e1stupce. &#8222;Don Carlos&#8220; <strong><span style=\"color: #800000;\">Karel Vinick\u00fd<\/span><\/strong>, by\u0165 nem\u00e1 se silni\u010dn\u00edmi z\u00e1vody p\u0159\u00edli\u0161 zku\u0161enosti, dlouho dr\u017eel krok s nejlep\u0161\u00edmi a i kdy\u017e se nakonec pln\u00e9ho po\u010dtu kol &#8222;nedo\u017eil&#8220; uk\u00e1zal, \u017ee i v n\u011bm je do budocna v z hlediska silni\u010dn\u00ed cyklistiky zna\u010dn\u00e1 potence! I Karlovi pat\u0159\u00ed n\u00e1\u0161 d\u00edk za vzorn\u00e9 repre odd\u00edlu! A z\u00e1v\u011brem je\u0161t\u011b pozn\u00e1mka: dn\u011b\u0161n\u00ed starty v okol\u00ed P\u0159\u00edbrami poznamenalo de\u0161tiv\u00e9 po\u010das\u00ed, kdy\u017e m\u00edsty se jednalo skute\u010dn\u011b o vodn\u00ed extr\u00e9m&#8230; O to jsou v\u00fdsledky na\u0161ich, kte\u0159\u00ed silnici tr\u00e9nuj\u00ed minim\u00e1ln\u011b za sucha a u\u017e v\u016fbec ne za de\u0161t\u011b, cenn\u011bj\u0161\u00ed! \u00a0Zde omrkkn\u011bte <strong><a href=\"http:\/\/new.cyklovysledky.cz\/kalendar\/race\/5455\">v\u00fdsledkov\u00fd souhrn<\/a><\/strong>, z pr\u00e1v\u011b skon\u010den\u00e9ho p\u0159\u00edbramsk\u00e9ho \u0161ampion\u00e1tu.<\/p>\n","protected":false},"excerpt":{"rendered":"<p>Jak u\u017e jsem upozornil v p\u0159ede\u0161l\u00e9m \u010dl\u00e1nku, elitn\u00ed bike\u0159i MORAVEC Teamu splnili, ba p\u0159ekro\u010dili &#8222;pl\u00e1n pr\u00e1ce&#8220; na r. 2016 ned\u00e1vno skon\u010den\u00fdm, pro n\u00e1s vele\u00fasp\u011b\u0161n\u00fdm MTB &#8222;mistr\u00e1kem&#8220; v Bed\u0159ichov\u011b. Tak\u017ee u\u017e v pravd\u011b z pilnosti jsme vyrazili i na silni\u010dn\u00ed mistr\u00e1k \u017e\u00e1k\u016f a kadet\u016f, jeho\u017e centrem d\u011bn\u00ed byla letos P\u0159\u00edbram a jeho\u017e vyrcholen\u00ed prob\u011bhlo v posledn\u00ed &hellip; <a href=\"https:\/\/www.moravecteam.cz\/?p=5064\" class=\"more-link\">Pokra\u010dov\u00e1n\u00ed textu <span class=\"screen-reader-text\">Dal\u0161\u00ed &#8222;TOP TEN&#8220; ze silnice!<\/span> <span class=\"meta-nav\">&rarr;<\/span><\/a><\/p>\n","protected":false},"author":3,"featured_media":5070,"comment_status":"open","ping_status":"closed","sticky":false,"template":"","format":"standard","meta":[],"categories":[1],"tags":[],"_links":{"self":[{"href":"https:\/\/www.moravecteam.cz\/index.php?rest_route=\/wp\/v2\/posts\/5064"}],"collection":[{"href":"https:\/\/www.moravecteam.cz\/index.php?rest_route=\/wp\/v2\/posts"}],"about":[{"href":"https:\/\/www.moravecteam.cz\/index.php?rest_route=\/wp\/v2\/types\/post"}],"author":[{"embeddable":true,"href":"https:\/\/www.moravecteam.cz\/index.php?rest_route=\/wp\/v2\/users\/3"}],"replies":[{"embeddable":true,"href":"https:\/\/www.moravecteam.cz\/index.php?rest_route=%2Fwp%2Fv2%2Fcomments&post=5064"}],"version-history":[{"count":8,"href":"https:\/\/www.moravecteam.cz\/index.php?rest_route=\/wp\/v2\/posts\/5064\/revisions"}],"predecessor-version":[{"id":5067,"href":"https:\/\/www.moravecteam.cz\/index.php?rest_route=\/wp\/v2\/posts\/5064\/revisions\/5067"}],"wp:featuredmedia":[{"embeddable":true,"href":"https:\/\/www.moravecteam.cz\/index.php?rest_route=\/wp\/v2\/media\/5070"}],"wp:attachment":[{"href":"https:\/\/www.moravecteam.cz\/index.php?rest_route=%2Fwp%2Fv2%2Fmedia&parent=5064"}],"wp:term":[{"taxonomy":"category","embeddable":true,"href":"https:\/\/www.moravecteam.cz\/index.php?rest_route=%2Fwp%2Fv2%2Fcategories&post=5064"},{"taxonomy":"post_tag","embeddable":true,"href":"https:\/\/www.moravecteam.cz\/index.php?rest_route=%2Fwp%2Fv2%2Ftags&post=5064"}],"curies":[{"name":"wp","href":"https:\/\/api.w.org\/{rel}","templated":true}]}}