{"id":5091,"date":"2016-08-08T10:22:20","date_gmt":"2016-08-08T08:22:20","guid":{"rendered":"http:\/\/www.moravecteam.cz\/?p=5091"},"modified":"2016-08-09T22:00:15","modified_gmt":"2016-08-09T20:00:15","slug":"triatlonovy-vikend","status":"publish","type":"post","link":"https:\/\/www.moravecteam.cz\/?p=5091","title":{"rendered":"Triatlonov\u00e9 &#8222;\u010de\u010detky&#8220;!"},"content":{"rendered":"<p style=\"text-align: justify;\"><span style=\"color: #800000;\"><strong>V\u00fdborn\u00fd triatlonov\u00fd v\u00edkend maj\u00ed za sebou na\u0161e leto\u0161n\u00ed \u010derstv\u00e9 posily, sourozenci Jirka a Ad\u00e9la Zav\u0159elovi, jen\u017e jsou posilami vskutku jak se pat\u0159\u00ed! Jejich sportovn\u00ed univerz\u00e1lnost je mimo cyklistiku sm\u011b\u0159ov\u00e1na logicky i na triatlon, samoz\u0159ejm\u011b, \u017ee na ten v\u00a0d\u011btsk\u00e9m proveden\u00ed. V\u00a0minul\u00fdch dnech byl Jirka s\u00a0Ad\u00e9lkou tedy nejen v \u201ejednom kole\u201c, ale i v\u00a0\u201ejedn\u00e9 vod\u011b\u201c a i v\u00a0\u201ejednom b\u011bhu\u201c. No a jak si dva na\u0161i \u0161ikovn\u00ed el\u00e9vov\u00e9 \u00a0na severu Moravy, kter\u00fd tentokr\u00e1t triatlonisty hostil, vedli?<\/strong><\/span><\/p>\n<figure id=\"attachment_5117\" aria-describedby=\"caption-attachment-5117\" style=\"width: 818px\" class=\"wp-caption alignnone\"><a href=\"http:\/\/www.moravecteam.cz\/?attachment_id=5117\" rel=\"attachment wp-att-5117\"><img decoding=\"async\" loading=\"lazy\" class=\" wp-image-5117 \" alt=\"TOP 3 v detailu!\" src=\"http:\/\/www.moravecteam.cz\/wp-content\/uploads\/2016\/08\/20160805_144823a.jpg\" width=\"818\" height=\"902\" srcset=\"https:\/\/www.moravecteam.cz\/wp-content\/uploads\/2016\/08\/20160805_144823a.jpg 818w, https:\/\/www.moravecteam.cz\/wp-content\/uploads\/2016\/08\/20160805_144823a-272x300.jpg 272w\" sizes=\"(max-width: 818px) 100vw, 818px\" \/><\/a><figcaption id=\"caption-attachment-5117\" class=\"wp-caption-text\">Ad\u00e9lka Zav\u0159elov\u00e1 vybojovala na triatlonu v Nov\u00e9m Hrozenkov\u011b v &#8222;na\u0159\u00edzl\u00e9&#8220; konkurenci v\u00edce jak t\u0159iceti soupe\u0159ek skv\u011bl\u00fd bronz!<\/figcaption><\/figure>\n<p style=\"text-align: justify;\">V\u00a0p\u00e1tek 5. srpna si Jirka s Ad\u00e9lkou \u201est\u0159ihli\u201c triatlon \u201eValachy Man\u201c v Nov\u00e9m Hrozenkov\u011b, kdy mlad\u0161\u00ed z\u00a0obou sourozenc\u016f se v\u00a0kategorii chlapc\u016f do 10 let ve\u0161el do TOP TEN (9. m\u00edsto), a star\u0161\u00ed Ad\u00e9lka brala do konce v po\u010detn\u011b &#8222;nadupan\u00e9&#8220; kategorii d\u00edvek do 10 let bronzovou medaili! A p\u00ed\u0161i, \u017ee brala, tak v\u011bzte, \u017ee ocen\u011bn\u00ed nep\u0159ed\u00e1val nikdo men\u0161\u00ed \u2013 ne\u017e olympijsk\u00fd v\u00edt\u011bz v\u00a0akrobatick\u00e9m ly\u017eov\u00e1n\u00ed ze Salt Lake City z\u00a0r. 2002, Ale\u0161 Valenta! Olympionici, p\u0159edev\u0161\u00edm Ti b\u00fdval\u00ed, jsou aktu\u00e1ln\u011b, v\u00a0\u010dase 31. Letn\u00ed olympi\u00e1dy v Rio de Janeiro, zkr\u00e1tka v\u00a0kurzu!<\/p>\n<figure id=\"attachment_5124\" aria-describedby=\"caption-attachment-5124\" style=\"width: 994px\" class=\"wp-caption alignnone\"><a href=\"http:\/\/www.moravecteam.cz\/?attachment_id=5124\" rel=\"attachment wp-att-5124\"><img decoding=\"async\" loading=\"lazy\" class=\" wp-image-5124 \" alt=\"Velkost sportovce nen\u00ed v postav\u011b, ale v srd\u00ed\u010dku!\" src=\"http:\/\/www.moravecteam.cz\/wp-content\/uploads\/2016\/08\/20160806_122403.jpg\" width=\"994\" height=\"1062\" srcset=\"https:\/\/www.moravecteam.cz\/wp-content\/uploads\/2016\/08\/20160806_122403.jpg 994w, https:\/\/www.moravecteam.cz\/wp-content\/uploads\/2016\/08\/20160806_122403-280x300.jpg 280w, https:\/\/www.moravecteam.cz\/wp-content\/uploads\/2016\/08\/20160806_122403-958x1024.jpg 958w\" sizes=\"(max-width: 994px) 100vw, 994px\" \/><\/a><figcaption id=\"caption-attachment-5124\" class=\"wp-caption-text\">O den pozd\u011bji ovl\u00e1dla Ad\u00e9lka Zv\u0159elov\u00e1 dal\u0161z\u00e1vod v triatlonu v Majet\u00edn\u011b. Bravo &#8222;Adys&#8220;!<\/figcaption><\/figure>\n<p style=\"text-align: justify;\">Hned druh\u00fd den, o prvn\u00ed srpnov\u00e9 sobot\u011b leto\u0161n\u00edho roku, zabojoval Jirka s\u00a0Ad\u00e9lou stejn\u011b v\u00fdborn\u011b na dal\u0161\u00edm triatlonu, tentokr\u00e1t v\u00a0Majet\u00edn\u011b. Jirkovi sice tentokr\u00e1t um\u00edst\u011bn\u00ed v\u00a0TOP 10 t\u011bsn\u011b uniklo (v c\u00edli byl klasifikov\u00e1n jako 11.), ale sv\u00fdm v\u00fdkonem op\u011bt potvrdil vysok\u00e9 triatlonov\u00e9 kvality. Ad\u00e9lka se tentokr\u00e1t se soupe\u0159kami nijak \u201enemazala\u201c a vyhr\u00e1la z\u00e1vod s\u00a0p\u0159ehledem v\u00a0\u010dase 5:02,57 minut, s\u00a0luxusn\u00edm, v\u00edce jak t\u0159\u00edap\u016flminutov\u00fdm n\u00e1skokem, na druhou v\u00a0po\u0159ad\u00ed, tak\u00e9 Ad\u00e9lku \u2013 Zapletalovou. Nezb\u00fdv\u00e1, ne\u017e Zav\u0159elovic sourozenc\u016fm vyseknout hlubokou poklonu a pod\u011bkovat za vzorn\u00e9 repre MORAVEC Teamu, jej\u00edch podp\u016frn\u00e9mu rodinn\u00e9mu t\u00fdmu \u201ejak by smet\u201c! \u00a0Jen tak d\u00e1l!<\/p>\n<p><span style=\"color: #800000;\"><strong>Zde mrkn\u011bte na fotogalerii z\u00a0Valachy Mana<\/strong><\/span>:<\/p>\n<div id='gallery-1' class='gallery galleryid-5091 gallery-columns-9 gallery-size-thumbnail'><figure class='gallery-item'>\n\t\t\t<div class='gallery-icon landscape'>\n\t\t\t\t<a href='https:\/\/www.moravecteam.cz\/?attachment_id=5109'><img width=\"25\" height=\"25\" src=\"https:\/\/www.moravecteam.cz\/wp-content\/uploads\/2016\/08\/20160805_110705-25x25.jpg\" class=\"attachment-thumbnail size-thumbnail\" alt=\"\" decoding=\"async\" loading=\"lazy\" aria-describedby=\"gallery-1-5109\" \/><\/a>\n\t\t\t<\/div>\n\t\t\t\t<figcaption class='wp-caption-text gallery-caption' id='gallery-1-5109'>\n\t\t\t\tKa\u017ed\u00fd triatlon za\u010d\u00edn\u00e1 plav\u00e1n\u00edm&#8230;\n\t\t\t\t<\/figcaption><\/figure><figure class='gallery-item'>\n\t\t\t<div class='gallery-icon landscape'>\n\t\t\t\t<a href='https:\/\/www.moravecteam.cz\/?attachment_id=5110'><img width=\"25\" height=\"25\" src=\"https:\/\/www.moravecteam.cz\/wp-content\/uploads\/2016\/08\/20160805_111052-25x25.jpg\" class=\"attachment-thumbnail size-thumbnail\" alt=\"\" decoding=\"async\" loading=\"lazy\" aria-describedby=\"gallery-1-5110\" \/><\/a>\n\t\t\t<\/div>\n\t\t\t\t<figcaption class='wp-caption-text gallery-caption' id='gallery-1-5110'>\n\t\t\t\tHlavn\u011b, aby voda nebyla moc mokr\u00e1&#8230;\n\t\t\t\t<\/figcaption><\/figure><figure class='gallery-item'>\n\t\t\t<div class='gallery-icon landscape'>\n\t\t\t\t<a href='https:\/\/www.moravecteam.cz\/?attachment_id=5111'><img width=\"25\" height=\"25\" src=\"https:\/\/www.moravecteam.cz\/wp-content\/uploads\/2016\/08\/20160805_113244-25x25.jpg\" class=\"attachment-thumbnail size-thumbnail\" alt=\"\" decoding=\"async\" loading=\"lazy\" aria-describedby=\"gallery-1-5111\" \/><\/a>\n\t\t\t<\/div>\n\t\t\t\t<figcaption class='wp-caption-text gallery-caption' id='gallery-1-5111'>\n\t\t\t\tAd\u00e9lka a Jirka po plav\u00e1n\u00ed m\u00ed\u0159\u00ed na kolo&#8230;\n\t\t\t\t<\/figcaption><\/figure><figure class='gallery-item'>\n\t\t\t<div class='gallery-icon landscape'>\n\t\t\t\t<a href='https:\/\/www.moravecteam.cz\/?attachment_id=5113'><img width=\"25\" height=\"25\" src=\"https:\/\/www.moravecteam.cz\/wp-content\/uploads\/2016\/08\/20160805_144735-25x25.jpg\" class=\"attachment-thumbnail size-thumbnail\" alt=\"\" decoding=\"async\" loading=\"lazy\" aria-describedby=\"gallery-1-5113\" \/><\/a>\n\t\t\t<\/div>\n\t\t\t\t<figcaption class='wp-caption-text gallery-caption' id='gallery-1-5113'>\n\t\t\t\tOcen\u011bn\u00ed z rukou olympijsk\u00e9ho v\u00edt\u011bze&#8230;\n\t\t\t\t<\/figcaption><\/figure><figure class='gallery-item'>\n\t\t\t<div class='gallery-icon portrait'>\n\t\t\t\t<a href='https:\/\/www.moravecteam.cz\/?attachment_id=5114'><img width=\"25\" height=\"25\" src=\"https:\/\/www.moravecteam.cz\/wp-content\/uploads\/2016\/08\/20160805_144735a-25x25.jpg\" class=\"attachment-thumbnail size-thumbnail\" alt=\"\" decoding=\"async\" loading=\"lazy\" aria-describedby=\"gallery-1-5114\" srcset=\"https:\/\/www.moravecteam.cz\/wp-content\/uploads\/2016\/08\/20160805_144735a-25x25.jpg 25w, https:\/\/www.moravecteam.cz\/wp-content\/uploads\/2016\/08\/20160805_144735a-288x300.jpg 288w, https:\/\/www.moravecteam.cz\/wp-content\/uploads\/2016\/08\/20160805_144735a.jpg 726w\" sizes=\"(max-width: 25px) 100vw, 25px\" \/><\/a>\n\t\t\t<\/div>\n\t\t\t\t<figcaption class='wp-caption-text gallery-caption' id='gallery-1-5114'>\n\t\t\t\t&#8230;Ale\u0161e Valenty,&#8230;.\n\t\t\t\t<\/figcaption><\/figure><figure class='gallery-item'>\n\t\t\t<div class='gallery-icon landscape'>\n\t\t\t\t<a href='https:\/\/www.moravecteam.cz\/?attachment_id=5115'><img width=\"25\" height=\"25\" src=\"https:\/\/www.moravecteam.cz\/wp-content\/uploads\/2016\/08\/20160805_144806-25x25.jpg\" class=\"attachment-thumbnail size-thumbnail\" alt=\"\" decoding=\"async\" loading=\"lazy\" aria-describedby=\"gallery-1-5115\" \/><\/a>\n\t\t\t<\/div>\n\t\t\t\t<figcaption class='wp-caption-text gallery-caption' id='gallery-1-5115'>\n\t\t\t\t&#8230;jeho\u017e bradu zdob\u00ed aktu\u00e1ln\u011b plnovous!\n\t\t\t\t<\/figcaption><\/figure><figure class='gallery-item'>\n\t\t\t<div class='gallery-icon landscape'>\n\t\t\t\t<a href='https:\/\/www.moravecteam.cz\/?attachment_id=5116'><img width=\"25\" height=\"25\" src=\"https:\/\/www.moravecteam.cz\/wp-content\/uploads\/2016\/08\/20160805_144823-25x25.jpg\" class=\"attachment-thumbnail size-thumbnail\" alt=\"\" decoding=\"async\" loading=\"lazy\" aria-describedby=\"gallery-1-5116\" \/><\/a>\n\t\t\t<\/div>\n\t\t\t\t<figcaption class='wp-caption-text gallery-caption' id='gallery-1-5116'>\n\t\t\t\tT\u0159i nejlep\u0161\u00ed holky z Vlalachy Manu.\n\t\t\t\t<\/figcaption><\/figure><figure class='gallery-item'>\n\t\t\t<div class='gallery-icon portrait'>\n\t\t\t\t<a href='https:\/\/www.moravecteam.cz\/?attachment_id=5117'><img width=\"25\" height=\"25\" src=\"https:\/\/www.moravecteam.cz\/wp-content\/uploads\/2016\/08\/20160805_144823a-25x25.jpg\" class=\"attachment-thumbnail size-thumbnail\" alt=\"\" decoding=\"async\" loading=\"lazy\" aria-describedby=\"gallery-1-5117\" \/><\/a>\n\t\t\t<\/div>\n\t\t\t\t<figcaption class='wp-caption-text gallery-caption' id='gallery-1-5117'>\n\t\t\t\tTOP 3 v detailu!\n\t\t\t\t<\/figcaption><\/figure><figure class='gallery-item'>\n\t\t\t<div class='gallery-icon landscape'>\n\t\t\t\t<a href='https:\/\/www.moravecteam.cz\/?attachment_id=5131'><img width=\"25\" height=\"25\" src=\"https:\/\/www.moravecteam.cz\/wp-content\/uploads\/2016\/08\/20160805_120040-25x25.jpg\" class=\"attachment-thumbnail size-thumbnail\" alt=\"\" decoding=\"async\" loading=\"lazy\" \/><\/a>\n\t\t\t<\/div><\/figure>\n\t\t<\/div>\n\n<p><strong><span style=\"color: #800000;\">Zde okoukn\u011bte p\u00e1r fotek z\u00a0Majet\u00edna<\/span><\/strong>:<\/p>\n<div id='gallery-2' class='gallery galleryid-5091 gallery-columns-9 gallery-size-thumbnail'><figure class='gallery-item'>\n\t\t\t<div class='gallery-icon landscape'>\n\t\t\t\t<a href='https:\/\/www.moravecteam.cz\/?attachment_id=5119'><img width=\"25\" height=\"25\" src=\"https:\/\/www.moravecteam.cz\/wp-content\/uploads\/2016\/08\/20160806_1030501-25x25.jpg\" class=\"attachment-thumbnail size-thumbnail\" alt=\"\" decoding=\"async\" loading=\"lazy\" aria-describedby=\"gallery-2-5119\" \/><\/a>\n\t\t\t<\/div>\n\t\t\t\t<figcaption class='wp-caption-text gallery-caption' id='gallery-2-5119'>\n\t\t\t\tD\u011bti p\u0159ed hupsem do baz\u00e9nu.\n\t\t\t\t<\/figcaption><\/figure><figure class='gallery-item'>\n\t\t\t<div class='gallery-icon portrait'>\n\t\t\t\t<a href='https:\/\/www.moravecteam.cz\/?attachment_id=5120'><img width=\"25\" height=\"25\" src=\"https:\/\/www.moravecteam.cz\/wp-content\/uploads\/2016\/08\/20160806_103050a-25x25.jpg\" class=\"attachment-thumbnail size-thumbnail\" alt=\"\" decoding=\"async\" loading=\"lazy\" aria-describedby=\"gallery-2-5120\" \/><\/a>\n\t\t\t<\/div>\n\t\t\t\t<figcaption class='wp-caption-text gallery-caption' id='gallery-2-5120'>\n\t\t\t\tSoust\u0159ed\u011bn\u00ed sourozenc\u016f.\n\t\t\t\t<\/figcaption><\/figure><figure class='gallery-item'>\n\t\t\t<div class='gallery-icon landscape'>\n\t\t\t\t<a href='https:\/\/www.moravecteam.cz\/?attachment_id=5121'><img width=\"25\" height=\"25\" src=\"https:\/\/www.moravecteam.cz\/wp-content\/uploads\/2016\/08\/20160806_103512-25x25.jpg\" class=\"attachment-thumbnail size-thumbnail\" alt=\"\" decoding=\"async\" loading=\"lazy\" aria-describedby=\"gallery-2-5121\" \/><\/a>\n\t\t\t<\/div>\n\t\t\t\t<figcaption class='wp-caption-text gallery-caption' id='gallery-2-5121'>\n\t\t\t\tAd\u00e9lka m\u00ed\u0159\u00ed na kolo, Jirka fini\u0161uje v baz\u00e9nu!\n\t\t\t\t<\/figcaption><\/figure><figure class='gallery-item'>\n\t\t\t<div class='gallery-icon landscape'>\n\t\t\t\t<a href='https:\/\/www.moravecteam.cz\/?attachment_id=5122'><img width=\"25\" height=\"25\" src=\"https:\/\/www.moravecteam.cz\/wp-content\/uploads\/2016\/08\/20160806_112258-25x25.jpg\" class=\"attachment-thumbnail size-thumbnail\" alt=\"\" decoding=\"async\" loading=\"lazy\" aria-describedby=\"gallery-2-5122\" \/><\/a>\n\t\t\t<\/div>\n\t\t\t\t<figcaption class='wp-caption-text gallery-caption' id='gallery-2-5122'>\n\t\t\t\tOkulib\u00fd pohled na v\u00fdsledkovou listinu.\n\t\t\t\t<\/figcaption><\/figure><figure class='gallery-item'>\n\t\t\t<div class='gallery-icon landscape'>\n\t\t\t\t<a href='https:\/\/www.moravecteam.cz\/?attachment_id=5123'><img width=\"25\" height=\"25\" src=\"https:\/\/www.moravecteam.cz\/wp-content\/uploads\/2016\/08\/20160806_122352-25x25.jpg\" class=\"attachment-thumbnail size-thumbnail\" alt=\"\" decoding=\"async\" loading=\"lazy\" aria-describedby=\"gallery-2-5123\" \/><\/a>\n\t\t\t<\/div>\n\t\t\t\t<figcaption class='wp-caption-text gallery-caption' id='gallery-2-5123'>\n\t\t\t\tZlato pro MORAVEC!\n\t\t\t\t<\/figcaption><\/figure><figure class='gallery-item'>\n\t\t\t<div class='gallery-icon portrait'>\n\t\t\t\t<a href='https:\/\/www.moravecteam.cz\/?attachment_id=5124'><img width=\"25\" height=\"25\" src=\"https:\/\/www.moravecteam.cz\/wp-content\/uploads\/2016\/08\/20160806_122403-25x25.jpg\" class=\"attachment-thumbnail size-thumbnail\" alt=\"\" decoding=\"async\" loading=\"lazy\" aria-describedby=\"gallery-2-5124\" \/><\/a>\n\t\t\t<\/div>\n\t\t\t\t<figcaption class='wp-caption-text gallery-caption' id='gallery-2-5124'>\n\t\t\t\tVelkost sportovce nen\u00ed v postav\u011b, ale v srd\u00ed\u010dku!\n\t\t\t\t<\/figcaption><\/figure>\n\t\t<\/div>\n\n","protected":false},"excerpt":{"rendered":"<p>V\u00fdborn\u00fd triatlonov\u00fd v\u00edkend maj\u00ed za sebou na\u0161e leto\u0161n\u00ed \u010derstv\u00e9 posily, sourozenci Jirka a Ad\u00e9la Zav\u0159elovi, jen\u017e jsou posilami vskutku jak se pat\u0159\u00ed! Jejich sportovn\u00ed univerz\u00e1lnost je mimo cyklistiku sm\u011b\u0159ov\u00e1na logicky i na triatlon, samoz\u0159ejm\u011b, \u017ee na ten v\u00a0d\u011btsk\u00e9m proveden\u00ed. V\u00a0minul\u00fdch dnech byl Jirka s\u00a0Ad\u00e9lkou tedy nejen v \u201ejednom kole\u201c, ale i v\u00a0\u201ejedn\u00e9 vod\u011b\u201c a i &hellip; <a href=\"https:\/\/www.moravecteam.cz\/?p=5091\" class=\"more-link\">Pokra\u010dov\u00e1n\u00ed textu <span class=\"screen-reader-text\">Triatlonov\u00e9 &#8222;\u010de\u010detky&#8220;!<\/span> <span class=\"meta-nav\">&rarr;<\/span><\/a><\/p>\n","protected":false},"author":3,"featured_media":5107,"comment_status":"open","ping_status":"closed","sticky":false,"template":"","format":"standard","meta":[],"categories":[1],"tags":[],"_links":{"self":[{"href":"https:\/\/www.moravecteam.cz\/index.php?rest_route=\/wp\/v2\/posts\/5091"}],"collection":[{"href":"https:\/\/www.moravecteam.cz\/index.php?rest_route=\/wp\/v2\/posts"}],"about":[{"href":"https:\/\/www.moravecteam.cz\/index.php?rest_route=\/wp\/v2\/types\/post"}],"author":[{"embeddable":true,"href":"https:\/\/www.moravecteam.cz\/index.php?rest_route=\/wp\/v2\/users\/3"}],"replies":[{"embeddable":true,"href":"https:\/\/www.moravecteam.cz\/index.php?rest_route=%2Fwp%2Fv2%2Fcomments&post=5091"}],"version-history":[{"count":13,"href":"https:\/\/www.moravecteam.cz\/index.php?rest_route=\/wp\/v2\/posts\/5091\/revisions"}],"predecessor-version":[{"id":5155,"href":"https:\/\/www.moravecteam.cz\/index.php?rest_route=\/wp\/v2\/posts\/5091\/revisions\/5155"}],"wp:featuredmedia":[{"embeddable":true,"href":"https:\/\/www.moravecteam.cz\/index.php?rest_route=\/wp\/v2\/media\/5107"}],"wp:attachment":[{"href":"https:\/\/www.moravecteam.cz\/index.php?rest_route=%2Fwp%2Fv2%2Fmedia&parent=5091"}],"wp:term":[{"taxonomy":"category","embeddable":true,"href":"https:\/\/www.moravecteam.cz\/index.php?rest_route=%2Fwp%2Fv2%2Fcategories&post=5091"},{"taxonomy":"post_tag","embeddable":true,"href":"https:\/\/www.moravecteam.cz\/index.php?rest_route=%2Fwp%2Fv2%2Ftags&post=5091"}],"curies":[{"name":"wp","href":"https:\/\/api.w.org\/{rel}","templated":true}]}}