{"id":5096,"date":"2016-08-09T21:35:14","date_gmt":"2016-08-09T19:35:14","guid":{"rendered":"http:\/\/www.moravecteam.cz\/?p=5096"},"modified":"2016-08-09T21:49:36","modified_gmt":"2016-08-09T19:49:36","slug":"horky-orlicky-asfalt","status":"publish","type":"post","link":"https:\/\/www.moravecteam.cz\/?p=5096","title":{"rendered":"Hork\u00fd orlick\u00fd asfalt&#8230;"},"content":{"rendered":"<p style=\"text-align: justify;\"><span style=\"color: #993300;\"><strong>Hork\u00fd v\u00edkend na rozp\u00e1len\u00e9m asfaltu silnic v okol\u00ed malebn\u00e9ho orlick\u00e9ho m\u011bste\u010dka Lan\u0161krouna m\u00e1 za sebou bezm\u00e1la dvoustovka cyklist\u016f silni\u010d\u00e1\u0159\u016f junior\u016f, kte\u0159\u00ed si zde dali dostaven\u00ed\u010dko od p\u00e1tku do ned\u011ble v r\u00e1mci tradi\u010dn\u00edho \u010dty\u0159etapov\u00e9ho z\u00e1vodu s bohatou mezin\u00e1rodn\u00ed \u00fa\u010dast\u00ed, jeho\u017e hlavn\u00edm organiz\u00e1torem je lan\u0161krounsk\u00fd cyklistick\u00fd odd\u00edl Duha. D\u00edky Dominiku Prudkovi v pestr\u00e9m a hlavn\u011b nesm\u00edrn\u011b siln\u00e9m pelotonu dres MORAVEC Teamu nechyb\u011bl ani zde.<\/strong><\/span><\/p>\n<figure id=\"attachment_5150\" aria-describedby=\"caption-attachment-5150\" style=\"width: 1132px\" class=\"wp-caption alignnone\"><a href=\"http:\/\/www.moravecteam.cz\/?attachment_id=5150\" rel=\"attachment wp-att-5150\"><img decoding=\"async\" loading=\"lazy\" class=\" wp-image-5150\" alt=\"OLYMPUS DIGITAL CAMERA\" src=\"http:\/\/www.moravecteam.cz\/wp-content\/uploads\/2016\/08\/P7230186.jpg\" width=\"1132\" height=\"756\" srcset=\"https:\/\/www.moravecteam.cz\/wp-content\/uploads\/2016\/08\/P7230186.jpg 1132w, https:\/\/www.moravecteam.cz\/wp-content\/uploads\/2016\/08\/P7230186-300x200.jpg 300w, https:\/\/www.moravecteam.cz\/wp-content\/uploads\/2016\/08\/P7230186-1024x683.jpg 1024w\" sizes=\"(max-width: 1132px) 100vw, 1132px\" \/><\/a><figcaption id=\"caption-attachment-5150\" class=\"wp-caption-text\">Mistr \u010cR a v\u00edt\u011bz \u010cP v MTB XCE z Bed\u0159ichova, Dominik Prudek potvrdil v silni\u010dn\u00edm etapov\u00e9m z\u00e1vod\u011b v Lan\u0161kroun\u011b svoji cyklistickou univerz\u00e1lnost!<\/figcaption><\/figure>\n<p style=\"text-align: justify;\">A Dom\u010da na\u0161emu patronovi, Vlastimilu MORAVCOVI, v jeho \u00e9\u0159e v\u00fdhradn\u011b specialistovi silni\u010d\u00e1\u0159ovi, v \u017e\u00e1dn\u00e9m p\u0159\u00edpad\u011b ostudu neud\u011blal! By\u0165 ho v prvn\u00ed a t\u0159et\u00ed etap\u011b prov\u00e1zela sm\u016fla a t\u011b\u017ekosti, ve v\u00fdsledkov\u00fdch listin\u00e1ch celkov\u00e9ho po\u0159ad\u00ed se ve\u0161el do elitn\u00e9 stovky! \u00a0Bravo Dominiku a d\u00edky za vzorn\u00e9 repre MORAVCE! Poj\u010fme si ve stru\u010dnosti zrekapitulovat \u010dty\u0159denn\u00ed Dominikovu \u0159eholi na hork\u00e9m orlick\u00e9m asfaltu&#8230;<\/p>\n<h5 style=\"text-align: justify;\"><span style=\"color: #993300;\">1. Etapa &#8211; p\u00e1tek 5.8. &#8211; 77\u00a0<\/span><span style=\"color: #993300; line-height: 1.33333;\">km<\/span><\/h5>\n<p style=\"text-align: justify;\">Dominik ji dokon\u010duje se ztr\u00e1tou \u00a01:57 minuty na 100. m\u00edst\u011b, kdy\u017e byl v jej\u00edm pr\u016fb\u011bhu nucen vypo\u0159\u00e1dat se s defektem. P\u0159edev\u0161\u00edm tato skute\u010dnost zp\u016fsobuje ve vyrovnan\u00e9m z\u00e1vod\u011b jeho m\u00edrnou ztr\u00e1tu.<\/p>\n<h5 style=\"text-align: justify;\"><span style=\"color: #993300;\">2. Etapa &#8211; sobota 6.8. &#8211; \u010dasovka 9,2 km<\/span><\/h5>\n<p style=\"text-align: justify;\">Dom\u010da op\u011bt dr\u017e\u00ed krok a se ztr\u00e1tou 1:18,64 minuty dokon\u010duje svoji s\u00f3lo j\u00edzdu proti chronometru na 80. m\u00edst\u011b. Po dvou etap\u00e1ch dr\u017e\u00ed se ztr\u00e1tou 3:01 minuty pozici v prvn\u00ed stovce (96. m\u00edsto).<\/p>\n<h5 style=\"text-align: justify;\"><span style=\"color: #993300;\"><strong>3. Etapa &#8211; sobota 6.8. &#8211; 79,2 km<\/strong><\/span><\/h5>\n<p style=\"text-align: justify;\">Etapa pravdy. Sobota b\u00fdv\u00e1 v r\u00e1mci t\u011bchto v\u00edkendov\u00fdch etap\u00e1k\u016f zpravidla kl\u00ed\u010dov\u00fdm dnem. Dominikovi se neda\u0159\u00ed dr\u017eet kontakt s \u010delem a p\u0159esto, \u017ee bojuje ze v\u0161ech sil, fini\u0161uje v profilov\u011b n\u00e1ro\u010dn\u00e9m z\u00e1vod\u011b na 136. m\u00edst\u011b a nab\u00edr\u00e1 ztr\u00e1tu 16:50 minut. Po t\u0159ech etap\u00e1ch kles\u00e1 na 113. m\u00edsto, kdy\u017e jeho ztr\u00e1ta na \u010delo \u010din\u00ed 19:57 minuty.<\/p>\n<h5 style=\"text-align: justify;\"><span style=\"color: #993300;\">4. Etapa &#8211; ned\u011ble 7.8. &#8211; 95 km<\/span><\/h5>\n<p style=\"text-align: justify;\">Dominikovi se poda\u0159ilo dob\u0159e zregenerovat a v nejdel\u0161\u00ed etap\u011b z\u00e1vodu ukazuje op\u011bt svoji s\u00edlu! Doashuje v c\u00edli nejlep\u0161\u00edho v\u00fdsledku v r\u00e1mci cel\u00e9ho etap\u00e1ku (70. m\u00edsto se ztr\u00e1tou 3:35 minuty na v\u00edt\u011bze) a v kone\u010dn\u00e9m hodnocen\u00ed se posouv\u00e1 zp\u011bt do elitn\u00ed stovky (99. m\u00edsto)! Zde jsou supr detailn\u00ed\u00a0<strong><a href=\"http:\/\/www.skpduha.cz\/\">podrobnosti k z\u00e1vodu<\/a>,<\/strong>\u00a0v\u010detn\u011b kompletn\u00edch v\u00fdsledkov\u00fdch listin.\u00a0<strong>\u00a0<\/strong><\/p>\n","protected":false},"excerpt":{"rendered":"<p>Hork\u00fd v\u00edkend na rozp\u00e1len\u00e9m asfaltu silnic v okol\u00ed malebn\u00e9ho orlick\u00e9ho m\u011bste\u010dka Lan\u0161krouna m\u00e1 za sebou bezm\u00e1la dvoustovka cyklist\u016f silni\u010d\u00e1\u0159\u016f junior\u016f, kte\u0159\u00ed si zde dali dostaven\u00ed\u010dko od p\u00e1tku do ned\u011ble v r\u00e1mci tradi\u010dn\u00edho \u010dty\u0159etapov\u00e9ho z\u00e1vodu s bohatou mezin\u00e1rodn\u00ed \u00fa\u010dast\u00ed, jeho\u017e hlavn\u00edm organiz\u00e1torem je lan\u0161krounsk\u00fd cyklistick\u00fd odd\u00edl Duha. D\u00edky Dominiku Prudkovi v pestr\u00e9m a hlavn\u011b nesm\u00edrn\u011b siln\u00e9m &hellip; <a href=\"https:\/\/www.moravecteam.cz\/?p=5096\" class=\"more-link\">Pokra\u010dov\u00e1n\u00ed textu <span class=\"screen-reader-text\">Hork\u00fd orlick\u00fd asfalt&#8230;<\/span> <span class=\"meta-nav\">&rarr;<\/span><\/a><\/p>\n","protected":false},"author":3,"featured_media":5149,"comment_status":"open","ping_status":"closed","sticky":false,"template":"","format":"standard","meta":[],"categories":[1],"tags":[],"_links":{"self":[{"href":"https:\/\/www.moravecteam.cz\/index.php?rest_route=\/wp\/v2\/posts\/5096"}],"collection":[{"href":"https:\/\/www.moravecteam.cz\/index.php?rest_route=\/wp\/v2\/posts"}],"about":[{"href":"https:\/\/www.moravecteam.cz\/index.php?rest_route=\/wp\/v2\/types\/post"}],"author":[{"embeddable":true,"href":"https:\/\/www.moravecteam.cz\/index.php?rest_route=\/wp\/v2\/users\/3"}],"replies":[{"embeddable":true,"href":"https:\/\/www.moravecteam.cz\/index.php?rest_route=%2Fwp%2Fv2%2Fcomments&post=5096"}],"version-history":[{"count":5,"href":"https:\/\/www.moravecteam.cz\/index.php?rest_route=\/wp\/v2\/posts\/5096\/revisions"}],"predecessor-version":[{"id":5153,"href":"https:\/\/www.moravecteam.cz\/index.php?rest_route=\/wp\/v2\/posts\/5096\/revisions\/5153"}],"wp:featuredmedia":[{"embeddable":true,"href":"https:\/\/www.moravecteam.cz\/index.php?rest_route=\/wp\/v2\/media\/5149"}],"wp:attachment":[{"href":"https:\/\/www.moravecteam.cz\/index.php?rest_route=%2Fwp%2Fv2%2Fmedia&parent=5096"}],"wp:term":[{"taxonomy":"category","embeddable":true,"href":"https:\/\/www.moravecteam.cz\/index.php?rest_route=%2Fwp%2Fv2%2Fcategories&post=5096"},{"taxonomy":"post_tag","embeddable":true,"href":"https:\/\/www.moravecteam.cz\/index.php?rest_route=%2Fwp%2Fv2%2Ftags&post=5096"}],"curies":[{"name":"wp","href":"https:\/\/api.w.org\/{rel}","templated":true}]}}