{"id":5098,"date":"2016-08-09T00:18:25","date_gmt":"2016-08-08T22:18:25","guid":{"rendered":"http:\/\/www.moravecteam.cz\/?p=5098"},"modified":"2016-08-09T21:57:37","modified_gmt":"2016-08-09T19:57:37","slug":"monaco-jak-se-patri","status":"publish","type":"post","link":"https:\/\/www.moravecteam.cz\/?p=5098","title":{"rendered":"&#8222;MONACO&#8220; jak se pat\u0159\u00ed!"},"content":{"rendered":"<p style=\"text-align: justify;\"><span style=\"color: #993300;\"><strong>Cross country sez\u00f3na pomysln\u011b vyvrcholila pro MORAVEC Team vele\u00fasp\u011b\u0161n\u00fdm &#8222;mistr\u00e1kem&#8220; v Bed\u0159ichov\u011b. \u00damysln\u011b p\u00ed\u0161i &#8222;pomysln\u011b&#8220;. Dal\u0161\u00ed presti\u017en\u00ed s\u00e9rie m\u00e1 ke sv\u00e9mu vrcholu je\u0161t\u011b daleko: MTB Poh\u00e1r Drahansk\u00e9 vrchoviny sv\u00fdm des\u00e1t\u00fdm z\u00e1vodem minulou sobotu ve Valchov\u011b nakrojil svoji z\u00e1v\u011bre\u010dnou t\u0159etinu. A jak \u0159\u00edk\u00e1 l\u00eddr Teamu GT Opportunity Du\u0161an Olejn\u00ed\u010dek: &#8222;jezd\u00edme jenom z\u00e1vody Sv\u011btov\u00e9ho poh\u00e1ru a Poh\u00e1ru Drahansk\u00e9 vrchoviny,&#8220; i pro MORAVEC Team je &#8222;Vrchovina&#8220; v priorit\u011b co se \u00fa\u010dasti t\u00fd\u010de, hodn\u011b vysoko&#8230; A ve Valchovsk\u00e9m &#8222;Monte Carlu&#8220; to MORAVCI potvrdili! St\u00e1le se t\u011b\u0161\u00ed skv\u011bl\u00e9, v mnoha p\u0159\u00edpadech graduj\u00edc\u00ed form\u011b, \u010deho\u017e je d\u016fkazem zisk v po\u0159ad\u00ed OPEN p\u011bti zlat\u00fdch, \u010dty\u0159 st\u0159\u00edbrn\u00fdch a p\u011bti bronzov\u00fdch medail\u00ed. A to nepo\u010d\u00edt\u00e1m \u0161tafety&#8230; Bravo MORAVEC!<\/strong><\/span><\/p>\n<figure id=\"attachment_5138\" aria-describedby=\"caption-attachment-5138\" style=\"width: 1627px\" class=\"wp-caption alignnone\"><a href=\"http:\/\/www.moravecteam.cz\/?attachment_id=5138\" rel=\"attachment wp-att-5138\"><img decoding=\"async\" loading=\"lazy\" class=\" wp-image-5138\" alt=\"IMG_0066\" src=\"http:\/\/www.moravecteam.cz\/wp-content\/uploads\/2016\/08\/IMG_0066.jpg\" width=\"1627\" height=\"1336\" srcset=\"https:\/\/www.moravecteam.cz\/wp-content\/uploads\/2016\/08\/IMG_0066.jpg 1627w, https:\/\/www.moravecteam.cz\/wp-content\/uploads\/2016\/08\/IMG_0066-300x246.jpg 300w, https:\/\/www.moravecteam.cz\/wp-content\/uploads\/2016\/08\/IMG_0066-1024x840.jpg 1024w\" sizes=\"(max-width: 1627px) 100vw, 1627px\" \/><\/a><figcaption id=\"caption-attachment-5138\" class=\"wp-caption-text\">Hattrick pro MORAVEC! Honza &#8222;D\u017eony&#8220; \u0160indel\u00e1\u0159, Tom\u00e1\u0161 Tlamka &#8222;Contador&#8220; a Jakub Tesa\u0159 si ud\u011blali ze z\u00e1vodu star\u0161\u00edch \u017e\u00e1k\u016f odd\u00edlov\u00fd p\u0159ebor! &#8222;Contador&#8220; pak na &#8222;bedn\u011b&#8220; v\u0161em u\u010debnicov\u011b p\u0159edvedl, jak se zach\u00e1z\u00ed se \u0161ampa\u0148sk\u00fdm&#8230;<\/figcaption><\/figure>\n<p style=\"text-align: justify;\">Ze stabiln\u00ed t\u00fdmov\u00e9 sestavy chyb\u011bl v &#8222;Monacu&#8220; pouze Dominik Prudek, pot\u00edc\u00ed krev na silni\u010dn\u00edm etap\u00e1ku v Lan\u0161kroun\u011b a nemocn\u00fd mlad\u0161\u00ed \u017e\u00e1k V\u00ed\u0165a Lipensk\u00fd. Jinak se do toho MORAVCI op\u0159eli v pln\u00e9 s\u00edle a na v\u00fdsledc\u00edch to bylo zn\u00e1t! \u00a0Do medailov\u00e9ho lesku n\u00e1s naladila u\u017e ve druh\u00e9m startu dne <strong><span style=\"color: #993300;\">Jana Maru\u0161ka Lipensk\u00e1<\/span><\/strong>, aby n\u00e1s kr\u00e1tce po tom uvedli v pravd\u011b do &#8222;transu&#8220; skv\u011bl\u00fdm v\u00fdkonem v z\u00e1vod\u011b d\u011bv\u010dat do 6 let sestry <strong><span style=\"color: #993300;\">Majda a Majka Barto\u0161ovic<\/span><\/strong>. Po jejich fam\u00f3zn\u00edm v\u00fdkonu jsme mohli slavit ten den prvn\u00ed odd\u00edlov\u00e9 &#8222;double&#8220;! V prvn\u00edm bloku start\u016f na\u0161e zlat\u00e9 \u017en\u011b ale je\u0161t\u011b nekon\u010dily&#8230; D\u00edky <span style=\"color: #993300;\"><strong>Matou\u0161kovi Lipensk\u00e9mu<\/strong><\/span>, kter\u00fd ve sv\u00e9 kategorii chlapc\u016f 7-8 let nad\u00e1le uh\u00e1n\u00ed na v\u00edt\u011bzn\u00e9 vln\u011b! A moc nechyb\u011blo (p\u0159esn\u011b dv\u011b vte\u0159iny) a mohli jsme se radovat do prvn\u00ed &#8222;pauzy&#8220; je\u0161t\u011b z bronzu Lucinky Koudelkov\u00e9&#8230;<\/p>\n<figure id=\"attachment_5142\" aria-describedby=\"caption-attachment-5142\" style=\"width: 2000px\" class=\"wp-caption alignnone\"><a href=\"http:\/\/www.moravecteam.cz\/?attachment_id=5142\" rel=\"attachment wp-att-5142\"><img decoding=\"async\" loading=\"lazy\" class=\" wp-image-5142\" alt=\"IMG_0075\" src=\"http:\/\/www.moravecteam.cz\/wp-content\/uploads\/2016\/08\/IMG_0075.jpg\" width=\"2000\" height=\"1500\" srcset=\"https:\/\/www.moravecteam.cz\/wp-content\/uploads\/2016\/08\/IMG_0075.jpg 2000w, https:\/\/www.moravecteam.cz\/wp-content\/uploads\/2016\/08\/IMG_0075-300x225.jpg 300w, https:\/\/www.moravecteam.cz\/wp-content\/uploads\/2016\/08\/IMG_0075-1024x768.jpg 1024w\" sizes=\"(max-width: 2000px) 100vw, 2000px\" \/><\/a><figcaption id=\"caption-attachment-5142\" class=\"wp-caption-text\">V dev\u00edtce nejlep\u0161\u00edch rajdr\u016f ze \u0161tafet z\u00e1\u0159\u00ed bez m\u00e1la polovina dres\u016f MORAVEC Teamu.<\/figcaption><\/figure>\n<p style=\"text-align: justify;\">Ce t\u011bsn\u011b uniklo Lucce, to dok\u00e1zal v prvn\u00edm startu druh\u00e9ho bloku vlachovsk\u00e9 race jej\u00ed br\u00e1cha <span style=\"color: #993300;\"><strong>Maty\u00e1\u0161 Koudelka<\/strong><\/span>, kter\u00fd po skv\u011bl\u00e9 j\u00edzd\u011b vybojoval v kategorii kluk\u016f 9-10 let, stejn\u011b jako v B\u0159ezov\u00e9, \u00a0zaslou\u017een\u00e9 st\u0159\u00edbro! Do medailov\u00fdch kolej\u00ed se vr\u00e1til i n\u00e1\u0161 mlad\u0161\u00ed \u017e\u00e1k <strong><span style=\"color: #993300;\">Roman \u0160indel\u00e1\u0159<\/span><\/strong>, jeho\u017e &#8222;placka&#8220; je o to cenn\u011bj\u0161\u00ed, \u017ee ji vybojoval v t\u011b\u017ek\u00e9 konkurenci 13 rajdr\u016f! V n\u00e1sledn\u00e9m startu star\u0161\u00edch \u017e\u00e1k\u016f jsme \u010dekali medailov\u00e9 \u017en\u011b a &#8211; do\u010dkali jsme se. Trio na\u0161ich borc\u016f u\u017e dost &#8222;otrkan\u00fdch&#8220; ze z\u00e1vod\u016f prvn\u00ed \u010desk\u00e9 bikov\u00e9 ligy, \u00a0si ze z\u00e1vodu ud\u011blalo odd\u00edlov\u00fd p\u0159ebor a zbyl\u00ed soupe\u0159i se na n\u011b d\u00edvali hodn\u011b z povzd\u00e1l\u00ed. Tak\u017ee po &#8222;double&#8220; hned &#8222;hattrick&#8220; pro MORAVEC! P\u0159ed polednem byl program Valchovsk\u00e9ho z\u00e1vodu &#8222;osv\u011b\u017een&#8220; je\u0161t\u011b \u0161tafetami, kter\u00fdch se postavilo na start hned 10! \u017de se dvou t\u0159etin MORAVCI p\u0159evl\u00e1dali jak ve zlat\u00e9 <strong><span style=\"color: #993300;\">(SM\u011aSKA)<\/span><\/strong>, tak ve st\u0159\u00edbrn\u00e9 <span style=\"color: #993300;\"><strong>(DRACI)<\/strong><\/span> \u0161tafet\u011b, snad nikoho nep\u0159ekvapilo&#8230; D\u00edk z\u00e1vodu \u0161tafet se tak stali nepsan\u00fdmi vl\u00e1dci Valchova hned t\u0159i mlad\u00ed bike\u0159i: <strong><span style=\"color: #993300;\">Jana Tesa\u0159ov\u00e1, Roman \u0160indel\u00e1\u0159<\/span><\/strong> a Tereza Obo\u0159ilov\u00e1, kte\u0159\u00ed brali v sobotu v &#8222;Monaku&#8220; dv\u011b medaile &#8211; zlato a bronz!<\/p>\n<figure id=\"attachment_5139\" aria-describedby=\"caption-attachment-5139\" style=\"width: 1050px\" class=\"wp-caption alignnone\"><a href=\"http:\/\/www.moravecteam.cz\/?attachment_id=5139\" rel=\"attachment wp-att-5139\"><img decoding=\"async\" loading=\"lazy\" class=\" wp-image-5139\" alt=\"IMG_0235\" src=\"http:\/\/www.moravecteam.cz\/wp-content\/uploads\/2016\/08\/IMG_0235.jpg\" width=\"1050\" height=\"1143\" srcset=\"https:\/\/www.moravecteam.cz\/wp-content\/uploads\/2016\/08\/IMG_0235.jpg 1050w, https:\/\/www.moravecteam.cz\/wp-content\/uploads\/2016\/08\/IMG_0235-275x300.jpg 275w, https:\/\/www.moravecteam.cz\/wp-content\/uploads\/2016\/08\/IMG_0235-940x1024.jpg 940w\" sizes=\"(max-width: 1050px) 100vw, 1050px\" \/><\/a><figcaption id=\"caption-attachment-5139\" class=\"wp-caption-text\">Dal\u0161\u00ed &#8222;skoro&#8220; hattrick pro MORAVEC&#8230; Ad\u00e9la \u0160af\u00e1\u0159ov\u00e1 pak, jko prvn\u00ed historii z\u00e1vod\u016f PDV, p\u0159edvedla v\u00edt\u011bzn\u00fd dojezd z\u00e1vod\u016f s praporem v ruce!<\/figcaption><\/figure>\n<p style=\"text-align: justify;\"><span style=\"line-height: 1.5;\">I v posledn\u00edm startovn\u00edm bloku jsme byli ve st\u0159ehu. P\u0159edev\u0161\u00edm spole\u010dn\u00fd z\u00e1vod juniorek a kadetek n\u00e1m op\u011bt p\u0159ipravil trojn\u00e1sobnou radost, p\u0159i\u010dem\u017e n\u00e1vrat <strong><span style=\"color: #993300;\">Jany Tesa\u0159ov\u00e9<\/span><\/strong> na trat\u011b (a hned medailov\u00fd) pro ni bude ur\u010dit\u011b vpruhou, hlavn\u011b psychickou! Vid\u011bt hodn\u011b v pop\u0159ed\u00ed \u00a0byli i dva na\u0161i &#8222;repro\u0161i&#8220; ve stejn\u00e9 kategorii chlapc\u016f. Mastr\u016fm dvojka\u0159\u016fm kralovaly tak\u00e9 na\u0161e dresy a v Masterech trojka\u0159\u00edch &#8222;z poza buku&#8220; znerv\u00f3z\u0148oval vedouc\u00ed trio &#8222;Tit\u00e1n\u016f&#8220; Olejn\u00ed\u010dek-\u0160\u00edma-Sedl\u00e1\u010dek k na\u0161\u00ed velk\u00e9 radosti &#8211; v\u00fdborn\u011b jedouc\u00ed Jirka \u0160t\u011bpan\u00edk. Ten mohl m\u00edt radost i ze sv\u00e9ho syna, kter\u00fd se spolu s Luk\u00e1\u0161em Gregorem ve\u0161el v konkurenci 25 mu\u017e\u016f &#8222;elite&#8220; ve\u0161el do TOP 10! Medailov\u00fd souhrn z Monte Carla je ro MORAVEC Team tentok:<\/span><\/p>\n<ul>\n<li>Odr\u00e1\u017eedla &#8211;\u00a0<span style=\"color: #993300;\"><strong>3. Ja\u0148ula &#8211; Maru\u0161ka Lipensk\u00e1<\/strong><\/span><\/li>\n<li>D\u00edvky do 6 let &#8211; <span style=\"color: #ff9900;\"><strong>1. Magdalenka Barto\u0161ov\u00e1<\/strong><\/span>, <strong><span style=\"color: #808080;\">2. Maru\u0161ka Barto\u0161ov\u00e1<\/span><\/strong><\/li>\n<li>Chlapci 7-8 let \u2013\u00a0<strong><span style=\"color: #ff9900;\">1. Matou\u0161 Lipensk\u00fd<\/span><\/strong><\/li>\n<li>Chlapci 9-10 let &#8211;\u00a0<strong><span style=\"color: #808080;\">2. Maty\u00e1\u0161 Koudelka<\/span><\/strong><\/li>\n<li>Chlapci 11-12 let &#8211; <strong><span style=\"color: #993300;\">3. Roman \u0160indel\u00e1\u0159<\/span><\/strong><\/li>\n<li>Star\u0161\u00ed \u017e\u00e1ci \u2013\u00a0<strong><span style=\"color: #ff9900;\">1. Tom\u00e1\u0161 Tlamka \u201eContador\u201c<\/span><\/strong>,\u00a0<strong><span style=\"color: #808080;\">2. Honza &#8222;D\u017eony&#8220;<\/span> <span style=\"color: #808080;\">\u0160indel\u00e1\u0159<\/span><\/strong>, <span style=\"color: #993300;\"><strong>3. Jakub Tesa\u0159<\/strong><\/span><\/li>\n<li>Juniorky, kadetky \u2013\u00a0<strong><span style=\"color: #ff9900;\">1.\u00a0Ad\u00e9la \u0160af\u00e1\u0159ov\u00e1<\/span><\/strong>,\u00a0<strong><span style=\"color: #808080;\">2.\u00a0Anna Zem\u00e1nkov\u00e1<\/span><\/strong>, <strong><span style=\"color: #993300;\">3. Jana Tesa\u0159ov\u00e1<\/span><\/strong><\/li>\n<li>Mu\u017ei Masters II &#8211; <strong><span style=\"color: #ff9900;\">1. Martin Gottwald<\/span><\/strong>, <strong><span style=\"color: #993300;\">3. Honza \u0160indel\u00e1\u0159 st.<\/span><\/strong><\/li>\n<li>\u0160tafety: 1. SM\u011aSKA (<strong><span style=\"color: #ff9900;\">Roman \u0160indel\u00e1\u0159, Jana Tesa\u0159ov\u00e1<\/span><\/strong>, Marek Marcel), 2. DRACI (Nikol Brad\u00e1\u010dov\u00e1,\u00a0<strong><span style=\"color: #808080;\">Honza &#8222;D\u017eony&#8220;\u00a0\u0160indel\u00e1\u0159, Karel Vinick\u00fd<\/span><\/strong>).<\/li>\n<\/ul>\n<figure id=\"attachment_5140\" aria-describedby=\"caption-attachment-5140\" style=\"width: 1196px\" class=\"wp-caption alignnone\"><a href=\"http:\/\/www.moravecteam.cz\/?attachment_id=5140\" rel=\"attachment wp-att-5140\"><img decoding=\"async\" loading=\"lazy\" class=\" wp-image-5140\" alt=\"IMG_0248\" src=\"http:\/\/www.moravecteam.cz\/wp-content\/uploads\/2016\/08\/IMG_0248.jpg\" width=\"1196\" height=\"1418\" srcset=\"https:\/\/www.moravecteam.cz\/wp-content\/uploads\/2016\/08\/IMG_0248.jpg 1196w, https:\/\/www.moravecteam.cz\/wp-content\/uploads\/2016\/08\/IMG_0248-253x300.jpg 253w, https:\/\/www.moravecteam.cz\/wp-content\/uploads\/2016\/08\/IMG_0248-863x1024.jpg 863w\" sizes=\"(max-width: 1196px) 100vw, 1196px\" \/><\/a><figcaption id=\"caption-attachment-5140\" class=\"wp-caption-text\">I &#8222;oldies&#8220; MORAVCE se ve Valchov\u011b medailov\u011b &#8222;pochlapili&#8220;!<\/figcaption><\/figure>\n<p style=\"text-align: justify;\">Valchov uk\u00e1zal p\u0159etrv\u00e1vaj\u00edc\u00ed TOP v\u00fdkonnost nejen na\u0161ich rajdr\u016f, ale i organiza\u010dn\u00edho teamu MORAVCE, kter\u00fd vysokou la\u0165ku z \u00favodu sez\u00f3ny nejen, \u017ee dr\u017e\u00ed, ba co v\u00edc &#8211; zvy\u0161uje! Zde mrkn\u011bte na kompletn\u00ed <strong><a href=\"http:\/\/www.pohardrahanskevrchoviny.cz\/suveren-michal-kozel\/\">v\u00fdsledkov\u00fd servis<\/a><\/strong>, a tu\u0165 naleznete hned <strong><a href=\"http:\/\/moravecteam.rajce.idnes.cz\/\">trojn\u00e1sobnou fotogalerii<\/a><\/strong>&#8230;<\/p>\n<div><\/div>\n<p>&nbsp;<\/p>\n<p>&nbsp;<\/p>\n","protected":false},"excerpt":{"rendered":"<p>Cross country sez\u00f3na pomysln\u011b vyvrcholila pro MORAVEC Team vele\u00fasp\u011b\u0161n\u00fdm &#8222;mistr\u00e1kem&#8220; v Bed\u0159ichov\u011b. \u00damysln\u011b p\u00ed\u0161i &#8222;pomysln\u011b&#8220;. Dal\u0161\u00ed presti\u017en\u00ed s\u00e9rie m\u00e1 ke sv\u00e9mu vrcholu je\u0161t\u011b daleko: MTB Poh\u00e1r Drahansk\u00e9 vrchoviny sv\u00fdm des\u00e1t\u00fdm z\u00e1vodem minulou sobotu ve Valchov\u011b nakrojil svoji z\u00e1v\u011bre\u010dnou t\u0159etinu. A jak \u0159\u00edk\u00e1 l\u00eddr Teamu GT Opportunity Du\u0161an Olejn\u00ed\u010dek: &#8222;jezd\u00edme jenom z\u00e1vody Sv\u011btov\u00e9ho poh\u00e1ru a Poh\u00e1ru &hellip; <a href=\"https:\/\/www.moravecteam.cz\/?p=5098\" class=\"more-link\">Pokra\u010dov\u00e1n\u00ed textu <span class=\"screen-reader-text\">&#8222;MONACO&#8220; jak se pat\u0159\u00ed!<\/span> <span class=\"meta-nav\">&rarr;<\/span><\/a><\/p>\n","protected":false},"author":3,"featured_media":5137,"comment_status":"open","ping_status":"closed","sticky":false,"template":"","format":"standard","meta":[],"categories":[1],"tags":[],"_links":{"self":[{"href":"https:\/\/www.moravecteam.cz\/index.php?rest_route=\/wp\/v2\/posts\/5098"}],"collection":[{"href":"https:\/\/www.moravecteam.cz\/index.php?rest_route=\/wp\/v2\/posts"}],"about":[{"href":"https:\/\/www.moravecteam.cz\/index.php?rest_route=\/wp\/v2\/types\/post"}],"author":[{"embeddable":true,"href":"https:\/\/www.moravecteam.cz\/index.php?rest_route=\/wp\/v2\/users\/3"}],"replies":[{"embeddable":true,"href":"https:\/\/www.moravecteam.cz\/index.php?rest_route=%2Fwp%2Fv2%2Fcomments&post=5098"}],"version-history":[{"count":10,"href":"https:\/\/www.moravecteam.cz\/index.php?rest_route=\/wp\/v2\/posts\/5098\/revisions"}],"predecessor-version":[{"id":5154,"href":"https:\/\/www.moravecteam.cz\/index.php?rest_route=\/wp\/v2\/posts\/5098\/revisions\/5154"}],"wp:featuredmedia":[{"embeddable":true,"href":"https:\/\/www.moravecteam.cz\/index.php?rest_route=\/wp\/v2\/media\/5137"}],"wp:attachment":[{"href":"https:\/\/www.moravecteam.cz\/index.php?rest_route=%2Fwp%2Fv2%2Fmedia&parent=5098"}],"wp:term":[{"taxonomy":"category","embeddable":true,"href":"https:\/\/www.moravecteam.cz\/index.php?rest_route=%2Fwp%2Fv2%2Fcategories&post=5098"},{"taxonomy":"post_tag","embeddable":true,"href":"https:\/\/www.moravecteam.cz\/index.php?rest_route=%2Fwp%2Fv2%2Ftags&post=5098"}],"curies":[{"name":"wp","href":"https:\/\/api.w.org\/{rel}","templated":true}]}}