{"id":5156,"date":"2016-08-14T22:45:30","date_gmt":"2016-08-14T20:45:30","guid":{"rendered":"http:\/\/www.moravecteam.cz\/?p=5156"},"modified":"2016-08-14T22:57:34","modified_gmt":"2016-08-14T20:57:34","slug":"sada-palcek-z-nameste","status":"publish","type":"post","link":"https:\/\/www.moravecteam.cz\/?p=5156","title":{"rendered":"Sada &#8222;palcek&#8220; z N\u00e1m\u011b\u0161t\u011b!"},"content":{"rendered":"<p style=\"text-align: justify;\"><span style=\"color: #800000;\"><strong>I kdy\u017e tuzemsk\u00e1 bikov\u00e1 sez\u00f3na m\u00e1 u\u017e svoje vrcholy za sebou, elitn\u00ed snajp\u0159i MORAVEC Teamu zdaleka nezah\u00e1l\u00ed&#8230; Jednak bude magnetem jejich pozornosti v pr\u016fb\u011bhu srpna a z\u00e1\u0159\u00ed fini\u0161uj\u00edc\u00ed presti\u017en\u00ed MTB &#8222;Vrchovina&#8220;, jednak bude ve \u00a0stejn\u00e9m obdob\u00ed i hodn\u011b jin\u00fdch p\u0159\u00edle\u017eitost\u00ed, kdy v r\u00e1mci bikov\u00fdch z\u00e1vod\u016f r\u016fzn\u00e9ho typu se budou moci na\u0161i nejlep\u0161\u00ed &#8222;popasovat&#8220; s kvalitn\u00ed konkurenc\u00ed&#8230;<\/strong><\/span><\/p>\n<figure id=\"attachment_5162\" aria-describedby=\"caption-attachment-5162\" style=\"width: 449px\" class=\"wp-caption alignnone\"><a href=\"http:\/\/www.moravecteam.cz\/?attachment_id=5162\" rel=\"attachment wp-att-5162\"><img decoding=\"async\" loading=\"lazy\" class=\"size-full wp-image-5162\" alt=\"13987208_1481894458503436_1160587253_o\" src=\"http:\/\/www.moravecteam.cz\/wp-content\/uploads\/2016\/08\/13987208_1481894458503436_1160587253_o.jpg\" width=\"449\" height=\"462\" srcset=\"https:\/\/www.moravecteam.cz\/wp-content\/uploads\/2016\/08\/13987208_1481894458503436_1160587253_o.jpg 449w, https:\/\/www.moravecteam.cz\/wp-content\/uploads\/2016\/08\/13987208_1481894458503436_1160587253_o-25x25.jpg 25w, https:\/\/www.moravecteam.cz\/wp-content\/uploads\/2016\/08\/13987208_1481894458503436_1160587253_o-291x300.jpg 291w\" sizes=\"(max-width: 449px) 100vw, 449px\" \/><\/a><figcaption id=\"caption-attachment-5162\" class=\"wp-caption-text\">Dominiku Prudkovi forma &#8222;dr\u017e\u00ed&#8220;! V sobotu byl v N\u00e1m\u011b\u0161ti nad Oslavpo nejrychlej\u0161\u00ed na okruhu 40km!<\/figcaption><\/figure>\n<p style=\"text-align: justify;\">A jednou z takov\u00fdch p\u0159\u00edle\u017eitost\u00ed byl minulou sobotu v N\u00e1m\u011b\u0161ti nad Oslavou MTB maraton v r\u00e1mci GALAXY s\u00e9rie 2016. Trojice borc\u016f v dresu MORAVEC Teamu, kte\u0159\u00ed vyzvali tra\u0165 dlouhou 40 km si vedla v\u00edc ne\u017e zadtn\u011b, \u010deho\u017e je d\u016fkazem kompletn\u00ed medailov\u00e1 sb\u00edrka! \u010dersv\u00fd Mistr \u010cR v MTB XCE, junior Dominik Prudek zajel maraton excelentn\u011b, kdy\u017e byl na &#8222;mal\u00e9m okruhu&#8220; absolutn\u011b nejlep\u0161\u00ed a samoz\u0159ejm\u011b suver\u00e9nn\u011b ovl\u00e1dl i svoji kategorii! Jeho \u010das byl jen o necel\u00fdch p\u011bt vte\u0159inek nad pldruh\u00e9 hodiny a jeho n\u00e1skok na druh\u00e9ho v po\u0159ad\u00ed Luk\u00e1\u0161e Davida (Cyklo Atom Cycling Team) &#8222;ko\u0161toval&#8220; v\u00edce jak deset minut! K v\u00fdkonu Dominika nen\u00ed t\u0159eba v\u00edce dod\u00e1vat..!<\/p>\n<figure id=\"attachment_5161\" aria-describedby=\"caption-attachment-5161\" style=\"width: 423px\" class=\"wp-caption aligncenter\"><a href=\"http:\/\/www.moravecteam.cz\/?attachment_id=5161\" rel=\"attachment wp-att-5161\"><img decoding=\"async\" loading=\"lazy\" class=\"size-full wp-image-5161 \" alt=\"13987179_1481894568503425_2084641587_o\" src=\"http:\/\/www.moravecteam.cz\/wp-content\/uploads\/2016\/08\/13987179_1481894568503425_2084641587_o.jpg\" width=\"423\" height=\"402\" srcset=\"https:\/\/www.moravecteam.cz\/wp-content\/uploads\/2016\/08\/13987179_1481894568503425_2084641587_o.jpg 423w, https:\/\/www.moravecteam.cz\/wp-content\/uploads\/2016\/08\/13987179_1481894568503425_2084641587_o-25x25.jpg 25w, https:\/\/www.moravecteam.cz\/wp-content\/uploads\/2016\/08\/13987179_1481894568503425_2084641587_o-300x285.jpg 300w\" sizes=\"(max-width: 423px) 100vw, 423px\" \/><\/a><figcaption id=\"caption-attachment-5161\" class=\"wp-caption-text\">Adama Bal\u00e1ka zas tak \u010dasto v &#8222;bikov\u00e9&#8220; akci nevid\u00edme&#8230; O to cenn\u011bj\u0161\u00ed je jeho bronz z N\u00e1m\u011b\u0161t\u011b nad Oslavou!<\/figcaption><\/figure>\n<p style=\"text-align: justify;\">V n\u00e1m\u011b\u0161ti jsme m\u011bli na &#8222;\u010dty\u0159ic\u00edtce&#8220; v hlavn\u00ed kategorii mu\u017e\u016f dal\u0161\u00ed \u017eel\u00edzko v ohni d\u00edjy Adamu Bal\u00e1kovi (syn Pavla Bal\u00e1ka). Ten na startech MTB z\u00e1vod\u016f letos zat\u00edm p\u0159\u00edli\u0161 neobjevoval, v N\u00e1m\u011b\u0161ti nad Oslavou v\u0161ak potvrdil svoji extrat\u0159\u00eddu, kdy\u017e v &#8222;na\u0159\u00edzl\u00e9&#8220; konkurenci dok\u00e1zal vybojovat bronz! Ve vz\u00e1cn\u011b vyrovnan\u00e9m z\u00e1vod\u011b ztratil Adam na prvn\u00ed m\u00edsto pouh\u00fdch \u0161est vte\u0159in! Skv\u011ble si na trat\u00edch pobl\u00ed\u017e \u0159eky Oslavy vedl i Adam\u016fv str\u00fdc, Pavel Bal\u00e1k, kter\u00fd po v\u00fdborn\u00e9m v\u00fdkonu dospurtoval ve sv\u00e9 kategorii na st\u0159\u00edbrn\u00e9 pozici! I zde byl souboj o \u010delo vz\u00e1cn\u011b vyrovnan\u00fd: prvn\u00ed t\u0159i borci dojeli do c\u00edle v rozmez\u00ed necel\u00fdch dvaceti vte\u0159in, p\u0159i\u010dem\u017e Leo\u0161e Bal\u00e1ka d\u011blilo od zlata nicotn\u00fdch 9 vte\u0159inek&#8230;\u00a0Blahop\u0159\u00e1n\u00ed pat\u0159\u00ed v\u0161em t\u0159em na\u0161im medailist\u016fm a pod\u011bkov\u00e1n\u00ed za vzorn\u00e9 repre odd\u00edlu nem\u016f\u017ee chyb\u011bt. \u00a0Bravo MORAVEC! Detaily k z\u00e1vodu (v\u010detn\u011b v\u00fdsledk\u016f) a cel\u00e9 GALAXY s\u00e9rii <strong><a href=\"http:\/\/www.galaxy-serie.cz\/rs\/vysledky-5\/\">najdete zde<\/a>.<\/strong><\/p>\n","protected":false},"excerpt":{"rendered":"<p>I kdy\u017e tuzemsk\u00e1 bikov\u00e1 sez\u00f3na m\u00e1 u\u017e svoje vrcholy za sebou, elitn\u00ed snajp\u0159i MORAVEC Teamu zdaleka nezah\u00e1l\u00ed&#8230; Jednak bude magnetem jejich pozornosti v pr\u016fb\u011bhu srpna a z\u00e1\u0159\u00ed fini\u0161uj\u00edc\u00ed presti\u017en\u00ed MTB &#8222;Vrchovina&#8220;, jednak bude ve \u00a0stejn\u00e9m obdob\u00ed i hodn\u011b jin\u00fdch p\u0159\u00edle\u017eitost\u00ed, kdy v r\u00e1mci bikov\u00fdch z\u00e1vod\u016f r\u016fzn\u00e9ho typu se budou moci na\u0161i nejlep\u0161\u00ed &#8222;popasovat&#8220; s kvalitn\u00ed &hellip; <a href=\"https:\/\/www.moravecteam.cz\/?p=5156\" class=\"more-link\">Pokra\u010dov\u00e1n\u00ed textu <span class=\"screen-reader-text\">Sada &#8222;palcek&#8220; z N\u00e1m\u011b\u0161t\u011b!<\/span> <span class=\"meta-nav\">&rarr;<\/span><\/a><\/p>\n","protected":false},"author":3,"featured_media":5160,"comment_status":"open","ping_status":"closed","sticky":false,"template":"","format":"standard","meta":[],"categories":[1],"tags":[],"_links":{"self":[{"href":"https:\/\/www.moravecteam.cz\/index.php?rest_route=\/wp\/v2\/posts\/5156"}],"collection":[{"href":"https:\/\/www.moravecteam.cz\/index.php?rest_route=\/wp\/v2\/posts"}],"about":[{"href":"https:\/\/www.moravecteam.cz\/index.php?rest_route=\/wp\/v2\/types\/post"}],"author":[{"embeddable":true,"href":"https:\/\/www.moravecteam.cz\/index.php?rest_route=\/wp\/v2\/users\/3"}],"replies":[{"embeddable":true,"href":"https:\/\/www.moravecteam.cz\/index.php?rest_route=%2Fwp%2Fv2%2Fcomments&post=5156"}],"version-history":[{"count":5,"href":"https:\/\/www.moravecteam.cz\/index.php?rest_route=\/wp\/v2\/posts\/5156\/revisions"}],"predecessor-version":[{"id":5164,"href":"https:\/\/www.moravecteam.cz\/index.php?rest_route=\/wp\/v2\/posts\/5156\/revisions\/5164"}],"wp:featuredmedia":[{"embeddable":true,"href":"https:\/\/www.moravecteam.cz\/index.php?rest_route=\/wp\/v2\/media\/5160"}],"wp:attachment":[{"href":"https:\/\/www.moravecteam.cz\/index.php?rest_route=%2Fwp%2Fv2%2Fmedia&parent=5156"}],"wp:term":[{"taxonomy":"category","embeddable":true,"href":"https:\/\/www.moravecteam.cz\/index.php?rest_route=%2Fwp%2Fv2%2Fcategories&post=5156"},{"taxonomy":"post_tag","embeddable":true,"href":"https:\/\/www.moravecteam.cz\/index.php?rest_route=%2Fwp%2Fv2%2Ftags&post=5156"}],"curies":[{"name":"wp","href":"https:\/\/api.w.org\/{rel}","templated":true}]}}