{"id":5165,"date":"2016-08-14T23:14:41","date_gmt":"2016-08-14T21:14:41","guid":{"rendered":"http:\/\/www.moravecteam.cz\/?p=5165"},"modified":"2016-08-15T10:06:42","modified_gmt":"2016-08-15T08:06:42","slug":"contador-jede-evropu","status":"publish","type":"post","link":"https:\/\/www.moravecteam.cz\/?p=5165","title":{"rendered":"&#8222;Contador&#8220; jede Evropu!"},"content":{"rendered":"<p style=\"text-align: justify;\"><span style=\"color: #800000;\"><strong>Skv\u011blou bikovou sez\u00f3nu za\u017e\u00edv\u00e1 letos Tom\u00e1\u0161 Tlamka &#8222;Contador&#8220;. Jeho soustavn\u00e9 TOP v\u00fdsledky samoz\u0159ejm\u011b neunikly pozornosti tren\u00e9ra \u010cesk\u00e9 \u017e\u00e1kovsk\u00e9 a kadetsk\u00e9 reprezentace Ivana Sovy a tak nen\u00ed divu, \u017ee Tom\u00e1\u0161 bude od pond\u011bl\u00ed 15. srpna a\u017e do p\u00e1rku 19. srpna 2016 reprezentovat na MTB Mistrovstv\u00ed Evopy uv\u00e1d\u011bn\u00fdch kategori\u00ed, kter\u00e9 pohost\u00ed na\u0161i rakou\u0161t\u00ed soused\u00e9 v malebn\u00e9m m\u011bste\u010dku Graz.<\/strong><\/span><\/p>\n<figure id=\"attachment_5169\" aria-describedby=\"caption-attachment-5169\" style=\"width: 720px\" class=\"wp-caption alignnone\"><a href=\"http:\/\/www.moravecteam.cz\/?attachment_id=5169\" rel=\"attachment wp-att-5169\"><img decoding=\"async\" loading=\"lazy\" class=\" wp-image-5169\" alt=\"13062415_1036672133046381_3514399703948008390_n\" src=\"http:\/\/www.moravecteam.cz\/wp-content\/uploads\/2016\/08\/13062415_1036672133046381_3514399703948008390_n.jpg\" width=\"720\" height=\"960\" srcset=\"https:\/\/www.moravecteam.cz\/wp-content\/uploads\/2016\/08\/13062415_1036672133046381_3514399703948008390_n.jpg 720w, https:\/\/www.moravecteam.cz\/wp-content\/uploads\/2016\/08\/13062415_1036672133046381_3514399703948008390_n-225x300.jpg 225w\" sizes=\"(max-width: 720px) 100vw, 720px\" \/><\/a><figcaption id=\"caption-attachment-5169\" class=\"wp-caption-text\">Tom\u00e1\u0161 Tlamka &#8222;Contador&#8220; si reprezenta\u010dn\u00ed tri\u010dko vyzkou\u0161el letos na ja\u0159e na z\u00e1vodech v Ma\u010farsku.<\/figcaption><\/figure>\n<p style=\"text-align: justify;\">Po Radimovi Kov\u00e1\u0159ovi, Nikole Hlubinkov\u00e9 a Ad\u00e9le \u0160af\u00e1\u0159ov\u00e9 je tedy Tom\u00e1\u0161 Tlamka &#8222;Contador&#8220; dal\u0161\u00edm reprezentantem z \u0159ad MORAVCE na &#8222;Evrop\u011b&#8220;. Tomovi ale pat\u0159\u00ed ve srovn\u00e1n\u00ed se sv\u00fdmi reprezenta\u010dn\u00edmi p\u0159edch\u016fdci prim\u00e1t: jako prvn\u00ed MORAVEC se st\u00e1v\u00e1 reprezentantem na ME v \u017e\u00e1kovsk\u00e9 \u00a0kategorii a je to d\u00e1no t\u00edm, \u017ee tato reprezentace el\u00e9v\u016f byla vytvo\u0159ena teprve loni. V dob\u011b, kdy byl v Tom\u00e1\u0161ov\u011b v\u011bku Radim, Nikola \u010di Ad\u00e9la, \u010desk\u00e1 reprezentace v t\u00e9to v\u011bkov\u00e9 kategorii ustavena je\u0161t\u011b nebyla.<\/p>\n<figure id=\"attachment_5172\" aria-describedby=\"caption-attachment-5172\" style=\"width: 536px\" class=\"wp-caption alignnone\"><a href=\"http:\/\/www.moravecteam.cz\/?attachment_id=5172\" rel=\"attachment wp-att-5172\"><img decoding=\"async\" loading=\"lazy\" class=\" wp-image-5172\" alt=\"Untitled\" src=\"http:\/\/www.moravecteam.cz\/wp-content\/uploads\/2016\/08\/Untitled.jpg\" width=\"536\" height=\"540\" srcset=\"https:\/\/www.moravecteam.cz\/wp-content\/uploads\/2016\/08\/Untitled.jpg 536w, https:\/\/www.moravecteam.cz\/wp-content\/uploads\/2016\/08\/Untitled-25x25.jpg 25w, https:\/\/www.moravecteam.cz\/wp-content\/uploads\/2016\/08\/Untitled-297x300.jpg 297w\" sizes=\"(max-width: 536px) 100vw, 536px\" \/><\/a><figcaption id=\"caption-attachment-5172\" class=\"wp-caption-text\">P\u011bt borc\u016f a t\u0159i borky \u010d\u00edt\u00e1 v\u00fdb\u011br tren\u00e9ra Ivana Sovy pro nadch\u00e1zej\u00edc\u00ed Mistrovstv\u00ed Evropy v Grazu. Budeme dr\u017eet palce!<\/figcaption><\/figure>\n<p style=\"text-align: justify;\">A co &#8222;Contadora&#8220; v Grazu \u010dek\u00e1? V\u011bru pern\u00fd nikoli den, ale hned cel\u00fd t\u00fdden! V pond\u011bl\u00ed jsou na programu z\u00e1vody \u0161tafet, v \u00fater\u00fd technick\u00e9 discipl\u00edny, ve st\u0159edu MTB sprinty, ve \u010dtvrtek MTB maraton a v\u0161e vyvrchol\u00ed v p\u00e1tek klasick\u00fdm XCO. Tomovi budeme dr\u017eet palce , v\u0161e budeme samoz\u0159ejm\u011b pe\u010dliv\u011b sledovat a v tomto \u010dl\u00e1nku hledejte pr\u016fb\u011b\u017ene zpr\u00e1vy o \u00fa\u010dasti boce z MORAVCE na MEv Rakousku. Zde jsou k MTB ME \u017e\u00e1k\u016f a kadet\u016f <strong><a href=\"http:\/\/www.bikeandmore.it\/en\/mtb\/ue-european-youth-mtb-championships-graz\">ve\u0161ker\u00e9 podrobnosti<\/a><\/strong>, no a zde si m\u016f\u017eete zavzpom\u00ednat na dosavadn\u00ed MTB &#8222;evropsk\u00e9&#8220; stopy MORAVC\u016e:<\/p>\n<ul>\n<li>\n<div style=\"text-align: justify;\"><strong><a href=\"http:\/\/moravec.benesov-u-boskovic.cz\/cz\/zavody\/2010\/me-haifa-6-9-7\/\">2010 Haifa (Izrael)<\/a>\u00a0&#8211; <\/strong>Radim Kov\u00e1\u0159<\/div>\n<\/li>\n<li>\n<div style=\"text-align: justify;\"><a href=\"http:\/\/moravec.benesov-u-boskovic.cz\/cz\/zavody\/2011\/me-mtb-dohnany-5-8\/\"><strong>2011 Doh\u0148any (Slovensko)<\/strong><\/a>\u00a0&#8211; Radim Kov\u00e1\u0159, Nikola Hlubinkov\u00e1<\/div>\n<\/li>\n<li>\n<div style=\"text-align: justify;\"><strong><a href=\"http:\/\/moravec.benesov-u-boskovic.cz\/cz\/zavody\/2012\/me-mtb-moskva-7-10-6\/\">2012 Moskva (Rusko)<\/a>\u00a0&#8211; <\/strong>Nikola Hlubinkov\u00e1<\/div>\n<\/li>\n<li>\n<div style=\"text-align: justify;\"><a href=\"http:\/\/www.moravecteam.cz\/?p=1081\"><strong>2015 Alpag (It\u00e1lie)<\/strong><\/a>\u00a0&#8211; Ad\u00e9la \u0160af\u00e1\u0159ov\u00e1<\/div>\n<\/li>\n<li><strong><a href=\"http:\/\/www.moravecteam.cz\/?p=4304\">2016 Husquarna (\u0160v\u00e9dsko)<\/a>\u00a0&#8211; <\/strong>Ad\u00e9la \u0160af\u00e1\u0159ov\u00e1<\/li>\n<li>2016 Graz (Rakousko) &#8211; Tom\u00e1\u0161 Tlamka &#8222;Contador&#8220;<\/li>\n<\/ul>\n<p>&nbsp;<\/p>\n","protected":false},"excerpt":{"rendered":"<p>Skv\u011blou bikovou sez\u00f3nu za\u017e\u00edv\u00e1 letos Tom\u00e1\u0161 Tlamka &#8222;Contador&#8220;. Jeho soustavn\u00e9 TOP v\u00fdsledky samoz\u0159ejm\u011b neunikly pozornosti tren\u00e9ra \u010cesk\u00e9 \u017e\u00e1kovsk\u00e9 a kadetsk\u00e9 reprezentace Ivana Sovy a tak nen\u00ed divu, \u017ee Tom\u00e1\u0161 bude od pond\u011bl\u00ed 15. srpna a\u017e do p\u00e1rku 19. srpna 2016 reprezentovat na MTB Mistrovstv\u00ed Evopy uv\u00e1d\u011bn\u00fdch kategori\u00ed, kter\u00e9 pohost\u00ed na\u0161i rakou\u0161t\u00ed soused\u00e9 v malebn\u00e9m m\u011bste\u010dku &hellip; <a href=\"https:\/\/www.moravecteam.cz\/?p=5165\" class=\"more-link\">Pokra\u010dov\u00e1n\u00ed textu <span class=\"screen-reader-text\">&#8222;Contador&#8220; jede Evropu!<\/span> <span class=\"meta-nav\">&rarr;<\/span><\/a><\/p>\n","protected":false},"author":3,"featured_media":5168,"comment_status":"open","ping_status":"closed","sticky":false,"template":"","format":"standard","meta":[],"categories":[1],"tags":[],"_links":{"self":[{"href":"https:\/\/www.moravecteam.cz\/index.php?rest_route=\/wp\/v2\/posts\/5165"}],"collection":[{"href":"https:\/\/www.moravecteam.cz\/index.php?rest_route=\/wp\/v2\/posts"}],"about":[{"href":"https:\/\/www.moravecteam.cz\/index.php?rest_route=\/wp\/v2\/types\/post"}],"author":[{"embeddable":true,"href":"https:\/\/www.moravecteam.cz\/index.php?rest_route=\/wp\/v2\/users\/3"}],"replies":[{"embeddable":true,"href":"https:\/\/www.moravecteam.cz\/index.php?rest_route=%2Fwp%2Fv2%2Fcomments&post=5165"}],"version-history":[{"count":13,"href":"https:\/\/www.moravecteam.cz\/index.php?rest_route=\/wp\/v2\/posts\/5165\/revisions"}],"predecessor-version":[{"id":5198,"href":"https:\/\/www.moravecteam.cz\/index.php?rest_route=\/wp\/v2\/posts\/5165\/revisions\/5198"}],"wp:featuredmedia":[{"embeddable":true,"href":"https:\/\/www.moravecteam.cz\/index.php?rest_route=\/wp\/v2\/media\/5168"}],"wp:attachment":[{"href":"https:\/\/www.moravecteam.cz\/index.php?rest_route=%2Fwp%2Fv2%2Fmedia&parent=5165"}],"wp:term":[{"taxonomy":"category","embeddable":true,"href":"https:\/\/www.moravecteam.cz\/index.php?rest_route=%2Fwp%2Fv2%2Fcategories&post=5165"},{"taxonomy":"post_tag","embeddable":true,"href":"https:\/\/www.moravecteam.cz\/index.php?rest_route=%2Fwp%2Fv2%2Ftags&post=5165"}],"curies":[{"name":"wp","href":"https:\/\/api.w.org\/{rel}","templated":true}]}}