{"id":5177,"date":"2016-08-15T07:45:33","date_gmt":"2016-08-15T05:45:33","guid":{"rendered":"http:\/\/www.moravecteam.cz\/?p=5177"},"modified":"2016-08-16T23:16:20","modified_gmt":"2016-08-16T21:16:20","slug":"co-se-bude-dit-st33-2","status":"publish","type":"post","link":"https:\/\/www.moravecteam.cz\/?p=5177","title":{"rendered":"Co se bude d\u00edt? (ST33)"},"content":{"rendered":"<h5><span style=\"color: #993300;\">Pond\u011bl\u00ed &#8211; p\u00e1tek 15. &#8211; 19.8. 2016<\/span><\/h5>\n<p style=\"text-align: justify;\">MTB Mistrovstv\u00ed Evropy \u017e\u00e1k\u016f a kadet\u016f v rakousk\u00e9m Grazu. T\u00fdk\u00e1 se Tom\u00e1\u0161e Tlamky &#8222;Contadora&#8220;, v pond\u011bl\u00ed pojede \u0161tafety, v \u00fater\u00fd j\u00edzdu zru\u010dnosti, ve st\u0159edu sprinty, ve \u010dtvrtek MTB maraton a v p\u00e1tek klasick\u00e9 cross country. Podrobnosti zjist\u00edte na <a href=\"http:\/\/www.bikeandmore.it\/en\/mtb\/ue-european-youth-mtb-championships-graz\"><strong>ofici\u00e1ln\u00ed str\u00e1nce MTB ME \u017e\u00e1k\u016f a kadet\u016f<\/strong><\/a>.<\/p>\n<h5><span style=\"color: #800000;\">St\u0159eda 17.8. 2016<\/span><\/h5>\n<p style=\"text-align: justify;\">Tr\u00e9nink mlad\u00fdch cyklist\u016f druh\u00e9 vlny venku na kolech s tren\u00e9rkou\u00a0<strong><span style=\"color: #800000;\">Nikolou Hlubinkovou\u00a0<\/span><span style=\"color: #993300;\">(731 929 800)<\/span><\/strong><span style=\"color: #993300;\">.\u00a0<\/span>Sraz v 17.00 na Okrouhl\u00e9 u Tlamk\u016f \u010d.p. 117. \u00c1\u010dko MORAVCE v t\u00fddnu potr\u00e9nuje dle pokyn\u016f tren\u00e9ra\u00a0<span style=\"color: #993300;\"><strong>V\u00edti Prudka (731 180 096)<\/strong>.<\/span><\/p>\n<h5><span style=\"color: #993300;\">P\u00e1tek 19.8. 2016<\/span><\/h5>\n<p style=\"text-align: justify;\">Od 17.00 hodin tr\u00e9nink MORAVC\u016e na trat\u00edch 11. z\u00e1vodu MTB Poh\u00e1ru Drahansk\u00e9 vrchoviny, v Bukov\u00e9. Jinak ur\u010den\u00ed z\u00e1stupci MORAVEC Teamu (sraz v prostoru startu a c\u00edle\u00a0tak\u00e9 v 17.00 hodin) dolad\u00ed s\u00a0m\u00edstn\u00edmi \u00a0po\u0159adateli v\u0161e pot\u0159ebn\u00e9 na sobotn\u00ed z\u00e1vod MTB XCO.<\/p>\n<h5><span style=\"color: #993300;\">Sobota 20.8. 2016<\/span><\/h5>\n<p style=\"text-align: justify;\">Jeden\u00e1ct\u00fd\u00a0z\u00e1vod 15. ro\u010dn\u00edku MTB Poh\u00e1ru Drahansk\u00e9 Vrchoviny v Bukov\u00e9. Sraz MORAVC\u016e, kte\u0159\u00ed budou pom\u00e1hat s organizac\u00ed z\u00e1vodu je v 7.45 hodin v prostoru startu a c\u00edle z\u00e1vodu (m\u00edstn\u00ed fotbalov\u00e9 h\u0159i\u0161t\u011b). Ostatn\u00ed si \u00fa\u010dast a dopravu na z\u00e1vod zaji\u0161\u0165uj\u00ed individu\u00e1ln\u011b.\u00a0\u00a0Zde studujte <strong><a href=\"http:\/\/www.pohardrahanskevrchoviny.cz\/po-jedenacte\/\">propozice<\/a> <\/strong>a pl\u00e1nky trat\u00ed<strong>.<\/strong><\/p>\n<p>&nbsp;<\/p>\n","protected":false},"excerpt":{"rendered":"<p>Pond\u011bl\u00ed &#8211; p\u00e1tek 15. &#8211; 19.8. 2016 MTB Mistrovstv\u00ed Evropy \u017e\u00e1k\u016f a kadet\u016f v rakousk\u00e9m Grazu. T\u00fdk\u00e1 se Tom\u00e1\u0161e Tlamky &#8222;Contadora&#8220;, v pond\u011bl\u00ed pojede \u0161tafety, v \u00fater\u00fd j\u00edzdu zru\u010dnosti, ve st\u0159edu sprinty, ve \u010dtvrtek MTB maraton a v p\u00e1tek klasick\u00e9 cross country. Podrobnosti zjist\u00edte na ofici\u00e1ln\u00ed str\u00e1nce MTB ME \u017e\u00e1k\u016f a kadet\u016f. St\u0159eda 17.8. 2016 &hellip; <a href=\"https:\/\/www.moravecteam.cz\/?p=5177\" class=\"more-link\">Pokra\u010dov\u00e1n\u00ed textu <span class=\"screen-reader-text\">Co se bude d\u00edt? (ST33)<\/span> <span class=\"meta-nav\">&rarr;<\/span><\/a><\/p>\n","protected":false},"author":3,"featured_media":5180,"comment_status":"open","ping_status":"closed","sticky":false,"template":"","format":"standard","meta":[],"categories":[11],"tags":[],"_links":{"self":[{"href":"https:\/\/www.moravecteam.cz\/index.php?rest_route=\/wp\/v2\/posts\/5177"}],"collection":[{"href":"https:\/\/www.moravecteam.cz\/index.php?rest_route=\/wp\/v2\/posts"}],"about":[{"href":"https:\/\/www.moravecteam.cz\/index.php?rest_route=\/wp\/v2\/types\/post"}],"author":[{"embeddable":true,"href":"https:\/\/www.moravecteam.cz\/index.php?rest_route=\/wp\/v2\/users\/3"}],"replies":[{"embeddable":true,"href":"https:\/\/www.moravecteam.cz\/index.php?rest_route=%2Fwp%2Fv2%2Fcomments&post=5177"}],"version-history":[{"count":8,"href":"https:\/\/www.moravecteam.cz\/index.php?rest_route=\/wp\/v2\/posts\/5177\/revisions"}],"predecessor-version":[{"id":5215,"href":"https:\/\/www.moravecteam.cz\/index.php?rest_route=\/wp\/v2\/posts\/5177\/revisions\/5215"}],"wp:featuredmedia":[{"embeddable":true,"href":"https:\/\/www.moravecteam.cz\/index.php?rest_route=\/wp\/v2\/media\/5180"}],"wp:attachment":[{"href":"https:\/\/www.moravecteam.cz\/index.php?rest_route=%2Fwp%2Fv2%2Fmedia&parent=5177"}],"wp:term":[{"taxonomy":"category","embeddable":true,"href":"https:\/\/www.moravecteam.cz\/index.php?rest_route=%2Fwp%2Fv2%2Fcategories&post=5177"},{"taxonomy":"post_tag","embeddable":true,"href":"https:\/\/www.moravecteam.cz\/index.php?rest_route=%2Fwp%2Fv2%2Ftags&post=5177"}],"curies":[{"name":"wp","href":"https:\/\/api.w.org\/{rel}","templated":true}]}}