{"id":519,"date":"2015-05-11T07:19:40","date_gmt":"2015-05-11T05:19:40","guid":{"rendered":"http:\/\/www.moravecteam.cz\/?p=519"},"modified":"2015-05-11T14:00:05","modified_gmt":"2015-05-11T12:00:05","slug":"kamenak-v-nasi-rezii","status":"publish","type":"post","link":"https:\/\/www.moravecteam.cz\/?p=519","title":{"rendered":"Kame\u0148\u00e1k v na\u0161\u00ed re\u017eii&#8230;"},"content":{"rendered":"<p style=\"text-align: justify;\"><span style=\"color: #800000;\"><strong>Jedn\u00edm ze z\u00e1vod\u016f v r\u00e1mci p\u0159\u00edpravy na druh\u00fd d\u00edl \u010cesk\u00e9ho poh\u00e1ru horsk\u00fdch kol, kter\u00fd n\u00e1s \u010dek\u00e1 v Praze o p\u0159\u00ed\u0161t\u00edm v\u00edkendu, byl tradi\u010dn\u00ed a jedine\u010dn\u00fd z\u00e1vod z\u00e1rove\u0148 &#8211; Valchovsk\u00fd Kame\u0148\u00e1k &#8211; MTB to \u010dasovka do vrchu, kter\u00e1 u\u017e po l\u00e9ta prov\u011b\u0159uje objektivn\u011b fyzickou zdatnost biker\u016f (nejen) z regionu. MORAVCI se na &#8222;Star\u00e9 valchovsk\u00e9&#8220; v\u00fdsledkov\u011b op\u011bt zaskv\u011bli, \u010deho\u017e je d\u016fkazem v po\u0159ad\u00ed OPEN sb\u00edrka p\u011bti zlat\u00fdch, dvou st\u0159\u00edbrn\u00fdch a \u010dty\u0159 bronzov\u00fdch medail\u00ed!<\/strong><\/span><\/p>\n<p style=\"text-align: justify;\">Na\u0161e \u00fasp\u011bchy odstartovala ji\u017e v z\u00e1vod\u011b odr\u00e1\u017eedel jist\u00fdm prvenstv\u00fdm rtu\u0165ovit\u00e1 \u00a0<strong>Terezka Fritzov\u00e1. <\/strong>Ne Ter\u010dino zlato nav\u00e1zala obratem \u00a0ziskem zaslou\u017een\u00e9ho \u00a0st\u0159\u00edbra v kategorii d\u00edvek 7-8 let <strong>Barborka\u00a0Tlamkov\u00e1 \u00a0<\/strong>Pak sice m\u011bly na\u0161e barvy kr\u00e1tkou v\u00fdsledkovou odmlku, ale start kategorie chlapc\u016f a d\u00edvek 11-12 let n\u00e1m p\u0159inesl kompletn\u00ed medailovou sb\u00edrku d\u00edky <strong>Kubovi Tesa\u0159ovi<\/strong> (zlato), <strong>Ani\u010dce Smutn\u00e9<\/strong> (st\u0159\u00edbro) a <strong>Krist\u00fdnce Kol\u00e1\u0159ov\u00e9<\/strong> (bronz). S nap\u011bt\u00edm a medailov\u00fdmi nad\u011bjemi\u00a0jsme o\u010dek\u00e1vali starty na\u0161ich favorit\u016f v kategori\u00edch star\u0161\u00edch \u017e\u00e1k\u016f a \u017e\u00e1ky\u0148. A nebyli jsme zklam\u00e1ni. <strong>Terezka Obo\u0159ilov\u00e1<\/strong> nedala soupe\u0159k\u00e1m v obou kolech\u00a0\u0161anci a dojela si pro jist\u00e9 zlato, na stupn\u011b v\u00edt\u011bz\u016f ji pak doprovodila v c\u00edli bronzov\u00e1 <strong>Ani\u010dka Zem\u00e1nkov\u00e1<\/strong>. Pro jist\u00e9 prvenstv\u00ed si dojel mezi star\u0161\u00edmi \u017e\u00e1ky i <strong>Michal \u0160m\u00edda<\/strong>. Z t\u011bchto v\u00fdsledk\u016f m\u00e1me zvl\u00e1\u0161\u0165 radost: nazna\u010duj\u00ed \u017ee forma na\u0161ich \u017e\u00e1kovsk\u00fdch es je p\u0159ed druh\u00fdm z\u00e1vodem \u010cP MTB\u00a0slibn\u00e1&#8230; Medailov\u00e9 \u00fasp\u011bchy podtrhla v\u00edt\u011bzstv\u00edm ve spole\u010dn\u00e9m startu kadetek a juniorek <strong>Jana Tesa\u0159ov\u00e1<\/strong> a ani ona nestoupala na nejvy\u0161\u0161\u00ed stup\u00ednek bez doprovodu t\u00fdmov\u00e9 kolegyn\u011b: pro bronz si vystoupala v t\u00e9to kategorii i dal\u0161\u00ed na\u0161e osv\u011bd\u010den\u00e1 bojovnice &#8211; <strong>Monika Kone\u010dn\u00e1<\/strong>. Medailovou \u017ee\u0148 pak uzav\u0159el v &#8222;na\u0161lapan\u00e9&#8220; konkurenci spole\u010dn\u00e9ho startu junior\u016f a kadet\u016f ziskem cenn\u00e9ho bronzu <strong>Patrik Kol\u00e1\u0159.<\/strong><\/p>\n<p style=\"text-align: justify;\">Na\u0161e v\u00fdsledkov\u00e9 rezum\u00e9 mohlo b\u00fdt je\u0161t\u011b lep\u0161\u00ed, ale n\u011bkte\u0159\u00ed na\u0161i zku\u0161en\u00ed \u00a0borci a borky startovali na z\u00e1vodech jinde, jin\u00ed zase Kame\u0148\u00e1k vynechali, soust\u0159ed\u00edc se na start Valchovsk\u00e9ho Drti\u010de, MTB maratonu, kter\u00fd n\u00e1sledoval den pot\u00e9. D\u00edk za vzorn\u00e9 repre odd\u00edlu a bojovn\u00e9 v\u00fdkony pat\u0159\u00ed samoz\u0159ejm\u011b op\u011bt i t\u011bm, pro kter\u00e9 visely medailov\u00e9 vav\u0159\u00edny tro\u0161ku vysoko&#8230;\u00a0Fotogalerie\u00a0u\u017e tu\u0165, <strong><a href=\"http:\/\/moravecteam.rajce.idnes.cz\/2015.05.08.Valchovsky_kamenak\/\">http:\/\/moravecteam.rajce.idnes.cz\/2015.05.08.Valchovsky_kamenak\/<\/a>,<\/strong><\/p>\n<p style=\"text-align: justify;\">kompletn\u00ed \u00a0v\u00fdsledkov\u00fd servis\u00a0v\u010detn\u011b dosa\u017een\u00fdch \u010das\u016f najdete pak zde: <strong><a href=\"http:\/\/www.pohardrahanskevrchoviny.cz\/kamenak-drtic-bikovy-vikend-ve-valchove\/\">http:\/\/www.pohardrahanskevrchoviny.cz\/kamenak-drtic-bikovy-vikend-ve-valchove\/<\/a><\/strong><\/p>\n<p style=\"text-align: justify;\">\n","protected":false},"excerpt":{"rendered":"<p>Jedn\u00edm ze z\u00e1vod\u016f v r\u00e1mci p\u0159\u00edpravy na druh\u00fd d\u00edl \u010cesk\u00e9ho poh\u00e1ru horsk\u00fdch kol, kter\u00fd n\u00e1s \u010dek\u00e1 v Praze o p\u0159\u00ed\u0161t\u00edm v\u00edkendu, byl tradi\u010dn\u00ed a jedine\u010dn\u00fd z\u00e1vod z\u00e1rove\u0148 &#8211; Valchovsk\u00fd Kame\u0148\u00e1k &#8211; MTB to \u010dasovka do vrchu, kter\u00e1 u\u017e po l\u00e9ta prov\u011b\u0159uje objektivn\u011b fyzickou zdatnost biker\u016f (nejen) z regionu. MORAVCI se na &#8222;Star\u00e9 valchovsk\u00e9&#8220; v\u00fdsledkov\u011b op\u011bt &hellip; <a href=\"https:\/\/www.moravecteam.cz\/?p=519\" class=\"more-link\">Pokra\u010dov\u00e1n\u00ed textu <span class=\"screen-reader-text\">Kame\u0148\u00e1k v na\u0161\u00ed re\u017eii&#8230;<\/span> <span class=\"meta-nav\">&rarr;<\/span><\/a><\/p>\n","protected":false},"author":3,"featured_media":541,"comment_status":"closed","ping_status":"open","sticky":false,"template":"","format":"standard","meta":[],"categories":[1],"tags":[],"_links":{"self":[{"href":"https:\/\/www.moravecteam.cz\/index.php?rest_route=\/wp\/v2\/posts\/519"}],"collection":[{"href":"https:\/\/www.moravecteam.cz\/index.php?rest_route=\/wp\/v2\/posts"}],"about":[{"href":"https:\/\/www.moravecteam.cz\/index.php?rest_route=\/wp\/v2\/types\/post"}],"author":[{"embeddable":true,"href":"https:\/\/www.moravecteam.cz\/index.php?rest_route=\/wp\/v2\/users\/3"}],"replies":[{"embeddable":true,"href":"https:\/\/www.moravecteam.cz\/index.php?rest_route=%2Fwp%2Fv2%2Fcomments&post=519"}],"version-history":[{"count":7,"href":"https:\/\/www.moravecteam.cz\/index.php?rest_route=\/wp\/v2\/posts\/519\/revisions"}],"predecessor-version":[{"id":543,"href":"https:\/\/www.moravecteam.cz\/index.php?rest_route=\/wp\/v2\/posts\/519\/revisions\/543"}],"wp:featuredmedia":[{"embeddable":true,"href":"https:\/\/www.moravecteam.cz\/index.php?rest_route=\/wp\/v2\/media\/541"}],"wp:attachment":[{"href":"https:\/\/www.moravecteam.cz\/index.php?rest_route=%2Fwp%2Fv2%2Fmedia&parent=519"}],"wp:term":[{"taxonomy":"category","embeddable":true,"href":"https:\/\/www.moravecteam.cz\/index.php?rest_route=%2Fwp%2Fv2%2Fcategories&post=519"},{"taxonomy":"post_tag","embeddable":true,"href":"https:\/\/www.moravecteam.cz\/index.php?rest_route=%2Fwp%2Fv2%2Ftags&post=519"}],"curies":[{"name":"wp","href":"https:\/\/api.w.org\/{rel}","templated":true}]}}