{"id":5200,"date":"2016-08-15T21:59:05","date_gmt":"2016-08-15T19:59:05","guid":{"rendered":"http:\/\/www.moravecteam.cz\/?p=5200"},"modified":"2016-08-22T22:57:59","modified_gmt":"2016-08-22T20:57:59","slug":"mtb-me-zaci-kadeti-graz","status":"publish","type":"post","link":"https:\/\/www.moravecteam.cz\/?p=5200","title":{"rendered":"MTB ME U15-U17, Graz &#8211; 5"},"content":{"rendered":"<h5><span style=\"color: #800000;\">5. den, p\u00e1tek 19. srpna 2016 &#8211; MTB XCO<\/span><\/h5>\n<p style=\"text-align: justify;\"><span style=\"color: #800000;\"><strong>Z\u00e1vody v klasick\u00e9m cross country vyvrcholilo v p\u00e1tek v Grazu MTB Mistrovstv\u00ed Evropy \u017e\u00e1k\u016f a kadet\u016f za \u00fa\u010dasti \u010dlena MORAVEC Teamu &#8211; Tom\u00e1\u0161e Tlamky &#8222;Contadora&#8220;. Z\u00e1vod poznamenal no\u010dn\u00ed siln\u00fd d\u00e9\u0161\u0165, kter\u00fd ud\u011blal u\u017e tak z extr\u00e9mn\u011b t\u011b\u017ek\u00e9 trat\u011b je\u0161t\u011b t\u011b\u017e\u0161\u00ed..! V samotn\u00e9m z\u00e1vod\u011b si vybral n\u00e1\u0161 talentovan\u00fd biker bohu\u017eel velkou porci sm\u016fly&#8230; Tak\u0159ka cel\u00fd z\u00e1vod byl nucen absolvovat s handicapem nep\u0159\u00edjemn\u011b bolestiv\u00e9 zdravotn\u00ed indispozice, kter\u00e1 ho samoz\u0159ejm\u011b v\u00fdkonov\u011b markantn\u011b determinovala&#8230;.\u00a0<\/strong><\/span><\/p>\n<figure id=\"attachment_5261\" aria-describedby=\"caption-attachment-5261\" style=\"width: 480px\" class=\"wp-caption alignnone\"><a href=\"http:\/\/www.moravecteam.cz\/?attachment_id=5261\" rel=\"attachment wp-att-5261\"><img decoding=\"async\" loading=\"lazy\" class=\" wp-image-5261\" alt=\"mms_20160819\" src=\"http:\/\/www.moravecteam.cz\/wp-content\/uploads\/2016\/08\/mms_20160819.jpg\" width=\"480\" height=\"480\" srcset=\"https:\/\/www.moravecteam.cz\/wp-content\/uploads\/2016\/08\/mms_20160819.jpg 480w, https:\/\/www.moravecteam.cz\/wp-content\/uploads\/2016\/08\/mms_20160819-25x25.jpg 25w, https:\/\/www.moravecteam.cz\/wp-content\/uploads\/2016\/08\/mms_20160819-300x300.jpg 300w\" sizes=\"(max-width: 480px) 100vw, 480px\" \/><\/a><figcaption id=\"caption-attachment-5261\" class=\"wp-caption-text\">&#8222;Qartet&#8220; kamar\u00e1d\u016f, kte\u0159\u00ed v\u011bd\u00ed, za jak\u00e9 barvy se slu\u0161\u00ed &#8222;cedit krev&#8220;&#8230;<\/figcaption><\/figure>\n<p style=\"text-align: justify;\">Nep\u0159\u00edjemn\u00e9 obt\u00ed\u017ee se ozvaly kr\u00e1tce po startu, kter\u00fd m\u011bl Tom\u00e1\u0161, startuj\u00edc\u00ed ze druh\u00e9 \u0159ady &#8211; jak je u n\u011bho zvykem &#8211; v\u00fdborn\u00fd. Pak u\u017e mohli p\u0159\u00edtomn\u00ed div\u00e1ci sledovat jeho bezprecedentn\u011b state\u010dn\u00fd, heroick\u00fd souboj nejen se soupe\u0159i, s n\u00e1ro\u010dnou, nep\u0159\u00edjemn\u011b vlhkou trat\u00ed, ale p\u0159edev\u0161\u00edm s mu\u010divou bolest\u00ed zad, kter\u00e1 ho prakticky po ob\u011b kola, neopustila, ba co v\u00edc, v pr\u016fb\u011bhu z\u00e1vodu se je\u0161t\u011b stup\u0148ovala&#8230; Ka\u017ed\u00fd jin\u00fd by za dan\u00e9 situace, jako t\u011b\u017ece zran\u011bn\u00fd, z\u00e1vod vzdal&#8230;<\/p>\n<figure id=\"attachment_5262\" aria-describedby=\"caption-attachment-5262\" style=\"width: 607px\" class=\"wp-caption alignnone\"><a href=\"http:\/\/www.moravecteam.cz\/?attachment_id=5262\" rel=\"attachment wp-att-5262\"><img decoding=\"async\" loading=\"lazy\" class=\" wp-image-5262\" alt=\"mms_20160819_3\" src=\"http:\/\/www.moravecteam.cz\/wp-content\/uploads\/2016\/08\/mms_20160819_3.jpg\" width=\"607\" height=\"480\" srcset=\"https:\/\/www.moravecteam.cz\/wp-content\/uploads\/2016\/08\/mms_20160819_3.jpg 607w, https:\/\/www.moravecteam.cz\/wp-content\/uploads\/2016\/08\/mms_20160819_3-300x237.jpg 300w\" sizes=\"(max-width: 607px) 100vw, 607px\" \/><\/a><figcaption id=\"caption-attachment-5262\" class=\"wp-caption-text\">Ivanu Sovovi a Soni Jurkov\u00e9 se poda\u0159ilo z \u010cesk\u00fdch &#8222;Lv\u00ed\u010dat&#8220; vytvo\u0159it jednolit\u00fd, soudr\u017en\u00fd t\u00fdm! A to je dob\u0159e&#8230; \u010cesku t\u00edm roste po Kulhav\u00e9m, Cinkovi a Nash dal\u0161\u00ed siln\u00fd \u00fadern\u00fd bikersk\u00fd sled!<\/figcaption><\/figure>\n<p style=\"text-align: justify;\">Ne tak n\u00e1\u0161 &#8222;Contador&#8220;! V\u011bdom si toho, \u017ee z\u00e1vod v reprezenta\u010dn\u00edm dresu se nevzd\u00e1v\u00e1 a s pocitem odpov\u011bdnosti v\u016f\u010di sv\u00fdm par\u0165\u00e1k\u016fm z t\u00fdmu (Czech Republic 2) p\u0159edvedl v\u00fdkon na hranici sebezni\u010den\u00ed a odm\u011bnou mu bylo, \u017ee po heroick\u00e9m v\u00fdkonu nakonec spat\u0159il c\u00edlovou p\u00e1sku!!! Fin\u00e1ln\u00ed 32. m\u00edsto, na kter\u00e9m byl klasifikov\u00e1n, m\u00e1 za dan\u00fdch okolnost\u00ed hodnotu velk\u00e9ho v\u00edt\u011bzstv\u00ed! Takhle bojuje MORAVEC!!!<\/p>\n<figure id=\"attachment_5263\" aria-describedby=\"caption-attachment-5263\" style=\"width: 800px\" class=\"wp-caption alignnone\"><a href=\"http:\/\/www.moravecteam.cz\/?attachment_id=5263\" rel=\"attachment wp-att-5263\"><img decoding=\"async\" loading=\"lazy\" class=\" wp-image-5263\" alt=\"mms_20160819_4\" src=\"http:\/\/www.moravecteam.cz\/wp-content\/uploads\/2016\/08\/mms_20160819_4.jpg\" width=\"800\" height=\"480\" srcset=\"https:\/\/www.moravecteam.cz\/wp-content\/uploads\/2016\/08\/mms_20160819_4.jpg 800w, https:\/\/www.moravecteam.cz\/wp-content\/uploads\/2016\/08\/mms_20160819_4-300x180.jpg 300w\" sizes=\"(max-width: 800px) 100vw, 800px\" \/><\/a><figcaption id=\"caption-attachment-5263\" class=\"wp-caption-text\">Na p\u00f3diu nejlep\u0161\u00edch TOP 10 Team\u016f nechyb\u011bly oba t\u00fdmy \u010ceska. A tahounem toho druh\u00e9ho byl Tom\u00e1\u0161 Tlamka &#8222;Conatdor&#8220;!<\/figcaption><\/figure>\n<p style=\"text-align: justify;\">Vzpom\u00edn\u00e1te? MS MTB 2011 ve \u0161v\u00fdcarsk\u00e9m Champery\u00a0a start na tomto z\u00e1vodu \u00a0\u010dlena MORAVCE, tehdy juniora, Radima Kov\u00e1\u0159e? Tak\u00e9 ho hned v \u00favodu &#8222;race&#8220; ho potkala nehor\u00e1zn\u00e1 sm\u016fla, tehdy v podob\u011b technick\u00e9ho trablu (p\u0159evodn\u00edk), tak\u017ee prakticky nebyl schopen \u0159adit \u017e\u00e1dn\u00e9 p\u0159evody&#8230; Ani R\u00e1\u010fa to tenkr\u00e1t nevzdal, a de facto s nefunk\u010dn\u00edm bikem z\u00e1vod dokon\u010dil, by\u0165 &#8222;a\u017e&#8220; v dev\u00e1t\u00e9 des\u00edtce v\u00fdsledkov\u00fdch listin&#8230; Tak bojuj\u00ed MORAVCI!!! Nikdy se nevzd\u00e1vaji a kdy\u017e to je jen tro\u0161ku mo\u017en\u00e9 jet d\u00e1l, pokra\u010duj\u00ed za ka\u017edou cenu v z\u00e1vod\u011b&#8230; Tak to kdysi uk\u00e1zal Radim Kov\u00e1\u0159 a tak \u0161el po jeho vzoru \u00a0v jeho bojovn\u00e9 stop\u011b dnes i Tom\u00e1\u0161 Tlamka &#8222;Contador&#8220;!<\/p>\n<figure id=\"attachment_5264\" aria-describedby=\"caption-attachment-5264\" style=\"width: 450px\" class=\"wp-caption alignnone\"><a href=\"http:\/\/www.moravecteam.cz\/?attachment_id=5264\" rel=\"attachment wp-att-5264\"><img decoding=\"async\" loading=\"lazy\" class=\"size-full wp-image-5264\" alt=\"mms_20160819_5\" src=\"http:\/\/www.moravecteam.cz\/wp-content\/uploads\/2016\/08\/mms_20160819_5.jpg\" width=\"450\" height=\"511\" srcset=\"https:\/\/www.moravecteam.cz\/wp-content\/uploads\/2016\/08\/mms_20160819_5.jpg 450w, https:\/\/www.moravecteam.cz\/wp-content\/uploads\/2016\/08\/mms_20160819_5-264x300.jpg 264w\" sizes=\"(max-width: 450px) 100vw, 450px\" \/><\/a><figcaption id=\"caption-attachment-5264\" class=\"wp-caption-text\">Skute\u010dn\u00fd \u0161ammpion nikdy nezapomene, z kter\u00e9ho \u017ee to hn\u00edzda vylet\u011bl na vysokou ob\u011b\u017enou bikerskou dr\u00e1hu..!<\/figcaption><\/figure>\n<p style=\"text-align: justify;\">Jinak se ale v\u00fdb\u011br tren\u00e9ra Sovy m\u016f\u017ee i po z\u00e1v\u011bre\u010dn\u00e9m dnu pochlubit dal\u0161\u00edm medailov\u00fdm ziskem: David \u0160ulc op\u011bt st\u00edhal skv\u011bl\u00e9 \u0160v\u00fdcary a vybojoval u\u017e druh\u00fd bronz! Zde si m\u016f\u017eete odkontrolovat <strong><a href=\"http:\/\/my1.raceresult.com\/59582\/results?lang=de#1_795DD6\">v\u00fdsledky z\u00e1v\u011bre\u010dn\u00e9ho dne<\/a><\/strong> \u0161ampion\u00e1tu, a nezb\u00fdv\u00e1 ne\u017e doplnit skute\u010dnost, \u017ee v sum\u00e1\u0159i p\u011btidenn\u00edho kl\u00e1n\u00ed obsadil Tom\u00e1\u0161 Tlamka celkov\u011b skv\u011bl\u00e9, 12. m\u00edsto! Bravo &#8222;Contador&#8220;. A d\u00edky za vzorn\u00e9 repre MORAVCE! A samo, \u017ee i \u010ceska! Zde m\u016f\u017eete u\u017e i studovat <a href=\"http:\/\/www.bikeandmore.it\/en\/mtb\/ue-european-youth-mtb-championships-graz\"><strong>kompletn\u00ed souhrnn\u00e9 v\u00fdsledky<\/strong><\/a>. V\u00fdborn\u00fd v\u00fdkon &#8222;lv\u00ed\u010dat&#8220; na ME nez\u00fastal bez pov\u0161imnut\u00ed an\u00ed \u010cSC &#8211; <a href=\"http:\/\/www.ceskysvazcyklistiky.cz\/clanek\/4980_tri-bronzy-nasich-mladych-bikeru-na-me\"><strong>mrkn\u011bte<\/strong>.<\/a>..<\/p>\n<figure id=\"attachment_5265\" aria-describedby=\"caption-attachment-5265\" style=\"width: 453px\" class=\"wp-caption alignnone\"><a href=\"http:\/\/www.moravecteam.cz\/?attachment_id=5265\" rel=\"attachment wp-att-5265\"><img decoding=\"async\" loading=\"lazy\" class=\"size-full wp-image-5265\" alt=\"mms_20160819_6\" src=\"http:\/\/www.moravecteam.cz\/wp-content\/uploads\/2016\/08\/mms_20160819_6.jpg\" width=\"453\" height=\"457\" srcset=\"https:\/\/www.moravecteam.cz\/wp-content\/uploads\/2016\/08\/mms_20160819_6.jpg 453w, https:\/\/www.moravecteam.cz\/wp-content\/uploads\/2016\/08\/mms_20160819_6-25x25.jpg 25w, https:\/\/www.moravecteam.cz\/wp-content\/uploads\/2016\/08\/mms_20160819_6-297x300.jpg 297w\" sizes=\"(max-width: 453px) 100vw, 453px\" \/><\/a><figcaption id=\"caption-attachment-5265\" class=\"wp-caption-text\">Tomovi k\u00e1mo\u0161 spolu s n\u00edm pod bojovou z\u00e1stavou MORAVEC Teamu. Ta si v Grazu u\u017eila prvn\u00edho pobytu v zahrani\u010d\u00ed&#8230;A asi zdaleka ne posledn\u00edho&#8230;.<\/figcaption><\/figure>\n<p style=\"text-align: justify;\"><span style=\"color: #800000;\"><strong><span style=\"font-size: 18px; line-height: 1.33333;\">4. den, \u010dtvrtek 18. srpna 2016 &#8211; MTB maraton<\/span><\/strong><\/span><\/p>\n<p style=\"text-align: justify;\"><strong><span style=\"color: #800000;\">\u0160v\u00fdcarsk\u00e1 a \u010cesk\u00e1 bikov\u00e1 \u0161kola slavila \u00fasp\u011bch v p\u0159edposledn\u00edm kl\u00e1n\u00ed el\u00e9v\u016f na Mistrovstv\u00ed Evropy \u017e\u00e1k\u016f a kadet\u016f v rakousk\u00e9m Grazu, kter\u00fdm byl ve \u010dtvrtek MTB maraton na distanci 12 km.\u00a0V \u017e\u00e1kovsk\u00e9 kategorii obsadili prvn\u00edch sedm m\u00edst pr\u00e1v\u011b a pouze borci ze dvou jmenovan\u00fdch cyklistick\u00fdch velmoc\u00ed, p\u0159i\u010dem\u017e co se chlapc\u016f t\u00fd\u010de, byli\u00a0\u0160v\u00fdca\u0159i\u00a0oproti \u010cech\u016fm v p\u0159esile v pom\u011bru 5:2&#8230;<\/span> <\/strong><\/p>\n<figure id=\"attachment_5254\" aria-describedby=\"caption-attachment-5254\" style=\"width: 707px\" class=\"wp-caption alignnone\"><a href=\"http:\/\/www.moravecteam.cz\/?attachment_id=5254\" rel=\"attachment wp-att-5254\"><img decoding=\"async\" loading=\"lazy\" class=\" wp-image-5254\" alt=\"mms_20160818_2\" src=\"http:\/\/www.moravecteam.cz\/wp-content\/uploads\/2016\/08\/mms_20160818_2.jpg\" width=\"707\" height=\"480\" srcset=\"https:\/\/www.moravecteam.cz\/wp-content\/uploads\/2016\/08\/mms_20160818_2.jpg 707w, https:\/\/www.moravecteam.cz\/wp-content\/uploads\/2016\/08\/mms_20160818_2-300x203.jpg 300w\" sizes=\"(max-width: 707px) 100vw, 707px\" \/><\/a><figcaption id=\"caption-attachment-5254\" class=\"wp-caption-text\">Po druh\u00e9 si mohl Tom\u00e1\u0161 Tlamka &#8222;Contador&#8220; u\u017e\u00edvat v Grazu p\u00f3dia pro nejlep\u0161\u00ed!<\/figcaption><\/figure>\n<p style=\"text-align: justify;\">I ve \u010dtvrtek n\u00e1m ud\u011blal velkou radost <span style=\"color: #800000;\"><strong>Tom\u00e1\u0161 Tlamka &#8222;Contador&#8220;.<\/strong>\u00a0<span style=\"color: #000000;\">Byl to pr\u00e1v\u011b on,\u00a0kter\u00fd\u00a0<\/span><\/span><span style=\"color: #000000;\">\u00a0<\/span>ziskem sedm\u00e9ho m\u00edsta v na\u0161lapan\u00e9 konkurenci 120 (!) biker\u016f naru\u0161il spolu s Davidem \u0160ulcem (ten vybojoval dokonce\u00a0bronz!) \u0161v\u00fdcarskou hegemonii&#8230; Tra\u0165 z\u00e1vodu dlouh\u00e1 12 km \u00a0byla charakteru 6 km &#8222;nahoru&#8220;, 6 km &#8222;dol\u016f&#8220;, p\u0159i\u010dem\u017e pod slovem &#8222;nahoru&#8220; rozum\u011bjte skute\u010dn\u00e1 t\u011b\u017ek\u00e1 stoup\u00e1n\u00ed, m\u00edsty hrani\u010d\u00edc\u00ed s extr\u00e9mem a ot\u00e1zkou,\u00a0zda ten \u010di onen \u00fasek trat\u011b je mo\u017en\u00e9 v\u016fbec vyjet&#8230; \u017de mlad\u00ed bike\u0159i \u010dasto zoufale hledali, co \u017ee za &#8222;ve\u010dern\u00ed\u010dka&#8220; m\u016f\u017eou je\u0161t\u011b za dan\u00e9 situace\u00a0na sv\u00e9m stroji za\u0159adit, je v celku pochopiteln\u00e9&#8230; Sjezd ve druh\u00e9 polovin\u011b trat\u011b byl t\u00edm sam\u00fdm extr\u00e9mem s &#8211; tak \u0159\u00edkaj\u00edc &#8211; &#8222;opa\u010dn\u00fdm znam\u00e9nkem&#8220;&#8230; P\u0159\u00edkr\u00e1 kles\u00e1n\u00ed na hranic\u00edch\u00a0sj\u00edzdnosti, ne z\u0159\u00eddka kamenit\u00e9 podlo\u017e\u00ed s rizikem prora\u017een\u00ed pneu, \u0161otolina, ko\u0159eny&#8230;<\/p>\n<figure id=\"attachment_5253\" aria-describedby=\"caption-attachment-5253\" style=\"width: 537px\" class=\"wp-caption alignnone\"><a href=\"http:\/\/www.moravecteam.cz\/?attachment_id=5253\" rel=\"attachment wp-att-5253\"><img decoding=\"async\" loading=\"lazy\" class=\" wp-image-5253\" alt=\"mms_20160818\" src=\"http:\/\/www.moravecteam.cz\/wp-content\/uploads\/2016\/08\/mms_20160818.jpg\" width=\"537\" height=\"480\" srcset=\"https:\/\/www.moravecteam.cz\/wp-content\/uploads\/2016\/08\/mms_20160818.jpg 537w, https:\/\/www.moravecteam.cz\/wp-content\/uploads\/2016\/08\/mms_20160818-300x268.jpg 300w\" sizes=\"(max-width: 537px) 100vw, 537px\" \/><\/a><figcaption id=\"caption-attachment-5253\" class=\"wp-caption-text\">V\u010dera byl &#8222;Contador&#8220; ve st\u0159edu pozornosti nezn\u00e1m\u00e9 \u010cern\u00e9 d\u00e1my&#8230;. Dnes byl pro zm\u011bnu v pozornosti zn\u00e1m\u00e9 b\u00edl\u00e9 d\u00e1my &#8211; tren\u00e9rky Soni Jurkov\u00e9!<\/figcaption><\/figure>\n<p style=\"text-align: justify;\">Zkr\u00e1tka evropsk\u00e1 omladina si ve \u010dtvrtek na trat\u00edch MTB maratonu v Grazu docela &#8222;zobla&#8220;&#8230;\u00a0\u00a0O to v\u00edc t\u011b\u0161\u00ed, s jakou bravurou se s popisovan\u00fdmi skute\u010dnostmi porval n\u00e1\u0161 mlad\u00fd talent <span style=\"color: #800000;\"><strong>Tom\u00e1\u0161 Tlamka &#8222;Contador&#8220;<\/strong><\/span>, kter\u00fd u\u017e na sv\u00e9m prvn\u00edm velk\u00e9m mezin\u00e1rodn\u00edm kl\u00e1n\u00ed\u00a0 jasn\u011b dokazuje v r\u00e1mci\u00a0 kategorie svoji p\u0159\u00edslu\u0161nost k u\u017e\u0161\u00ed evropsk\u00e9 \u0161pi\u010dce! Bronzem Davida \u0160ulce medailov\u00e1 sb\u00edrka\u00a0z MTB maratonu pro \u010cesko neskon\u010dila: mezi \u017e\u00e1kyn\u011bmi ud\u011blala radost tren\u00e9ru Sovovi\u00a0ziskem st\u0159\u00edbra Zuzka Kadlecov\u00e1, kter\u00e1 nesta\u010dila pouze na, koho jin\u00e9ho ne\u017e &#8211; \u0160v\u00fdcarku &#8211; \u00a0Veru Schmid.\u00a0\u00a0\u00a0Zde ji\u017e okoukn\u011bte kompletn\u00ed <strong><a href=\"http:\/\/my1.raceresult.com\/59582\/results?lang=de#1_F454D9\">v\u00fdsledky<\/a>,\u00a0<\/strong>na kter\u00e9 je fakt radost pohled\u011bt&#8230; Kontinent\u00e1ln\u00ed \u0161ampion\u00e1t vyvrchol\u00ed v Grazu z\u00edtra klasick\u00fdm z\u00e1vodem XCO, &#8222;Contador&#8220; startuje v 11.30, no a Vy u\u017e dob\u0159e v\u00edte, co je t\u0159eba v tomto \u010dase\u00a0ud\u011blat&#8230;<\/p>\n<h5><span style=\"color: #800000;\">3. den, st\u0159eda 17. srpna 2016 &#8211; MTB kombinace<\/span><\/h5>\n<p style=\"text-align: justify;\"><strong><span style=\"color: #800000;\">Ot\u00e1\u010dky se v Grazu v r\u00e1mci \u017e\u00e1kovsk\u00e9ho a kadetsk\u00e9ho evropesk\u00e9ho \u0161ampion\u00e1tu zvy\u0161uj\u00ed. Po z\u00e1vodch dru\u017estev a \u0161tafet za\u010dalo j\u00edt ve st\u0159edu skute\u010dn\u011b do tuh\u00e9ho: jela se atraktivn\u00ed MTB kombinace: kombinovan\u00fd z\u00e1vod slo\u017een\u00fd z MTB technick\u00fdch sekc\u00ed a klasick\u00e9ho XCO. A barvy \u010ceska byly op\u011bt hodn\u011b v pop\u0159ed\u00ed!<\/span><\/strong><\/p>\n<figure id=\"attachment_5236\" aria-describedby=\"caption-attachment-5236\" style=\"width: 412px\" class=\"wp-caption aligncenter\"><a href=\"http:\/\/www.moravecteam.cz\/?attachment_id=5236\" rel=\"attachment wp-att-5236\"><img decoding=\"async\" loading=\"lazy\" class=\"size-full wp-image-5236 \" alt=\"mms_20160817_2\" src=\"http:\/\/www.moravecteam.cz\/wp-content\/uploads\/2016\/08\/mms_20160817_2.jpg\" width=\"412\" height=\"401\" srcset=\"https:\/\/www.moravecteam.cz\/wp-content\/uploads\/2016\/08\/mms_20160817_2.jpg 412w, https:\/\/www.moravecteam.cz\/wp-content\/uploads\/2016\/08\/mms_20160817_2-25x25.jpg 25w, https:\/\/www.moravecteam.cz\/wp-content\/uploads\/2016\/08\/mms_20160817_2-300x291.jpg 300w\" sizes=\"(max-width: 412px) 100vw, 412px\" \/><\/a><figcaption id=\"caption-attachment-5236\" class=\"wp-caption-text\">Tom\u00e1\u0161 Tlamka &#8222;Contador&#8220; m\u00e1 i po sv\u00e9m dosavadn\u00edm kr\u00e1tk\u00e9m p\u016fsoben\u00ed v Grazu u\u017e i ctitelku! Jeho v\u00fdkon v\u00fdborn\u00fd v technick\u00fdch sekc\u00edch bedliv\u011b sledovala i nezn\u00e1m\u00e1 \u010dern\u00e1 d\u00e1ma&#8230;<\/figcaption><\/figure>\n<p style=\"text-align: justify;\">K na\u0161\u00ed velk\u00e9 radosti to bylo tentokr\u00e1t p\u0159edev\u0161\u00edm d\u00edky borci z MORAVEC Teamu &#8211; <span style=\"color: #800000;\"><strong>Tom\u00e1\u0161i Tlamkovi &#8222;Contadorovi&#8220;<\/strong><\/span>. Tom\u00e1\u0161 zajel u\u017e prvn\u00ed \u010d\u00e1st st\u0159ede\u010dn\u00ed &#8222;race&#8220;, kterou tvo\u0159ily \u00a0technick\u00e9 sekce, s minimem chyb a v druh\u00e9 \u010d\u00e1sti, z\u00e1vodu, na klasick\u00e9 cross country \u00a0trati potvrdil, \u017ee mu zdej\u0161\u00ed profilov\u011b n\u00e1ro\u010dn\u00fd okruh sed\u00ed. Do druh\u00e9 \u010d\u00e1sti z\u00e1vodu startovali borci Gunderssenovou metodou, kdy\u017e \u010dasov\u00e9 odstupy mezi nimi stanovily v\u00fdsledky pr\u00e1v\u011b z technick\u00fdch sekc\u00ed. Po v\u00fdte\u010dn\u00e9, dynamick\u00e9 j\u00edzd\u011b, v jej\u00edm\u017e pr\u016fb\u011bhu dok\u00e1zal &#8222;Contador&#8220; soustavn\u011b zrychlovat, z toho bylo v c\u00edli neskute\u010dn\u00e9, 5. m\u00edsto! Bravo &#8222;Contador&#8220;, bravo MORAVEC!<\/p>\n<figure id=\"attachment_5237\" aria-describedby=\"caption-attachment-5237\" style=\"width: 625px\" class=\"wp-caption alignnone\"><a href=\"http:\/\/www.moravecteam.cz\/?attachment_id=5237\" rel=\"attachment wp-att-5237\"><img decoding=\"async\" loading=\"lazy\" class=\" wp-image-5237\" alt=\"mms_20160817_3\" src=\"http:\/\/www.moravecteam.cz\/wp-content\/uploads\/2016\/08\/mms_20160817_3.jpg\" width=\"625\" height=\"480\" srcset=\"https:\/\/www.moravecteam.cz\/wp-content\/uploads\/2016\/08\/mms_20160817_3.jpg 625w, https:\/\/www.moravecteam.cz\/wp-content\/uploads\/2016\/08\/mms_20160817_3-300x230.jpg 300w\" sizes=\"(max-width: 625px) 100vw, 625px\" \/><\/a><figcaption id=\"caption-attachment-5237\" class=\"wp-caption-text\">Na\u0161i ji\u017en\u00ed p\u0159\u00e1tel\u00e9 jsou &#8211; co se po\u0159adatelstv\u00ed t\u00fd\u010de a konkr\u00e9tn\u011b p\u0159i odm\u011b\u0148ov\u00e1n\u00ed nejlep\u0161\u00edch &#8211; skute\u010dn\u00ed form\u00e1ti! Na bednu pozvali z kombinace hned 10 nejlep\u0161\u00edch borc\u016f! M\u00e1me se od nich v \u010cesku v\u011bru co u\u010dit&#8230;<\/figcaption><\/figure>\n<p style=\"text-align: justify;\">Kdy\u017e jsme p\u0159ed Grazem mapovali dosavadn\u00ed \u00fasp\u011bchy \u010dlen\u016f na\u0161eho odd\u00edlu v r\u00e1mci kontinent\u00e1ln\u00edch \u0161ampion\u00e1t\u016f, je jasn\u00e9, \u017ee sv\u00fdm um\u00edst\u011bn\u00edm v TOP 5, p\u0159epsal Tom\u00e1\u0161 v r\u00e1mci \u00fa\u010dasti na\u0161ich \u010dlen\u016f na MTB ME d\u011bjiny MORAVCE&#8230; Zde mrkn\u011bte na <strong><a href=\"http:\/\/my1.raceresult.com\/59582\/results?lang=de#1_B4EACD\">v\u00fdsledky ze st\u0159edy<\/a><\/strong>, kter\u00e9 potvrzuj\u00ed, co v\u00fd\u0161e uv\u00e1d\u00edm. Z\u00edtra, ve \u010dtvrtek 18. srpna, \u010dek\u00e1 &#8222;mla\u010fochy&#8220; pod Alpami dal\u0161\u00ed n\u00e1ro\u010dn\u00e1 &#8222;kl\u00e1da&#8220;: MTB maraton&#8230; No a Tom\u00e1\u0161 Tlamka &#8222;Conatdor&#8220; (a samoz\u0159ejm\u011b i dal\u0161\u00ed reprezentanti \u010ceska) budou op\u011bt p\u0159i tom! A my v duchu s n\u00edm a s nimi! A pale\u010dky op\u011bt zm\u00e1\u010dkneme, jako dnes, mocn\u011b! Pom\u00e1h\u00e1 to&#8230;<\/p>\n<h5><span style=\"color: #800000;\">2. den, \u00fater\u00fd 16. srpna 2016 &#8211;\u00a0z\u00e1vod \u0161tafet<\/span><\/h5>\n<p style=\"text-align: justify;\"><span style=\"color: #800000;\"><strong>V rakousk\u00e9m Grazu dnes pokra\u010dovalo druh\u00fdm dnem MTB Mistrovstv\u00ed Evropy \u017e\u00e1k\u016f a kadet\u016f za \u00fa\u010dasti borce z MORAVEC Teamu &#8211; Tom\u00e1\u0161e Tlamky &#8222;Contadora&#8220;. V \u00fater\u00fd byl programu byl z\u00e1vod\u00a0\u0161tafet, kter\u00e9 jsou letos toliko obl\u00edben\u00e9 a\u00a0atraktivn\u00ed\u00a0v r\u00e1mci\u00a0z\u00e1vod\u016f MTB &#8222;Vrchoviny&#8220;. A &#8222;\u0161\u0165\u00e1vu&#8220; m\u011bly i Grazu, by\u0165 to \u010cesku tentokr\u00e1t medailov\u011b nezacinkalo&#8230;<\/strong><\/span><\/p>\n<figure id=\"attachment_5216\" aria-describedby=\"caption-attachment-5216\" style=\"width: 632px\" class=\"wp-caption alignnone\"><a href=\"http:\/\/www.moravecteam.cz\/?attachment_id=5216\" rel=\"attachment wp-att-5216\"><img decoding=\"async\" loading=\"lazy\" class=\" wp-image-5216\" alt=\"mms_20160816\" src=\"http:\/\/www.moravecteam.cz\/wp-content\/uploads\/2016\/08\/mms_20160816.jpg\" width=\"632\" height=\"438\" srcset=\"https:\/\/www.moravecteam.cz\/wp-content\/uploads\/2016\/08\/mms_20160816.jpg 632w, https:\/\/www.moravecteam.cz\/wp-content\/uploads\/2016\/08\/mms_20160816-300x207.jpg 300w\" sizes=\"(max-width: 632px) 100vw, 632px\" \/><\/a><figcaption id=\"caption-attachment-5216\" class=\"wp-caption-text\">Na startovn\u00edm ro\u0161tu pond\u011bln\u00ed &#8222;race&#8220; &#8211; z\u00e1vodu dru\u017estev &#8211; &#8222;hl\u00eddek&#8220;.<\/figcaption><\/figure>\n<p style=\"text-align: justify;\">Stejn\u00e9 sestavy t\u00fdm\u016f z premi\u00e9rov\u00e9ho dne si to rozdaly v ve \u0161tafet\u00e1ch i v \u00fater\u00fd.\u00a0Z\u00e1vodn\u00ed\u00a0okruh v Grazu se vyzna\u010duje docela extr\u00e9mn\u00ed kopcovitou n\u00e1ro\u010dnost\u00ed a i za t\u011bchto okolnost\u00ed to v t\u00e9to disciplin\u011b dopadlo pro \u010cesko op\u011bt v\u00fdborn\u011b! Prvn\u00ed dru\u017estvo skon\u010dilo sice na nepopul\u00e1rn\u00edm, nevd\u011b\u010dn\u00e9m, \u010dtvrt\u00e9m m\u00edst\u011b a nezopakovalo tak sv\u016fj zlat\u00fd triumf z pond\u011bl\u00ed&#8230; Ale i toto um\u00edst\u011bn\u00ed m\u00e1 v na\u0161lapan\u00e9 evropsk\u00e9 konkurenci vysokou cenu! Druh\u00e1 \u0161tafeta, jej\u00edm\u017e jasn\u00fdm <a href=\"http:\/\/www.moravecteam.cz\/?attachment_id=5218\" rel=\"attachment wp-att-5218\"><img decoding=\"async\" loading=\"lazy\" class=\"size-full wp-image-5218 alignright\" title=\"Nov\u00e1 tv\u00e1\u0159 v reprezenta\u010dn\u00edm dresu: Tom\u00e1\u0161 Tlamka &quot;Conatdor&quot; (MORAVEC Team).\" alt=\"mms_20160816_2a\" src=\"http:\/\/www.moravecteam.cz\/wp-content\/uploads\/2016\/08\/mms_20160816_2a.jpg\" width=\"196\" height=\"300\" \/><\/a>l\u00eddrem je \u010dlen MORAVEC Teamu, <strong><span style=\"color: #800000;\">Tom\u00e1\u0161 Tlamka &#8222;Contador&#8220;,<\/span><\/strong> se tak\u00e9 m\u00e1lem ve\u0161la do TOP 10! Nakonec z toho bylo ve v\u00fdsledkov\u00e9m sum\u00e1\u0159i 12. m\u00edsto, kter\u00e9 je o to cenn\u011bj\u0161\u00ed, \u017ee n\u00e1\u0161 mlad\u00fd &#8222;repro\u0161&#8220; posunul svoje dru\u017estvo\u00a0 skv\u011blou, rychlou\u00a0\u00a0j\u00edzdou z pr\u016fb\u011b\u017en\u00e9ho 20. m\u00edsta, a\u017e na zmi\u0148ovan\u00e9, v\u00fdborn\u00e9 12. m\u00edsto! Op\u011bt uk\u00e1zal v\u00fdte\u010dnou pavahu st\u00edha\u010de a bikov\u00e9ho &#8222;hon\u00edc\u00edho psa&#8220;, pro kter\u00e9ho nen\u00ed \u017e\u00e1dn\u00fd soupe\u0159 k nedosti\u017en\u00fd a dal vzpomenout na skv\u011blou st\u00edhac\u00ed j\u00edzdu Radima Kov\u00e1\u0159e v\u00a0z\u00e1vod\u011b SP junior\u016f v r. 2011 v Offenburgu, kdy obdobn\u011b MORAVEC v\u00e1lcoval sv\u00e9 soupe\u0159e! Bravo Tom\u00a0&#8222;Contador&#8220;!\u00a0zde si <a href=\"http:\/\/my1.raceresult.com\/59582\/results?lang=de#1_66825F\">v\u00fdsledek ze \u0161tafet <\/a>m\u016f\u017eete ov\u011b\u0159it&#8230; Dvojici p\u011bkn\u00fdch \u00a0fotek, kter\u00e9 doprov\u00e1zej\u00ed tento \u010dl\u00e1nek, po\u0159\u00eddili v pond\u011bl\u00ed &#8211; vracej\u00edc se z dovolen\u00e9 z tepl\u00fdch, ji\u017en\u00edch kraj\u016f a zastaviv\u0161\u00ed se za Tomem v Grazu &#8211; man\u017eel\u00e9 Honza a Hanka \u0160indel\u00e1\u0159ovi a vytvo\u0159ili tak na\u0161emu mlad\u00e9mu reprezentantovi z\u00e1kladn\u00ed podp\u016frn\u00fd t\u00fdm, na kter\u00fd nav\u00e1\u017ee druh\u00fd podp\u016frn\u00fd t\u00fdm, kter\u00fd na &#8222;m\u00edsto \u010dinu&#8220; doraz\u00ed &#8211; vyzbrojen nejmocn\u011bj\u0161\u00ed odd\u00edlovou zbran\u00ed (tj. odd\u00edlov\u00fdm praporem), ve st\u0159edu.Tak\u017ee informace budeme m\u00edt vskutku z &#8222;prvn\u00ed ruky&#8220; a veskrze &#8222;hork\u00e9&#8220;&#8230; I z\u00edtra sem nezapome\u0148te tedy mrknout, v\u00fdkv\u011bt ml\u00e1de\u017enick\u00e9 Evropy se v Grazu &#8222;popasuje&#8220; v kombinovan\u00e9m z\u00e1vod\u011b: po technick\u00fdch sekc\u00edch p\u0159ijde na \u0159adu klasick\u00e9 cross country, p\u0159i\u010dem\u017e do druh\u00e9 f\u00e1ze sout\u011b\u017ee budou mlad\u00ed bike\u0159i po\u0161t\u011bni Gnderssenovou metodou. \u00a0A ur\u010dit\u011b v\u0161ichni (nejen) MORAVCI Tomovi op\u011bt zm\u00e1\u010dknou palce!<\/p>\n<h5><strong><span style=\"color: #800000;\">1. den, pond\u011bl\u00ed 15. srpna 2016 &#8211; z\u00e1vod dru\u017estev<\/span><\/strong><\/h5>\n<p style=\"text-align: justify;\"><strong style=\"text-align: justify; line-height: 1.5;\"><span style=\"color: #800000;\">V rakousk\u00e9m Grazu bylo dnes odstartov\u00e1no MTB Mistrovstv\u00ed Evropy \u017e\u00e1k\u016f a kadet\u016f za \u00fa\u010dasti borec MORAVEC Tamu &#8211; Tom\u00e1\u0161e Tlamky &#8222;Contadora&#8220;. Na programu \u00favodn\u00edho dne byl z\u00e1vod dru\u017estev a neza\u010dalo to pro n\u00e1s v\u016fbec \u0161patn\u011b&#8230;<\/span><\/strong><\/p>\n<p style=\"text-align: justify;\"><a href=\"http:\/\/www.moravecteam.cz\/?attachment_id=5209\" rel=\"attachment wp-att-5209\"><img decoding=\"async\" loading=\"lazy\" class=\"size-full wp-image-5209 alignleft\" title=\"Tom\u00e1\u0161 Tlamka &quot;Contador&quot; vybojoval v \u00favodn\u00edm z\u00e1vod\u011b MTB ME v rakousk\u00e9m Grazu v z\u00e1vod\u011b t\u0159\u00ed\u010dlenn\u00fdch dru\u017estev 32. m\u00edsto. \" alt=\"P1260841\" src=\"http:\/\/www.moravecteam.cz\/wp-content\/uploads\/2016\/08\/P1260841.jpg\" width=\"262\" height=\"315\" srcset=\"https:\/\/www.moravecteam.cz\/wp-content\/uploads\/2016\/08\/P1260841.jpg 262w, https:\/\/www.moravecteam.cz\/wp-content\/uploads\/2016\/08\/P1260841-249x300.jpg 249w\" sizes=\"(max-width: 262px) 100vw, 262px\" \/><\/a>\u00damysln\u011b p\u00ed\u0161i, \u017ee se jednalo o z\u00e1vod dru\u017estev, nikoli o z\u00e1vod \u0161tafet&#8230; celkem 60 t\u0159\u00ed\u010dlenn\u00fdch &#8222;man\u010daft\u016f&#8220; vyrazilo na tra\u0165 sou\u010dasn\u011b v hromadn\u00e9m startu, p\u0159i\u010dem\u017e c\u00edlov\u00fd \u010das toho kter\u00e9ho ka\u017ed\u00e9ho t\u00fdmu, byl stanoven nejpomalej\u0161\u00edm \u010dasem \u010dlena ka\u017ed\u00e9ho dru\u017estva. V prehistorick\u00fdch dob\u00e1ch biathlonu se jezdilo obdobn\u00fdm zp\u016fsobem a \u0159\u00edkalo se tomu z\u00e1vod hl\u00eddek&#8230; Co obn\u00e1\u0161\u00ed tento zp\u016fsob z\u00e1vod\u011bn\u00ed z hlediska taktiky? Odpov\u011b\u010f je v celku jednoduch\u00e1: uzp\u016fsobit tempo podle nejpomalej\u0161\u00edho \u010dlena t\u0159\u00ed\u010dlenn\u00e9 skupiny&#8230; A te\u010f u\u017e se dost\u00e1v\u00e1m k tomu, co se d\u011blo dnes v rakousk\u00e9m Grazu. Ze zm\u00edn\u011bn\u00fdch 60 ml\u00e1de\u017enick\u00fdch dru\u017estev, kter\u00e9 se postavily na start, byla sestava ve slo\u017een\u00ed Aneta Novotn\u00e1, Honza S\u00e1ska a n\u00e1\u0161\u00a0<strong><span style=\"color: #800000;\">Tom\u00e1\u0161 Tlamka &#8222;Contador&#8220;<\/span><\/strong> (Czech Republic 2) \u00a0klasifikov\u00e1na na 32. m\u00edst\u011b, kdy\u017e za sebou nechali mimo jin\u00fdch prvn\u00ed t\u00fdm y Slovinska a \u00a0Ma\u010farska a t\u00e9\u017e nap\u0159\u00edklad prvn\u00ed t\u00fdm Bavorska&#8230; Hlavn\u00ed \u0161tafeta \u010ceska ve slo\u017een\u00ed Kadlecov\u00e1 &#8211; Fiala &#8211; \u0160ulce zajela v\u00fdborn\u011b a po z\u00e1sluze vybojovala zlato! \u017de rozd\u00edly mezi jednotliv\u00fdmi bikov\u00fdmi dru\u017estvy byly minim\u00e1ln\u00ed (prvn\u00ed \u010dtafetu \u010ceska d\u011blilo od t\u00e9 druh\u00e9 pouh\u00fdch 11 vte\u0159in&#8230;), nemus\u00edm p\u0159ipom\u00ednat&#8230; Zde je ke studov\u00e1n\u00ed <strong><a href=\"http:\/\/my1.raceresult.com\/59582\/results?lang=de#1_E5F914\">v\u00fdsledkov\u00fd souhrn<\/a><\/strong> z dne\u0161ka, z\u00edtra zm\u00e1\u010dkneme &#8222;Contadorovi&#8220; a ostatn\u00edm na\u0161im palce p\u0159i j\u00edzd\u011b technick\u00e9 zru\u010dnosti. Tak\u017ee ve\u010der sem zase mrkn\u011bte a budete v obraze, jak to dopadlo&#8230;<\/p>\n","protected":false},"excerpt":{"rendered":"<p>5. den, p\u00e1tek 19. srpna 2016 &#8211; MTB XCO Z\u00e1vody v klasick\u00e9m cross country vyvrcholilo v p\u00e1tek v Grazu MTB Mistrovstv\u00ed Evropy \u017e\u00e1k\u016f a kadet\u016f za \u00fa\u010dasti \u010dlena MORAVEC Teamu &#8211; Tom\u00e1\u0161e Tlamky &#8222;Contadora&#8220;. Z\u00e1vod poznamenal no\u010dn\u00ed siln\u00fd d\u00e9\u0161\u0165, kter\u00fd ud\u011blal u\u017e tak z extr\u00e9mn\u011b t\u011b\u017ek\u00e9 trat\u011b je\u0161t\u011b t\u011b\u017e\u0161\u00ed..! V samotn\u00e9m z\u00e1vod\u011b si vybral n\u00e1\u0161 &hellip; <a href=\"https:\/\/www.moravecteam.cz\/?p=5200\" class=\"more-link\">Pokra\u010dov\u00e1n\u00ed textu <span class=\"screen-reader-text\">MTB ME U15-U17, Graz &#8211; 5<\/span> <span class=\"meta-nav\">&rarr;<\/span><\/a><\/p>\n","protected":false},"author":3,"featured_media":5235,"comment_status":"open","ping_status":"closed","sticky":false,"template":"","format":"standard","meta":[],"categories":[1],"tags":[],"_links":{"self":[{"href":"https:\/\/www.moravecteam.cz\/index.php?rest_route=\/wp\/v2\/posts\/5200"}],"collection":[{"href":"https:\/\/www.moravecteam.cz\/index.php?rest_route=\/wp\/v2\/posts"}],"about":[{"href":"https:\/\/www.moravecteam.cz\/index.php?rest_route=\/wp\/v2\/types\/post"}],"author":[{"embeddable":true,"href":"https:\/\/www.moravecteam.cz\/index.php?rest_route=\/wp\/v2\/users\/3"}],"replies":[{"embeddable":true,"href":"https:\/\/www.moravecteam.cz\/index.php?rest_route=%2Fwp%2Fv2%2Fcomments&post=5200"}],"version-history":[{"count":55,"href":"https:\/\/www.moravecteam.cz\/index.php?rest_route=\/wp\/v2\/posts\/5200\/revisions"}],"predecessor-version":[{"id":5308,"href":"https:\/\/www.moravecteam.cz\/index.php?rest_route=\/wp\/v2\/posts\/5200\/revisions\/5308"}],"wp:featuredmedia":[{"embeddable":true,"href":"https:\/\/www.moravecteam.cz\/index.php?rest_route=\/wp\/v2\/media\/5235"}],"wp:attachment":[{"href":"https:\/\/www.moravecteam.cz\/index.php?rest_route=%2Fwp%2Fv2%2Fmedia&parent=5200"}],"wp:term":[{"taxonomy":"category","embeddable":true,"href":"https:\/\/www.moravecteam.cz\/index.php?rest_route=%2Fwp%2Fv2%2Fcategories&post=5200"},{"taxonomy":"post_tag","embeddable":true,"href":"https:\/\/www.moravecteam.cz\/index.php?rest_route=%2Fwp%2Fv2%2Ftags&post=5200"}],"curies":[{"name":"wp","href":"https:\/\/api.w.org\/{rel}","templated":true}]}}