{"id":5295,"date":"2016-08-20T22:41:24","date_gmt":"2016-08-20T20:41:24","guid":{"rendered":"http:\/\/www.moravecteam.cz\/?p=5295"},"modified":"2016-08-23T11:34:24","modified_gmt":"2016-08-23T09:34:24","slug":"v-holicich-se-tocila-kola","status":"publish","type":"post","link":"https:\/\/www.moravecteam.cz\/?p=5295","title":{"rendered":"Po holick\u00fdch silnic\u00edch&#8230;"},"content":{"rendered":"<p style=\"text-align: justify;\"><strong><span style=\"color: #800000;\">&#8230;mocn\u011b rotovala kola, tentokr\u00e1t ne ta motokrosov\u00e1, jak zde oby\u010dejn\u011b b\u00fdv\u00e1 zvykem, ale cyklistick\u00e1. V sobotu se zde jel dal\u0161\u00ed z\u00e1vod \u010cesk\u00e9ho silni\u010dn\u00edho poh\u00e1ru ml\u00e1de\u017enick\u00fdch kategori\u00ed, p\u0159i\u010dem\u017e &#8222;barvy&#8220; na\u0161eho dd\u00edlu na startu nechyb\u011bly!\u00a0<\/span><\/strong><\/p>\n<p style=\"text-align: justify;\"><a href=\"http:\/\/www.moravecteam.cz\/?attachment_id=5309\" rel=\"attachment wp-att-5309\"><img decoding=\"async\" loading=\"lazy\" class=\"size-full wp-image-5309 alignleft\" title=\"Juniorsk\u00e1 \u010desk\u00e1 \u0161ampionka potvrdila na silnic\u00edch v okol\u00ed Holic svoji p\u0159evahu nad konkurenc\u00ed i v t\u00e9to silni\u010dn\u00ed cyklistick\u00e9 disciplin\u011b.\" alt=\"IMG_0227\" src=\"http:\/\/www.moravecteam.cz\/wp-content\/uploads\/2016\/08\/IMG_0227.jpg\" width=\"250\" height=\"300\" \/><\/a>Ad\u00e9la \u0160af\u00e1\u0159ov\u00e1 \u00a0(Nutrend Specialized) &#8211; dvojn\u00e1sobn\u00e1 mistryn\u011b \u010cR z leto\u0161n\u00edho silni\u010dn\u00edho \u0161ampion\u00e1tu v Kyjov\u011b si\u00a0i na silnic\u00edch v\u00a0okol\u00ed Holic \u00a0s konkurenc\u00ed pohr\u00e1la\u00a0obdobn\u011b,\u00a0na jarn\u00edm &#8222;mistr\u00e1ku&#8220; v Kyjov\u011b.\u00a0 Skv\u011ble na\u010dasovala tempo z\u00e1vodu, z \u010dela \u00a0pelotonku juniorek se prakticky &#8222;nehla&#8220; a v c\u00edli j\u00ed bylo zalou\u017eenou odm\u011bnou jist\u00e9 prvenstv\u00ed! Z\u00e1vod byl pro ni z\u00e1rove\u0148 pr\u016fpravou na silni\u010dn\u00ed kontinent\u00e1ln\u00ed \u0161ampion\u00e1t, na kter\u00fd se Adys ziskem jarn\u00edho mistrovsk\u00e9ho silni\u010dn\u00edho &#8222;doube&#8220; automaticky kvalifikovala, a kter\u00fd ji v\u00a0nast\u00e1vaj\u00edc\u00edm obdob\u00ed\u00a0\u010dek\u00e1! V den &#8222;D&#8220; a v \u010dase &#8222;\u010c&#8220; Ad\u00e9lce na Evrop\u011b samoz\u0159ejm\u011b \u00a0mocn\u011b zm\u00e1\u010dkneme pale\u010dky! Zde mrkn\u011bta na\u00a0<strong><a href=\"http:\/\/new.cyklovysledky.cz\/kalendar\/race\/5457\">v\u00fdsledkov\u00fd sum\u00e1\u0159<\/a>\u00a0<\/strong>z v\u00edkendov\u00fdch Holic.<\/p>\n","protected":false},"excerpt":{"rendered":"<p>&#8230;mocn\u011b rotovala kola, tentokr\u00e1t ne ta motokrosov\u00e1, jak zde oby\u010dejn\u011b b\u00fdv\u00e1 zvykem, ale cyklistick\u00e1. V sobotu se zde jel dal\u0161\u00ed z\u00e1vod \u010cesk\u00e9ho silni\u010dn\u00edho poh\u00e1ru ml\u00e1de\u017enick\u00fdch kategori\u00ed, p\u0159i\u010dem\u017e &#8222;barvy&#8220; na\u0161eho dd\u00edlu na startu nechyb\u011bly!\u00a0 Ad\u00e9la \u0160af\u00e1\u0159ov\u00e1 \u00a0(Nutrend Specialized) &#8211; dvojn\u00e1sobn\u00e1 mistryn\u011b \u010cR z leto\u0161n\u00edho silni\u010dn\u00edho \u0161ampion\u00e1tu v Kyjov\u011b si\u00a0i na silnic\u00edch v\u00a0okol\u00ed Holic \u00a0s konkurenc\u00ed pohr\u00e1la\u00a0obdobn\u011b,\u00a0na &hellip; <a href=\"https:\/\/www.moravecteam.cz\/?p=5295\" class=\"more-link\">Pokra\u010dov\u00e1n\u00ed textu <span class=\"screen-reader-text\">Po holick\u00fdch silnic\u00edch&#8230;<\/span> <span class=\"meta-nav\">&rarr;<\/span><\/a><\/p>\n","protected":false},"author":3,"featured_media":5310,"comment_status":"open","ping_status":"closed","sticky":false,"template":"","format":"standard","meta":[],"categories":[1],"tags":[],"_links":{"self":[{"href":"https:\/\/www.moravecteam.cz\/index.php?rest_route=\/wp\/v2\/posts\/5295"}],"collection":[{"href":"https:\/\/www.moravecteam.cz\/index.php?rest_route=\/wp\/v2\/posts"}],"about":[{"href":"https:\/\/www.moravecteam.cz\/index.php?rest_route=\/wp\/v2\/types\/post"}],"author":[{"embeddable":true,"href":"https:\/\/www.moravecteam.cz\/index.php?rest_route=\/wp\/v2\/users\/3"}],"replies":[{"embeddable":true,"href":"https:\/\/www.moravecteam.cz\/index.php?rest_route=%2Fwp%2Fv2%2Fcomments&post=5295"}],"version-history":[{"count":12,"href":"https:\/\/www.moravecteam.cz\/index.php?rest_route=\/wp\/v2\/posts\/5295\/revisions"}],"predecessor-version":[{"id":5315,"href":"https:\/\/www.moravecteam.cz\/index.php?rest_route=\/wp\/v2\/posts\/5295\/revisions\/5315"}],"wp:featuredmedia":[{"embeddable":true,"href":"https:\/\/www.moravecteam.cz\/index.php?rest_route=\/wp\/v2\/media\/5310"}],"wp:attachment":[{"href":"https:\/\/www.moravecteam.cz\/index.php?rest_route=%2Fwp%2Fv2%2Fmedia&parent=5295"}],"wp:term":[{"taxonomy":"category","embeddable":true,"href":"https:\/\/www.moravecteam.cz\/index.php?rest_route=%2Fwp%2Fv2%2Fcategories&post=5295"},{"taxonomy":"post_tag","embeddable":true,"href":"https:\/\/www.moravecteam.cz\/index.php?rest_route=%2Fwp%2Fv2%2Ftags&post=5295"}],"curies":[{"name":"wp","href":"https:\/\/api.w.org\/{rel}","templated":true}]}}