{"id":5318,"date":"2016-08-23T22:53:11","date_gmt":"2016-08-23T20:53:11","guid":{"rendered":"http:\/\/www.moravecteam.cz\/?p=5318"},"modified":"2016-08-23T23:06:19","modified_gmt":"2016-08-23T21:06:19","slug":"dve-pozvanky","status":"publish","type":"post","link":"https:\/\/www.moravecteam.cz\/?p=5318","title":{"rendered":"Dv\u011b pozv\u00e1nky:"},"content":{"rendered":"<p style=\"text-align: justify;\"><strong><span style=\"color: #800000;\">Sez\u00f3na z\u00e1vod\u016f cross country jde nezadr\u017eiteln\u011b do fini\u0161e. Minulou ned\u011bli se odjel v brazilsk\u00e9m Rio de Janeiro TOP z\u00e1vod leto\u0161n\u00edho roku a na n\u011bj n\u00e1sledn\u011b nav\u00e1\u017e\u00ed dal\u0161\u00ed dva vrcholy olympijsk\u00e9 MTB sez\u00f3ny r. 2016&#8230;<\/span><\/strong><\/p>\n<ul>\n<li style=\"text-align: justify;\">T\u00edm prvn\u00edm bude o posledn\u00edm pr\u00e1zdninov\u00e9m v\u00edkendu tradi\u010dn\u00ed z\u00e1vod v Ostrav\u011b &#8211; B\u011blsk\u00e9m lese &#8211; <span style=\"color: #800000;\"><strong>Ostravsk\u00fd Chachar<\/strong><\/span>. Z\u00e1vod se statutem UCI2, kter\u00fd se jede z\u00e1rove\u0148 jako bikov\u00fd \u0161ampion\u00e1t Slezka, bude po olympijsk\u00e9 &#8222;race&#8220; prvn\u00ed velkou akc\u00ed, kde se ur\u010dit\u011b nech\u00e1 spat\u0159it v ostr\u00e9 akci nejeden biker \u010di bikerka, kte\u0159\u00ed byli v Riu ost\u0159e p\u0159i tom. Barvy MORAVCE jsou pravideln\u011b naz\u00e1vodn\u00edch \u00a0trat\u00edch v B\u011blsk\u00e9m lese \u00fa\u010dastny od sam\u00e9ho po\u010d\u00e1tku tohoto supr z\u00e1vodu, jeho\u017e duchovn\u00edm otcem nen\u00ed nikdo jin\u00fd ne\u017e n\u00e1\u0161eln\u00edk Severomaravsk\u00fdch bikov\u00fdch &#8222;kmen\u016f&#8220; a n\u00e1\u0161 dlouholet\u00fd kamar\u00e1d <span style=\"color: #800000;\"><strong>Martin \u0160\u00edma<\/strong><\/span>. A MORAVEC na Chacharu nebude chyb\u011bt ani letos! Ve v\u011bci Va\u0161\u00ed p\u0159\u00edpadn\u00e9 \u00fa\u010dasti kontaktujte na\u0161e tren\u00e9ry &#8211; V\u00edti Prudka a Milana Tlamky, v jejich\u017e kompetenci je nominace na tento presti\u017en\u00ed z\u00e1vod. V \u0161e o bl\u00ed\u017e\u00edc\u00ed se race v Ostrav\u011b \u00a0&#8211; B\u011blsk\u00e9m lese <strong><a href=\"http:\/\/www.ostravskychachar.cz\/\">naleznete zde<\/a><\/strong>.<\/li>\n<li style=\"text-align: justify;\">No a druh\u00fdm vrcholem budou beze sporu z\u00e1v\u011bre\u010dn\u00e9 z\u00e1vody &#8222;P\u0159eboru Vesmiru&#8220;, jak naz\u00fdv\u00e1 MTB Poh\u00e1r Drahansk\u00e9 vrchoviny jedna z legend \u010desk\u00e9ho biku, a jej\u00ed pravideln\u00fd \u00fa\u010dastn\u00edk, Du\u0161an Olejn\u00ed\u010dek. P\u0159esto, \u017ee mlad\u00ed rajd\u0159i MORAVEC junior Teamu maj\u00ed sout\u011b\u017e vesm\u011bs velmi dob\u0159e rozjetou, napl\u00e1noval odd\u00edl na dny<strong><span style=\"color: #800000;\"> 2. a\u017e 4. z\u00e1\u0159\u00ed 2016 (od p\u00e1tku do ned\u011ble)<\/span> <\/strong>pro d\u011bti tr\u00e9ninkov\u00e9 skupiny tren\u00e9ra Milana Tlamky p\u0159ed posledn\u00edmi dv\u011bma z\u00e1vody &#8222;Vrchoviny&#8220; <strong><span style=\"color: #800000;\">p\u0159\u00edpravn\u00e9 soust\u0159ed\u011bn\u00ed.<\/span><\/strong> Z\u00e1kladna bude v Jedovnic\u00edch na rybn\u00edku Ol\u0161ovec a pobyt (ubytov\u00e1n\u00ed d\u011btem uhrad\u00ed odd\u00edl) bude samoz\u0159ejm\u011b vypln\u011bn nejen bicyklovou tr\u00e9ninkovou \u0159ehol\u00ed. Nominaci na tento kemp m\u00e1 v kompetenci pr\u00e1v\u011b Milan Tlamka, kter\u00e9mu s p\u0159\u00edpravou pom\u016f\u017ee jeho asistentka Nikola Hlubinkov\u00e1. Tak\u017ee, kdo z V\u00e1s chce p\u0159ed z\u00e1v\u011brem MTB &#8222;Vrchoviny&#8220; optim\u00e1ln\u011b vyladit formu, p\u0159ihlaste se Milanovi co nejd\u0159\u00edve!<\/li>\n<\/ul>\n","protected":false},"excerpt":{"rendered":"<p>Sez\u00f3na z\u00e1vod\u016f cross country jde nezadr\u017eiteln\u011b do fini\u0161e. Minulou ned\u011bli se odjel v brazilsk\u00e9m Rio de Janeiro TOP z\u00e1vod leto\u0161n\u00edho roku a na n\u011bj n\u00e1sledn\u011b nav\u00e1\u017e\u00ed dal\u0161\u00ed dva vrcholy olympijsk\u00e9 MTB sez\u00f3ny r. 2016&#8230; T\u00edm prvn\u00edm bude o posledn\u00edm pr\u00e1zdninov\u00e9m v\u00edkendu tradi\u010dn\u00ed z\u00e1vod v Ostrav\u011b &#8211; B\u011blsk\u00e9m lese &#8211; Ostravsk\u00fd Chachar. Z\u00e1vod se statutem UCI2, &hellip; <a href=\"https:\/\/www.moravecteam.cz\/?p=5318\" class=\"more-link\">Pokra\u010dov\u00e1n\u00ed textu <span class=\"screen-reader-text\">Dv\u011b pozv\u00e1nky:<\/span> <span class=\"meta-nav\">&rarr;<\/span><\/a><\/p>\n","protected":false},"author":3,"featured_media":5323,"comment_status":"open","ping_status":"closed","sticky":false,"template":"","format":"standard","meta":[],"categories":[11],"tags":[],"_links":{"self":[{"href":"https:\/\/www.moravecteam.cz\/index.php?rest_route=\/wp\/v2\/posts\/5318"}],"collection":[{"href":"https:\/\/www.moravecteam.cz\/index.php?rest_route=\/wp\/v2\/posts"}],"about":[{"href":"https:\/\/www.moravecteam.cz\/index.php?rest_route=\/wp\/v2\/types\/post"}],"author":[{"embeddable":true,"href":"https:\/\/www.moravecteam.cz\/index.php?rest_route=\/wp\/v2\/users\/3"}],"replies":[{"embeddable":true,"href":"https:\/\/www.moravecteam.cz\/index.php?rest_route=%2Fwp%2Fv2%2Fcomments&post=5318"}],"version-history":[{"count":5,"href":"https:\/\/www.moravecteam.cz\/index.php?rest_route=\/wp\/v2\/posts\/5318\/revisions"}],"predecessor-version":[{"id":5324,"href":"https:\/\/www.moravecteam.cz\/index.php?rest_route=\/wp\/v2\/posts\/5318\/revisions\/5324"}],"wp:featuredmedia":[{"embeddable":true,"href":"https:\/\/www.moravecteam.cz\/index.php?rest_route=\/wp\/v2\/media\/5323"}],"wp:attachment":[{"href":"https:\/\/www.moravecteam.cz\/index.php?rest_route=%2Fwp%2Fv2%2Fmedia&parent=5318"}],"wp:term":[{"taxonomy":"category","embeddable":true,"href":"https:\/\/www.moravecteam.cz\/index.php?rest_route=%2Fwp%2Fv2%2Fcategories&post=5318"},{"taxonomy":"post_tag","embeddable":true,"href":"https:\/\/www.moravecteam.cz\/index.php?rest_route=%2Fwp%2Fv2%2Ftags&post=5318"}],"curies":[{"name":"wp","href":"https:\/\/api.w.org\/{rel}","templated":true}]}}