{"id":5327,"date":"2016-08-26T22:30:58","date_gmt":"2016-08-26T20:30:58","guid":{"rendered":"http:\/\/www.moravecteam.cz\/?p=5327"},"modified":"2016-08-31T16:15:46","modified_gmt":"2016-08-31T14:15:46","slug":"pod-chlumy-ryzoviste","status":"publish","type":"post","link":"https:\/\/www.moravecteam.cz\/?p=5327","title":{"rendered":"Pod Chlumy r\u00fd\u017eovi\u0161t\u011b!"},"content":{"rendered":"<p style=\"text-align: justify;\"><span style=\"color: #800000;\"><strong>Posledn\u00ed srpnov\u00fd v\u00edkend Bo\u0159itov vzorn\u011b pohostil v\u00edce jak 160 rajdr\u016f p\u0159i dvan\u00e1ct\u00e9m pokra\u010dov\u00e1n\u00ed jubilejn\u00ed 15. MTB &#8222;Vrchoviny&#8220; a v tomto \u00factyhodn\u00e9m bikersk\u00e9m \u0161iku samoz\u0159ejm\u011b, \u017ee nechyb\u011bla siln\u00e1 \u00fadern\u00e1 skupina MORAVEC Teamu. Pravda, nebyla nejsiln\u011bj\u0161\u00ed, proto\u017ee &#8222;qartet&#8220; na\u0161ich TOP rajdr\u016f reprezentoval na presti\u017en\u00edm Ostarvsk\u00e9m Chacharu, kter\u00fd se s Bo\u0159itovem soub\u011b\u017en\u011b konal, a taky dozn\u00edvaj\u00edc\u00ed obdob\u00ed dovolen\u00fdch, poznamenalo \u00fa\u010dast MORAVC\u016e na tradi\u010dn\u00edm okruhu. I tak ale na\u0161e v\u00fdsledky z pod Chlum\u016f jsou op\u011bt v\u00fdborn\u00e9 a znovu se potvrdilo, \u017ee\u00a0na\u0161im &#8222;snajpr\u016fm&#8220; forma dr\u017e\u00ed, ba co v\u00edc, jde st\u00e1le nahoru!\u00a0<\/strong><\/span><\/p>\n<figure id=\"attachment_5377\" aria-describedby=\"caption-attachment-5377\" style=\"width: 674px\" class=\"wp-caption alignnone\"><a href=\"http:\/\/www.moravecteam.cz\/?attachment_id=5377\" rel=\"attachment wp-att-5377\"><img decoding=\"async\" loading=\"lazy\" class=\" wp-image-5377\" alt=\"IMG_0745\" src=\"http:\/\/www.moravecteam.cz\/wp-content\/uploads\/2016\/08\/IMG_0745.jpg\" width=\"674\" height=\"854\" srcset=\"https:\/\/www.moravecteam.cz\/wp-content\/uploads\/2016\/08\/IMG_0745.jpg 674w, https:\/\/www.moravecteam.cz\/wp-content\/uploads\/2016\/08\/IMG_0745-236x300.jpg 236w\" sizes=\"(max-width: 674px) 100vw, 674px\" \/><\/a><figcaption id=\"caption-attachment-5377\" class=\"wp-caption-text\">Na\u0161i medailovou sb\u00edrku z Bo\u0159itova &#8222;odstartovaly&#8220; spolehliv\u00e9 reprezentantky &#8211; Magdal\u00e9nka s Maru\u0161kou Borto\u0161ovic.<\/figcaption><\/figure>\n<p style=\"text-align: justify;\"><span style=\"line-height: 1.5;\">I druh\u00fd blok start\u016f n\u00e1m p\u0159inesl dv\u011b st\u0159\u00edbrn\u00e9 medailov\u00e9 radosti. Postarali se o n\u011b v kategorii star\u0161\u00edch \u017e\u00e1k\u016f a \u017e\u00e1ky\u0148 na\u0161i zku\u0161en\u00ed reprezentanti &#8211; <\/span><strong style=\"line-height: 1.5;\"><span style=\"color: #800000;\">Jakub Tesa\u0159<\/span><\/strong><span style=\"line-height: 1.5;\"> s <\/span><span style=\"color: #800000;\"><strong>Krist\u00fdnou Kol\u00e1\u0159ovou<\/strong><\/span><span style=\"line-height: 1.5;\">. Pouh\u00fdch p\u011bt vte\u0159inek od bronzu byla v z\u00e1vod\u011b d\u00edvek 9-10 let Barunka Tlamkov\u00e1, kter\u00e1 se nakonec musela v c\u00edli \u00a0spokojit, podobn\u011b jako \u00a0Jirka Zav\u0159el, s nepopul\u00e1rn\u00edm \u010dtvrt\u00fdm m\u00edstem&#8230;<\/span><\/p>\n<figure id=\"attachment_5381\" aria-describedby=\"caption-attachment-5381\" style=\"width: 654px\" class=\"wp-caption alignnone\"><a href=\"http:\/\/www.moravecteam.cz\/?attachment_id=5381\" rel=\"attachment wp-att-5381\"><img decoding=\"async\" loading=\"lazy\" class=\" wp-image-5381\" alt=\"IMG_0755\" src=\"http:\/\/www.moravecteam.cz\/wp-content\/uploads\/2016\/08\/IMG_07551.jpg\" width=\"654\" height=\"807\" srcset=\"https:\/\/www.moravecteam.cz\/wp-content\/uploads\/2016\/08\/IMG_07551.jpg 654w, https:\/\/www.moravecteam.cz\/wp-content\/uploads\/2016\/08\/IMG_07551-243x300.jpg 243w\" sizes=\"(max-width: 654px) 100vw, 654px\" \/><\/a><figcaption id=\"caption-attachment-5381\" class=\"wp-caption-text\">A dal\u0161\u00ed medailovou radost se n\u00e1m ostarala Bar\u010da Janovsk\u00e1. V jej\u00edm p\u0159\u00edpad\u011b to byla z &#8222;Vrchoviny&#8220; premi\u00e9rov\u00e1 &#8222;placka&#8220;!<\/figcaption><\/figure>\n<p style=\"text-align: justify;\">Medailov\u00fdmi zisky nejbohat\u0161\u00ed byl pro MORAVCE a\u017e z\u00e1v\u011bre\u010dn\u00fd, popoledn\u00ed start juniorsk\u00fdch a dosp\u011bl\u00fdch kategori\u00ed. K na\u0161\u00ed velk\u00e9 radosti se na zlat\u00e9 pozice v Bo\u0159itov\u011b vr\u00e1tila <strong><span style=\"color: #800000;\">Jana &#8222;D\u017eejn&#8220; Tesa\u0159ov\u00e1<\/span><\/strong>, kterou na &#8222;bednu&#8220; doprovodily jej\u00ed t\u00fdmov\u00e9 par\u0165a\u010dky &#8211; <strong><span style=\"color: #800000;\">Krist\u00fdna Haasov\u00e1<\/span><\/strong> s <span style=\"color: #800000;\"><strong>Monikou Kone\u010dnou<\/strong><\/span>. Spole\u010dn\u011b pak holky vybojovaly pro MORAVEC hattrick! Za ml\u00e1d\u00edm nez\u00fastali pozadu v popoledn\u00edm startu ani dosp\u011bl\u00ed reprezentanti MORAVCE. <span style=\"color: #800000;\"><strong>Katka Gottwaldov\u00e1<\/strong><\/span> s p\u0159ehledem ovl\u00e1dla z\u00e1vod \u017een, v &#8222;Mastrech&#8220; dvojka\u0159\u00edch i trojka\u0159\u00edch brali oba na\u0161i reprezentanti Martin Gottwald resp. star\u0161\u00ed <span style=\"color: #800000;\"><strong>Jirka \u0160t\u011bpan\u00edk<\/strong><\/span> st\u0159\u00edbro a v\u0161e zavr\u0161il ziskem bronzu v kategorii Masters II <strong><span style=\"color: #800000;\">Leo\u0161 Bal\u00e1k<\/span><\/strong>. Medailov\u00fd sum\u00e1\u0159 z Bo\u0159itova vypad\u00e1 pro MORAVEC tedy takto:<\/p>\n<ul>\n<li>D\u00edvky do 6 let<strong> &#8211; <span style=\"color: #808080;\">2. Magdalenka Barto\u0161ov\u00e1<\/span>, <span style=\"color: #993300;\">3. Maru\u0161ka Barto\u0161ov\u00e1<\/span><\/strong><\/li>\n<li>D\u00edvky 7-8 let &#8211;<span style=\"color: #993300;\">\u00a0<span style=\"font-weight: bold;\">3. Barborka Janovsk\u00e1<\/span><\/span><\/li>\n<li>Star\u0161\u00ed \u017e\u00e1ci \u2013\u00a0<span style=\"color: #808080;\"><span style=\"font-weight: bold;\">2. Jakub Tesa\u0159<\/span><\/span><\/li>\n<li>Star\u0161\u00ed \u017e\u00e1kyn\u011b &#8211;\u00a0<span style=\"color: #808080;\"><span style=\"font-weight: bold;\">2. Krist\u00fdna Kol\u00e1\u0159ov\u00e1<\/span><\/span><\/li>\n<li>Juniorky, kadetky \u2013\u00a0<span style=\"color: #ff9900;\"><span style=\"font-weight: bold;\">1. Jana Tesa\u0159ov\u00e1<\/span><\/span>,\u00a0<span style=\"color: #808080;\"><span style=\"font-weight: bold;\">2. Krist\u00fdna Haasov\u00e1<\/span><\/span>,\u00a0<span style=\"color: #800000;\"><span style=\"font-weight: bold;\">3.\u00a0<span style=\"color: #993300;\">Monika Kone\u010dn\u00e1<\/span><\/span><\/span><\/li>\n<li><span style=\"line-height: 1.5;\">Mu\u017ei Masters II &#8211;\u00a0<span style=\"font-weight: bold;\"><span style=\"color: #808080;\">2. Martin Gottwald<\/span><\/span>,\u00a0<span style=\"font-weight: bold;\"><span style=\"color: #993300;\">3. Leo\u0161 Bal\u00e1k<\/span><\/span><\/span><\/li>\n<li>Mu\u017ei Masters III &#8211; <span style=\"color: #808080;\"><strong>2. Jirka \u0160t\u011bpan\u00edk st.<\/strong><\/span><\/li>\n<li>\u017deny:\u00a0<strong><span style=\"color: #ff9900; line-height: 1.5;\">1. Kate\u0159ina Gottwaldov\u00e1<\/span><\/strong><\/li>\n<li>\u0160tafety: <span style=\"color: #ff9900;\"><strong>1.Barbora Tlamkov\u00e1, Karel Vinick\u00fd, V\u00ed\u0165a Such\u00e1nek<\/strong><\/span>, 2. Dominika Bezd\u00ed\u010dkov\u00e1, Am\u00e1lka Gottwaldov\u00e1, <span style=\"color: #808080;\"><strong>Martin Gottwald<\/strong><\/span><\/li>\n<\/ul>\n<figure id=\"attachment_5383\" aria-describedby=\"caption-attachment-5383\" style=\"width: 1011px\" class=\"wp-caption alignnone\"><a href=\"http:\/\/www.moravecteam.cz\/?attachment_id=5383\" rel=\"attachment wp-att-5383\"><img decoding=\"async\" loading=\"lazy\" class=\" wp-image-5383\" alt=\"P1080243\" src=\"http:\/\/www.moravecteam.cz\/wp-content\/uploads\/2016\/08\/P1080243.jpg\" width=\"1011\" height=\"1056\" srcset=\"https:\/\/www.moravecteam.cz\/wp-content\/uploads\/2016\/08\/P1080243.jpg 1011w, https:\/\/www.moravecteam.cz\/wp-content\/uploads\/2016\/08\/P1080243-25x25.jpg 25w, https:\/\/www.moravecteam.cz\/wp-content\/uploads\/2016\/08\/P1080243-287x300.jpg 287w, https:\/\/www.moravecteam.cz\/wp-content\/uploads\/2016\/08\/P1080243-980x1024.jpg 980w\" sizes=\"(max-width: 1011px) 100vw, 1011px\" \/><\/a><figcaption id=\"caption-attachment-5383\" class=\"wp-caption-text\">Po\u0159ad\u00ed v c\u00edli bylo tro\u0161ku jinak, ne\u017e na tomto \u00faseku trat\u011b&#8230; Ka\u017edop\u00e1dn\u011b z\u00e1vod juniorek a kadetek ovl\u00e1dly borky z MORAVEC Teamu!<\/figcaption><\/figure>\n<p style=\"text-align: justify;\">Slu\u0161\u00ed se p\u0159ipomenout, \u017ee na medaili m\u011bl z\u00e1vod junior\u016f a kadet\u016f rozjet\u00fd Karel Vinick\u00fd. Defekt zadn\u00edho kola ale v\u0161e zhatil&#8230; Jako ZORRO mstitel se pak p\u0159edvedl Karl\u016fv t\u00fdmov\u00fd kolega V\u00ed\u0165a Such\u00e1nek, kter\u00fd po bojovn\u00e9m v\u00fdkonu bral ten den pro n\u00e1s u\u017e t\u0159et\u00ed &#8222;bramboru&#8220;&#8230; D\u00edky pat\u0159\u00ed \u00a0v\u0161em MORAVC\u016eM za podlahov\u00e9 v\u00fdkony, k medailist\u016fm let\u00ed na\u0161e &#8222;gratulova\u010dka&#8220;! Zde studujte kompletn\u00ed <strong><a href=\"http:\/\/www.pohardrahanskevrchoviny.cz\/pod-chlumy-no-1-kubica\/\">v\u00fdsledkov\u00fd servis<\/a><\/strong> a tu\u0165 pak dv\u011b bohat\u00e9<strong>\u00a0<a href=\"http:\/\/moravecteam.rajce.idnes.cz\/2016.08.27._PDV_Boritov\/\">fotogalerie.<\/a><\/strong><\/p>\n<figure id=\"attachment_5384\" aria-describedby=\"caption-attachment-5384\" style=\"width: 1211px\" class=\"wp-caption alignnone\"><a href=\"http:\/\/www.moravecteam.cz\/?attachment_id=5384\" rel=\"attachment wp-att-5384\"><img decoding=\"async\" loading=\"lazy\" class=\" wp-image-5384\" alt=\"P1080227\" src=\"http:\/\/www.moravecteam.cz\/wp-content\/uploads\/2016\/08\/P1080227.jpg\" width=\"1211\" height=\"1249\" srcset=\"https:\/\/www.moravecteam.cz\/wp-content\/uploads\/2016\/08\/P1080227.jpg 1211w, https:\/\/www.moravecteam.cz\/wp-content\/uploads\/2016\/08\/P1080227-25x25.jpg 25w, https:\/\/www.moravecteam.cz\/wp-content\/uploads\/2016\/08\/P1080227-290x300.jpg 290w, https:\/\/www.moravecteam.cz\/wp-content\/uploads\/2016\/08\/P1080227-992x1024.jpg 992w\" sizes=\"(max-width: 1211px) 100vw, 1211px\" \/><\/a><figcaption id=\"caption-attachment-5384\" class=\"wp-caption-text\">I v Bo\u0159itov\u011b byl z\u00e1vod \u0161tafet &#8222;ko\u0159en\u00edm&#8220; sobotn\u00ed &#8222;race&#8220;. Pon\u011bkud netradi\u010dn\u00ed bylo i v\u00edt\u011bzn\u00e9 trio!<\/figcaption><\/figure>\n","protected":false},"excerpt":{"rendered":"<p>Posledn\u00ed srpnov\u00fd v\u00edkend Bo\u0159itov vzorn\u011b pohostil v\u00edce jak 160 rajdr\u016f p\u0159i dvan\u00e1ct\u00e9m pokra\u010dov\u00e1n\u00ed jubilejn\u00ed 15. MTB &#8222;Vrchoviny&#8220; a v tomto \u00factyhodn\u00e9m bikersk\u00e9m \u0161iku samoz\u0159ejm\u011b, \u017ee nechyb\u011bla siln\u00e1 \u00fadern\u00e1 skupina MORAVEC Teamu. Pravda, nebyla nejsiln\u011bj\u0161\u00ed, proto\u017ee &#8222;qartet&#8220; na\u0161ich TOP rajdr\u016f reprezentoval na presti\u017en\u00edm Ostarvsk\u00e9m Chacharu, kter\u00fd se s Bo\u0159itovem soub\u011b\u017en\u011b konal, a taky dozn\u00edvaj\u00edc\u00ed obdob\u00ed dovolen\u00fdch, &hellip; <a href=\"https:\/\/www.moravecteam.cz\/?p=5327\" class=\"more-link\">Pokra\u010dov\u00e1n\u00ed textu <span class=\"screen-reader-text\">Pod Chlumy r\u00fd\u017eovi\u0161t\u011b!<\/span> <span class=\"meta-nav\">&rarr;<\/span><\/a><\/p>\n","protected":false},"author":3,"featured_media":5376,"comment_status":"open","ping_status":"closed","sticky":false,"template":"","format":"standard","meta":[],"categories":[1],"tags":[],"_links":{"self":[{"href":"https:\/\/www.moravecteam.cz\/index.php?rest_route=\/wp\/v2\/posts\/5327"}],"collection":[{"href":"https:\/\/www.moravecteam.cz\/index.php?rest_route=\/wp\/v2\/posts"}],"about":[{"href":"https:\/\/www.moravecteam.cz\/index.php?rest_route=\/wp\/v2\/types\/post"}],"author":[{"embeddable":true,"href":"https:\/\/www.moravecteam.cz\/index.php?rest_route=\/wp\/v2\/users\/3"}],"replies":[{"embeddable":true,"href":"https:\/\/www.moravecteam.cz\/index.php?rest_route=%2Fwp%2Fv2%2Fcomments&post=5327"}],"version-history":[{"count":14,"href":"https:\/\/www.moravecteam.cz\/index.php?rest_route=\/wp\/v2\/posts\/5327\/revisions"}],"predecessor-version":[{"id":5433,"href":"https:\/\/www.moravecteam.cz\/index.php?rest_route=\/wp\/v2\/posts\/5327\/revisions\/5433"}],"wp:featuredmedia":[{"embeddable":true,"href":"https:\/\/www.moravecteam.cz\/index.php?rest_route=\/wp\/v2\/media\/5376"}],"wp:attachment":[{"href":"https:\/\/www.moravecteam.cz\/index.php?rest_route=%2Fwp%2Fv2%2Fmedia&parent=5327"}],"wp:term":[{"taxonomy":"category","embeddable":true,"href":"https:\/\/www.moravecteam.cz\/index.php?rest_route=%2Fwp%2Fv2%2Fcategories&post=5327"},{"taxonomy":"post_tag","embeddable":true,"href":"https:\/\/www.moravecteam.cz\/index.php?rest_route=%2Fwp%2Fv2%2Ftags&post=5327"}],"curies":[{"name":"wp","href":"https:\/\/api.w.org\/{rel}","templated":true}]}}