{"id":533,"date":"2015-05-11T08:00:49","date_gmt":"2015-05-11T06:00:49","guid":{"rendered":"http:\/\/www.moravecteam.cz\/?p=533"},"modified":"2015-05-11T13:58:23","modified_gmt":"2015-05-11T11:58:23","slug":"radim-kovar-drtil","status":"publish","type":"post","link":"https:\/\/www.moravecteam.cz\/?p=533","title":{"rendered":"Radim Kov\u00e1\u0159 drtil&#8230;"},"content":{"rendered":"<p style=\"text-align: justify;\"><span style=\"color: #800000;\"><strong>&#8230;konkurenci ve druh\u00e9m pokra\u010dov\u00e1n\u00ed bikov\u00e9ho v\u00edkendu ve Valchov\u011b p\u0159i MTB maratonu Valchovsk\u00fd Drti\u010d. Pouze on\u00a0s Pavlem V\u00e1\u0148ou se dok\u00e1zali v hlavn\u00edm z\u00e1vod\u011b na 50km dostat \u010dasem pod dv\u011b hodiny a stali se minulou ned\u011bli nepsan\u00fdmi bikov\u00fdmi bohat\u00fdry lesn\u00edch hvozd\u016f\u00a0mezi Valchovem, Boskovicemi, Kuni\u010dkami a N\u011bm\u010dicemi&#8230;\u00a0<\/strong><\/span><\/p>\n<p style=\"text-align: justify;\">Kdy\u017e jsem den p\u0159ed z\u00e1vodem prorokoval neuv\u011b\u0159iteln\u011b pracovit\u00fdm po\u0159adatel\u016fm v \u010dele s Pepou Bar\u00e1kem rekordn\u00ed \u00fa\u010dast, v\u011bd\u011bl jsem, o \u010dem mluv\u00edm&#8230; Nakonec se sice mnou odhadovan\u00e1 kv\u00f3ta 150 rajdr\u016f nenaplnila, ale i stovka z\u00fa\u010dastn\u011bn\u00fdch dala maratonu kone\u010dn\u011b r\u00e1z a \u0161mrnc, jak\u00fd si zaslou\u017e\u00ed. \u017de\u00a0se stal hlavn\u00ed z\u00e1vod na 50km ko\u0159ist\u00ed <span style=\"color: #800000;\"><strong>R\u00e1di Kov\u00e1\u0159e<\/strong><\/span>, n\u00e1s pot\u011b\u0161ilo, v\u017edy\u0165 jeho nejv\u011bt\u0161\u00ed soupe\u0159, v\u00fdborn\u00fd biker s \u017eokejsk\u00fdm jm\u00e9nem Pavel V\u00e1\u0148a je vyhl\u00e1\u0161en\u00fdm maratonsk\u00fdm specialistou a Radimovi byl d\u016fstojn\u00fdm i nebezpe\u010dn\u00fdm\u00a0sokem z\u00e1rove\u0148. Jen jim dv\u011bma se nakonec poda\u0159ilo poko\u0159it hranici dvou hodin. Pot\u011b\u0161ila n\u00e1s i <span style=\"color: #800000;\"><strong>Eva Zem\u00e1nkov\u00e1<\/strong><\/span>, st\u0159\u00edbrn\u00e1 na stejn\u00e9 distanci v z\u00e1vod\u011b elity \u017een.<\/p>\n<p style=\"text-align: justify;\">V\u00edce rajdr\u016f n\u00e1s reprezentovalo v z\u00e1vod\u011b na polovi\u010dn\u00ed trati 25km a mo\u017en\u00e1 i proto se n\u00e1m zde medailov\u011b\u00a0v\u00edce urodilo. Po dal\u0161\u00edch technick\u00fdch pot\u00ed\u017e\u00edch <span style=\"color: #800000;\"><strong>Dominika Prudka<\/strong> <\/span>(tentokr\u00e1t defekt &#8211; snad u\u017e si svoji m\u00edru sm\u016fly letos definitivn\u011b vybral), zasko\u010dil za sv\u00e9ho b\u00fdval\u00e9ho t\u00fdmov\u00e9ho kolegu v kategorii junior\u016f bezchybn\u011b <strong><span style=\"color: #800000;\">Patrik Kol\u00e1\u0159, <\/span><\/strong><span style=\"color: #000000;\">kter\u00fd\u00a0do kritick\u00e9ho\u00a0 Dom\u010dova okam\u017eiku kryl z\u00e1da dosavadn\u00edmu l\u00eddrovi j\u00edzdou v z\u00e1v\u011bsu na druh\u00e9m m\u00edst\u011b. &#8222;Double&#8220; na\u0161ich v t\u00e9to kategorii samoz\u0159ejm\u011b pot\u011b\u0161ilo a\u00a0na\u0161i radost\u00a0nikterak nesni\u017euje aktu\u00e1ln\u00ed jin\u00e1 Dom\u010dova t\u00fdmov\u00e1 p\u0159\u00edslu\u0161nost (GT Opportunity). Stejn\u011b tak pot\u011b\u0161ilo jist\u00e9 v\u00edt\u011bzstv\u00ed v kategorii dosp\u011bl\u00fdch sympatick\u00e9ho <span style=\"color: #800000;\"><strong>Luk\u00e1\u0161e Gregora<\/strong><\/span>, kter\u00fd se lep\u0161\u00ed z\u00e1vod od z\u00e1vodu a na &#8222;Drti\u010du&#8220; to jenom potvrdil. Luk\u00e1\u0161ovi budeme v nejbli\u017e\u0161\u00edch dnech dr\u017eet palce nejen na bikov\u00fdch trat\u00edch, ale\u00a0i p\u0159i pln\u011bn\u00ed jeho studijn\u00edch povinnost\u00ed. <\/span><\/p>\n<p style=\"text-align: justify;\">P\u016flmaraton zajely\u00a0medailov\u011b i dal\u0161\u00ed dv\u011b na\u0161e (je\u0161t\u011b ne) juniorky: z poh\u00e1ru za druh\u00e9 m\u00edsto se m\u016f\u017ee t\u011b\u0161it<strong><span style=\"color: #800000;\"> Jana\u00a0Tesa\u0159ov\u00e1, <\/span><\/strong><span style=\"color: #000000;\">a\u00a0t\u0159et\u00ed &#8222;fl\u00ed\u010dek&#8220; si vyjela <\/span><span style=\"color: #800000;\"><strong>Anna Zem\u00e1nkov\u00e1. <\/strong><span style=\"color: #000000;\">Spolu s Patrikem Kol\u00e1\u0159em jsou ob\u011b jmenovan\u00e9 laure\u00e1ty medailov\u00fdch ocen\u011bn\u00ed jak ze sobotn\u00edho Kame\u0148\u00e1ku, tak i z ned\u011bln\u00edho Drti\u010de (m\u00e1m te\u010f na mysli co se t\u00fd\u010de \u010dlen\u016f\u00a0na\u0161eho odd\u00edlu). Jinak nepsan\u00fdmi kr\u00e1li valchovsk\u00e9ho bikov\u00e9ho v\u00edkendu bychom\u00a0mohli bez uzard\u011bn\u00ed vyhl\u00e1sit eli\u0165\u00e1ka Pavla V\u00e1\u0148u a veter\u00e1na Leopolda Sp\u00e1\u010dila.<\/span><strong>\u00a0<\/strong><\/span><\/p>\n<p style=\"text-align: justify;\">Kompletn\u00ed \u00a0v\u00fdsledkov\u00fd servis\u00a0v\u010detn\u011b dosa\u017een\u00fdch \u010das\u016f najdete\u00a0 zde: <strong><a href=\"http:\/\/www.pohardrahanskevrchoviny.cz\/kamenak-drtic-bikovy-vikend-ve-valchove\/\">http:\/\/www.pohardrahanskevrchoviny.cz\/kamenak-drtic-bikovy-vikend-ve-valchove\/<\/a><\/strong><\/p>\n<p style=\"text-align: justify;\">Bohat\u00e1 fotogalerie je (v\u00edce jak sto fotek) je u\u017e te\u010f\u00a0k vid\u011bn\u00ed zde\u00a0: <strong><a href=\"http:\/\/moravecteam.rajce.idnes.cz\/2015.05.09_Valchovsky_Drtic\/\">http:\/\/moravecteam.rajce.idnes.cz\/2015.05.09_Valchovsky_Drtic\/<\/a><\/strong><\/p>\n<p style=\"text-align: justify;\">\n","protected":false},"excerpt":{"rendered":"<p>&#8230;konkurenci ve druh\u00e9m pokra\u010dov\u00e1n\u00ed bikov\u00e9ho v\u00edkendu ve Valchov\u011b p\u0159i MTB maratonu Valchovsk\u00fd Drti\u010d. Pouze on\u00a0s Pavlem V\u00e1\u0148ou se dok\u00e1zali v hlavn\u00edm z\u00e1vod\u011b na 50km dostat \u010dasem pod dv\u011b hodiny a stali se minulou ned\u011bli nepsan\u00fdmi bikov\u00fdmi bohat\u00fdry lesn\u00edch hvozd\u016f\u00a0mezi Valchovem, Boskovicemi, Kuni\u010dkami a N\u011bm\u010dicemi&#8230;\u00a0 Kdy\u017e jsem den p\u0159ed z\u00e1vodem prorokoval neuv\u011b\u0159iteln\u011b pracovit\u00fdm po\u0159adatel\u016fm v \u010dele &hellip; <a href=\"https:\/\/www.moravecteam.cz\/?p=533\" class=\"more-link\">Pokra\u010dov\u00e1n\u00ed textu <span class=\"screen-reader-text\">Radim Kov\u00e1\u0159 drtil&#8230;<\/span> <span class=\"meta-nav\">&rarr;<\/span><\/a><\/p>\n","protected":false},"author":3,"featured_media":540,"comment_status":"closed","ping_status":"open","sticky":false,"template":"","format":"standard","meta":[],"categories":[1],"tags":[],"_links":{"self":[{"href":"https:\/\/www.moravecteam.cz\/index.php?rest_route=\/wp\/v2\/posts\/533"}],"collection":[{"href":"https:\/\/www.moravecteam.cz\/index.php?rest_route=\/wp\/v2\/posts"}],"about":[{"href":"https:\/\/www.moravecteam.cz\/index.php?rest_route=\/wp\/v2\/types\/post"}],"author":[{"embeddable":true,"href":"https:\/\/www.moravecteam.cz\/index.php?rest_route=\/wp\/v2\/users\/3"}],"replies":[{"embeddable":true,"href":"https:\/\/www.moravecteam.cz\/index.php?rest_route=%2Fwp%2Fv2%2Fcomments&post=533"}],"version-history":[{"count":7,"href":"https:\/\/www.moravecteam.cz\/index.php?rest_route=\/wp\/v2\/posts\/533\/revisions"}],"predecessor-version":[{"id":542,"href":"https:\/\/www.moravecteam.cz\/index.php?rest_route=\/wp\/v2\/posts\/533\/revisions\/542"}],"wp:featuredmedia":[{"embeddable":true,"href":"https:\/\/www.moravecteam.cz\/index.php?rest_route=\/wp\/v2\/media\/540"}],"wp:attachment":[{"href":"https:\/\/www.moravecteam.cz\/index.php?rest_route=%2Fwp%2Fv2%2Fmedia&parent=533"}],"wp:term":[{"taxonomy":"category","embeddable":true,"href":"https:\/\/www.moravecteam.cz\/index.php?rest_route=%2Fwp%2Fv2%2Fcategories&post=533"},{"taxonomy":"post_tag","embeddable":true,"href":"https:\/\/www.moravecteam.cz\/index.php?rest_route=%2Fwp%2Fv2%2Ftags&post=533"}],"curies":[{"name":"wp","href":"https:\/\/api.w.org\/{rel}","templated":true}]}}