{"id":5333,"date":"2016-08-25T23:13:53","date_gmt":"2016-08-25T21:13:53","guid":{"rendered":"http:\/\/www.moravecteam.cz\/?p=5333"},"modified":"2016-08-31T16:20:37","modified_gmt":"2016-08-31T14:20:37","slug":"z-ov-bez-antracitu","status":"publish","type":"post","link":"https:\/\/www.moravecteam.cz\/?p=5333","title":{"rendered":"Z &#8222;OV&#8220; bez antracitu&#8230;"},"content":{"rendered":"<p style=\"text-align: justify;\"><span style=\"color: #800000;\"><strong>Po pravd\u011b \u0159e\u010deno, o toto beze sporu kvalitn\u00ed \u010dern\u00e9 uhl\u00ed, kter\u00fdm st\u00e1le tato lokalita p\u0159ekypuje,\u00a0n\u00e1m tentokr\u00e1t ani tak moc ne\u0161lo&#8230; V s\u00e1zce byly cenn\u00e9 kovy v podob\u011b zlata, st\u0159\u00edbra a bronzu p\u0159i dal\u0161\u00edm ro\u010dn\u00edku m\u00edstn\u00edho MTB TOP z\u00e1vodu &#8211; Ostarvsk\u00e9m Chacharu. &#8222;Race&#8220;, na kterou jezd\u00edme po l\u00e9ta pravideln\u011b, jsme nemohli vynechat samoz\u0159ejm\u011b ani letos a by\u0165 se term\u00ednov\u011b Chachar p\u0159ekryl (nejen) s MTB &#8222;Vrchovinou&#8220; v Bo\u0159itov\u011b, siln\u00e1 skupina \u010dty\u0159 biker\u016f MORAVEC Teamu n\u00e1s zde v sobotu reprezentovala vskutku skv\u011ble! \u00a0A na v\u00edc dva z nich si zde z pilnosti &#8222;st\u0159ihli&#8220; o den pozd\u011bji i MTB maraton. A v\u011b\u0159te, \u017ee dosa\u017een\u00e9 v\u00fdsledky v obou dnech mohly b\u00fdt je\u0161t\u011b lep\u0161\u00ed, kdyby po\u0159adatel\u00e9 tentokr\u00e1t po oba z\u00e1vodn\u00ed dny neselhali p\u0159i zna\u010den\u00ed trat\u00ed&#8230;<\/strong><\/span><\/p>\n<figure id=\"attachment_5387\" aria-describedby=\"caption-attachment-5387\" style=\"width: 607px\" class=\"wp-caption alignnone\"><a href=\"http:\/\/www.moravecteam.cz\/?attachment_id=5387\" rel=\"attachment wp-att-5387\"><img decoding=\"async\" loading=\"lazy\" class=\" wp-image-5387\" alt=\"mms_20160829_3\" src=\"http:\/\/www.moravecteam.cz\/wp-content\/uploads\/2016\/08\/mms_20160829_3.jpg\" width=\"607\" height=\"468\" srcset=\"https:\/\/www.moravecteam.cz\/wp-content\/uploads\/2016\/08\/mms_20160829_3.jpg 607w, https:\/\/www.moravecteam.cz\/wp-content\/uploads\/2016\/08\/mms_20160829_3-300x231.jpg 300w\" sizes=\"(max-width: 607px) 100vw, 607px\" \/><\/a><figcaption id=\"caption-attachment-5387\" class=\"wp-caption-text\">Dominik Prudek, jedna z v\u00fdrazn\u00fdch postav leto\u0161n\u00edho Ostravsk\u00e9ho Chachara. V sou\u010dtu obou z\u00e1vod\u016f vybojoval n\u00e1\u0161 borec mezi juniory celkov\u00e9 2. m\u00edsto!<\/figcaption><\/figure>\n<p style=\"text-align: justify;\">V sobotn\u00edm cross country doplatil na\u00a0miz\u00e9rii zna\u010den\u00ed\u00a0\u017e\u00e1kovsk\u00e9ho okruhu Tom\u00e1\u0161 Tlamka &#8222;Contador&#8220;, kter\u00fd &#8222;zakufroval&#8220; skute\u010dn\u011b hodn\u011b&#8230; A co bylo platn\u00e9, kdy\u017e sv\u016fj z\u00e1vod do t\u00e9 osudn\u00e9 chv\u00edle <a href=\"http:\/\/www.moravecteam.cz\/?attachment_id=5390\" rel=\"attachment wp-att-5390\"><img decoding=\"async\" loading=\"lazy\" class=\"size-full wp-image-5390 alignleft\" title=\"Ani\u010dka Zem\u00e1nkov\u00e1 nem\u011bla v Ostrav\u011b - B\u011blsk\u00e9m lese mezi kadetkymi konkurenci!\" alt=\"mms_20160829\" src=\"http:\/\/www.moravecteam.cz\/wp-content\/uploads\/2016\/08\/mms_20160829.jpg\" width=\"236\" height=\"295\" \/><\/a>suver\u00e9nn\u011b vedl? Bloud\u011bn\u00edm se samoz\u0159ejm\u011b v\u00fdsledkov\u011b propadl mimo medailov\u00e9 pozice a m\u00e1lo kdo v\u011b\u0159il, \u017ee by s t\u00edm mohl Tom\u00e1\u0161 je\u0161t\u011b n\u011bco ud\u011blat&#8230;\u00a0\u00da\u0159aduj\u00edc\u00ed n\u00e1rodn\u00ed \u0161ampion v XCE se ale p\u0159edvedl, co by st\u00edha\u010d, v tom nejlep\u0161\u00edm sv\u011btle! \u00da\u017easn\u00fdm tempem se dostal z\u00e1hy zp\u011bt na medailov\u00e9 pozice a moc nechyb\u011blo, aby\u00a0 Tom bral po skv\u011bl\u00e9m fini\u0161i do konce i st\u0159\u00edbro! Bravo MORAVEC!!! Nejist\u00e1 na trati z hlediska orientace v ter\u00e9nu byla i <span style=\"color: #800000;\"><strong>Anna Zem\u00e1nkov\u00e1<\/strong><\/span>, ale svoji kategorii kadetek nakonec s p\u0159evahou vyhr\u00e1la, stejn\u011b jako juniorka, odchovankyn\u011b MORAVCE\u00a0<strong><span style=\"color: #800000;\">Ad\u00e9la \u0160af\u00e1\u0159ov\u00e1<\/span><\/strong><span style=\"color: #000000;\"> (Nutrend Spezialized) <\/span>.Kompletn\u00ed medailovou sb\u00edrku pro n\u00e1\u0161 odd\u00edl zkompletoval ziskem st\u0159\u00edbra v\u00fdborn\u011b v Ostrav\u011b\u00a0z\u00e1vod\u00edc\u00ed <span style=\"color: #800000;\"><strong>Dominik Prudek<\/strong><\/span>.<\/p>\n<figure id=\"attachment_5388\" aria-describedby=\"caption-attachment-5388\" style=\"width: 458px\" class=\"wp-caption alignnone\"><a href=\"http:\/\/www.moravecteam.cz\/?attachment_id=5388\" rel=\"attachment wp-att-5388\"><img decoding=\"async\" loading=\"lazy\" class=\"size-full wp-image-5388\" alt=\"mms_20160829_2\" src=\"http:\/\/www.moravecteam.cz\/wp-content\/uploads\/2016\/08\/mms_20160829_2.jpg\" width=\"458\" height=\"414\" srcset=\"https:\/\/www.moravecteam.cz\/wp-content\/uploads\/2016\/08\/mms_20160829_2.jpg 458w, https:\/\/www.moravecteam.cz\/wp-content\/uploads\/2016\/08\/mms_20160829_2-300x271.jpg 300w\" sizes=\"(max-width: 458px) 100vw, 458px\" \/><\/a><figcaption id=\"caption-attachment-5388\" class=\"wp-caption-text\">Hrdina z\u00e1vod\u016f star\u0161\u00edch \u017e\u00e1k\u016f &#8211; Tom\u00e1\u0161 Tlamka &#8222;Contador&#8220;. I p\u0159es nep\u0159\u00edjemn\u00e9 bloud\u011bn\u00ed to po skv\u011bl\u00e9 st\u00edhac\u00ed j\u00edzd\u011b stihnul je\u0161t\u011b na bronzovou &#8222;bednu&#8220;!<\/figcaption><\/figure>\n<p style=\"text-align: justify;\">Neuv\u011b\u0159iteln\u00e9 skute\u010dnosti se zna\u010den\u00edm trat\u00ed se p\u0159enesly i na MTB maratony, kter\u00e9 se jely v r\u00e1mci Chachara druh\u00fd den, v ned\u011bli. Tentokr\u00e1t to nejv\u00edce postihlo <span style=\"color: #800000;\"><strong>Ad\u00e9lu \u00a0\u0160af\u00e1\u0159ovou<\/strong><\/span>, kter\u00e1 bloud\u011bn\u00edm na trati p\u0159i\u0161la o jist\u00e9 v\u00edt\u011bzstv\u00ed mezi juniorkami, kudy vlastn\u011b jet odhadoval ve sv\u00e9m startu i <strong><span style=\"color: #800000;\">Dominik Prudek<\/span><\/strong>, ten ale nakonec fini\u0161oval na v\u00fdborn\u00e9 bronzov\u00e9 p\u0159\u00ed\u010dce! Jeho t\u00e1ta a tren\u00e9r &#8222;\u00e1\u010dka&#8220; MORAVCE, <span style=\"color: #800000;\"><strong>V\u00ed\u0165a Prudek<\/strong><\/span>\u00a0si vedl v\u00fdborn\u011b ve sv\u00e9 kategorii veter\u00e1n\u016f a\u00a0jeho 4. m\u00edsto \u00a0v c\u00edli toho je jasn\u00fdm d\u016fkazem! St\u00e1le\u00a0 n\u00e1m ale na mysli vyvst\u00e1vaj\u00ed nepochopiteln\u00e9 komplikace se\u00a0\u0161patn\u00fdm tra\u0165ov\u00fdm zabezpe\u010den\u00edm. U takto vysoko postaven\u00e9ho presti\u017en\u00edho podniku je tato skute\u010dnost &#8211; m\u00edrn\u011b \u0159e\u010deno udivuj\u00edc\u00ed, l\u00e9pe by\u00a0bylo asi pou\u017e\u00edt slova &#8211; \u0161okuj\u00edc\u00ed&#8230; Slu\u0161\u00ed se je\u0161t\u011b dodat, \u017ee Dominik Prudek v sou\u010dtu\u00a0v\u00fdsledk\u016f \u00a0z obou dn\u016f veze z Ostravy cenn\u00e9 st\u0159\u00edbro! A za v\u0161echny ty pat\u00e1lie s bloud\u011bn\u00edm na trat\u00edch je t\u0159eba v\u0161em na\u0161im &#8222;repro\u0161\u016fm&#8220; za dosa\u017een\u00e9 v\u00fdsledky moc, moc pod\u011bkovat a chv\u00e1lou v\u016fbec ne\u0161et\u0159it! Bravo MORAVEC!!! Zde hledejte <strong><a href=\"http:\/\/www.ostravskychachar.cz\/\">dal\u0161\u00ed informace v\u010detn\u011b v\u00fdsledk\u016f<\/a><\/strong>.<\/p>\n","protected":false},"excerpt":{"rendered":"<p>Po pravd\u011b \u0159e\u010deno, o toto beze sporu kvalitn\u00ed \u010dern\u00e9 uhl\u00ed, kter\u00fdm st\u00e1le tato lokalita p\u0159ekypuje,\u00a0n\u00e1m tentokr\u00e1t ani tak moc ne\u0161lo&#8230; V s\u00e1zce byly cenn\u00e9 kovy v podob\u011b zlata, st\u0159\u00edbra a bronzu p\u0159i dal\u0161\u00edm ro\u010dn\u00edku m\u00edstn\u00edho MTB TOP z\u00e1vodu &#8211; Ostarvsk\u00e9m Chacharu. &#8222;Race&#8220;, na kterou jezd\u00edme po l\u00e9ta pravideln\u011b, jsme nemohli vynechat samoz\u0159ejm\u011b ani letos a &hellip; <a href=\"https:\/\/www.moravecteam.cz\/?p=5333\" class=\"more-link\">Pokra\u010dov\u00e1n\u00ed textu <span class=\"screen-reader-text\">Z &#8222;OV&#8220; bez antracitu&#8230;<\/span> <span class=\"meta-nav\">&rarr;<\/span><\/a><\/p>\n","protected":false},"author":3,"featured_media":5386,"comment_status":"open","ping_status":"closed","sticky":false,"template":"","format":"standard","meta":[],"categories":[1],"tags":[],"_links":{"self":[{"href":"https:\/\/www.moravecteam.cz\/index.php?rest_route=\/wp\/v2\/posts\/5333"}],"collection":[{"href":"https:\/\/www.moravecteam.cz\/index.php?rest_route=\/wp\/v2\/posts"}],"about":[{"href":"https:\/\/www.moravecteam.cz\/index.php?rest_route=\/wp\/v2\/types\/post"}],"author":[{"embeddable":true,"href":"https:\/\/www.moravecteam.cz\/index.php?rest_route=\/wp\/v2\/users\/3"}],"replies":[{"embeddable":true,"href":"https:\/\/www.moravecteam.cz\/index.php?rest_route=%2Fwp%2Fv2%2Fcomments&post=5333"}],"version-history":[{"count":10,"href":"https:\/\/www.moravecteam.cz\/index.php?rest_route=\/wp\/v2\/posts\/5333\/revisions"}],"predecessor-version":[{"id":5389,"href":"https:\/\/www.moravecteam.cz\/index.php?rest_route=\/wp\/v2\/posts\/5333\/revisions\/5389"}],"wp:featuredmedia":[{"embeddable":true,"href":"https:\/\/www.moravecteam.cz\/index.php?rest_route=\/wp\/v2\/media\/5386"}],"wp:attachment":[{"href":"https:\/\/www.moravecteam.cz\/index.php?rest_route=%2Fwp%2Fv2%2Fmedia&parent=5333"}],"wp:term":[{"taxonomy":"category","embeddable":true,"href":"https:\/\/www.moravecteam.cz\/index.php?rest_route=%2Fwp%2Fv2%2Fcategories&post=5333"},{"taxonomy":"post_tag","embeddable":true,"href":"https:\/\/www.moravecteam.cz\/index.php?rest_route=%2Fwp%2Fv2%2Ftags&post=5333"}],"curies":[{"name":"wp","href":"https:\/\/api.w.org\/{rel}","templated":true}]}}