{"id":5336,"date":"2016-08-29T23:30:59","date_gmt":"2016-08-29T21:30:59","guid":{"rendered":"http:\/\/www.moravecteam.cz\/?p=5336"},"modified":"2016-08-29T23:54:26","modified_gmt":"2016-08-29T21:54:26","slug":"silnicni-spilmachr","status":"publish","type":"post","link":"https:\/\/www.moravecteam.cz\/?p=5336","title":{"rendered":"Silni\u010dn\u00ed &#8222;\u0161p\u00edlmachr&#8220;!"},"content":{"rendered":"<p style=\"text-align: justify;\"><span style=\"color: #800000;\"><strong>Nejen bikov\u00e9 z\u00e1vody se odehr\u00e1valy o minul\u00e9m v\u00edkendu v r\u016fzn\u00fdch koutech Moravy. Ve Zbraslavi u Brna si dali v ned\u011bli dostaven\u00ed\u010dko mlad\u00ed cyklist\u00e9 silni\u010d\u00e1\u0159i a svedli zde souboje o tituly p\u0159eborn\u00edk\u016f Jihomoravsk\u00e9ho kraje. A k na\u0161\u00ed velk\u00e9 radosti ani z t\u00e9to &#8222;race&#8220; se MORAVEC nevrac\u00ed s pr\u00e1zdnou! N\u00e1\u0161 jedin\u00fd reprezentant na t\u00e9to akci, Tom\u00e1\u0161 Tlamka &#8222;Conatdor&#8220; zde op\u011bt uk\u00e1zal nejen svoji\u00a0 cyklistickou univerz\u00e1lnost, ale i pozoruhodn\u00fd fyzick\u00fd fond! Nen\u00ed toti\u017e v\u016fbec jednoduch\u00e9 absolvovat ve dvou dnech dva tak\u00a0n\u00e1ro\u010dn\u00e9 a odli\u0161n\u00e9\u00a0z\u00e1vody&#8230;<\/strong><\/span><\/p>\n<p style=\"text-align: justify;\"><a href=\"http:\/\/www.moravecteam.cz\/?attachment_id=5397\" rel=\"attachment wp-att-5397\"><img decoding=\"async\" loading=\"lazy\" class=\"size-full wp-image-5397 alignleft\" title=\"Tom\u00e1\u0161 Tlamka &quot;Contador&quot; potvrdil v\u00edt\u011bzstv\u00edm ve Zbraslavi nejen svoji v\u00fdjime\u010dnou cyklistickou univerz\u00e1lnost, ale p\u0159edev\u0161\u00edm p\u0159etrv\u00e1vaj\u00edc\u00ed vysokou v\u00fdkonnost!\" alt=\"mms_20160829_4\" src=\"http:\/\/www.moravecteam.cz\/wp-content\/uploads\/2016\/08\/mms_20160829_4.jpg\" width=\"304\" height=\"459\" srcset=\"https:\/\/www.moravecteam.cz\/wp-content\/uploads\/2016\/08\/mms_20160829_4.jpg 304w, https:\/\/www.moravecteam.cz\/wp-content\/uploads\/2016\/08\/mms_20160829_4-198x300.jpg 198w\" sizes=\"(max-width: 304px) 100vw, 304px\" \/><\/a>Spole\u010dn\u00fd start mlad\u0161\u00edch i star\u0161\u00edch \u017e\u00e1k\u016f prob\u011bhl za hork\u00e9ho po\u010das\u00ed, nicm\u00e9n\u011b v\u00edtr, kter\u00fd se v pr\u016fb\u011bhu ned\u011ble za\u010dal postupn\u011b \u00a0zvedat, \u00a0jednak z\u00e1vodn\u00edky p\u0159\u00edjemn\u011b osv\u011b\u017eoval a jednak mohl b\u00fdt brzdou pro pokusy o \u00fanik p\u0159edev\u0161\u00edm v t\u011bch pas\u00e1\u017e\u00edch trat\u011b, kdy foukal proti pelotonu jiho &#8211; moravsk\u00fdch cyklistick\u00fdch nad\u011bj\u00ed. <span style=\"color: #800000;\"><strong>Tom\u00e1\u0161 Tlamka &#8222;Contador&#8220;<\/strong><\/span> si v \u00favodu z\u00e1vodu zku\u0161en\u011b hl\u00eddal \u010delo a kdy\u017e c\u00edtil, \u017ee mu to &#8222;docela jede&#8220;, s\u00f3lov\u011b za\u00fato\u010dil. Na jeho n\u00e1stup nedok\u00e1zal nikdo ze soupe\u0159\u016f zareagovat a tak p\u0159\u00edtomn\u00ed div\u00e1ci mohli tleskat na\u0161emu mlad\u00e9mu s\u00f3listovi, kter\u00fd\u00a0rovnom\u011brnou j\u00edzdou dok\u00e1zal sv\u016fj n\u00e1skok ve zbyl\u00e9m \u00a0pr\u016fb\u011bhu z\u00e1vodu je\u0161t\u011b navy\u0161ovat. C\u00edlovou \u010d\u00e1ru pro\u0165al nik\u00fdm neohro\u017eov\u00e1n jako jasn\u00fd v\u00edt\u011bz a Vlastimilu MORAVCI, kter\u00fd jeho v\u00fdkon ur\u010dit\u011b z cyklistick\u00e9ho Nebe bedliv\u011b sledoval, ud\u011blal velikou radost! Bravo &#8222;Contador&#8220;! Blahop\u0159ejeme a d\u00edky za vzorn\u00e9 repre MORAVCE! Zde hledejte <strong><a href=\"http:\/\/new.cyklovysledky.cz\/\">v\u00fdsledky<\/a>.<\/strong><\/p>\n","protected":false},"excerpt":{"rendered":"<p>Nejen bikov\u00e9 z\u00e1vody se odehr\u00e1valy o minul\u00e9m v\u00edkendu v r\u016fzn\u00fdch koutech Moravy. Ve Zbraslavi u Brna si dali v ned\u011bli dostaven\u00ed\u010dko mlad\u00ed cyklist\u00e9 silni\u010d\u00e1\u0159i a svedli zde souboje o tituly p\u0159eborn\u00edk\u016f Jihomoravsk\u00e9ho kraje. A k na\u0161\u00ed velk\u00e9 radosti ani z t\u00e9to &#8222;race&#8220; se MORAVEC nevrac\u00ed s pr\u00e1zdnou! N\u00e1\u0161 jedin\u00fd reprezentant na t\u00e9to akci, Tom\u00e1\u0161 Tlamka &hellip; <a href=\"https:\/\/www.moravecteam.cz\/?p=5336\" class=\"more-link\">Pokra\u010dov\u00e1n\u00ed textu <span class=\"screen-reader-text\">Silni\u010dn\u00ed &#8222;\u0161p\u00edlmachr&#8220;!<\/span> <span class=\"meta-nav\">&rarr;<\/span><\/a><\/p>\n","protected":false},"author":3,"featured_media":5394,"comment_status":"open","ping_status":"closed","sticky":false,"template":"","format":"standard","meta":[],"categories":[1],"tags":[],"_links":{"self":[{"href":"https:\/\/www.moravecteam.cz\/index.php?rest_route=\/wp\/v2\/posts\/5336"}],"collection":[{"href":"https:\/\/www.moravecteam.cz\/index.php?rest_route=\/wp\/v2\/posts"}],"about":[{"href":"https:\/\/www.moravecteam.cz\/index.php?rest_route=\/wp\/v2\/types\/post"}],"author":[{"embeddable":true,"href":"https:\/\/www.moravecteam.cz\/index.php?rest_route=\/wp\/v2\/users\/3"}],"replies":[{"embeddable":true,"href":"https:\/\/www.moravecteam.cz\/index.php?rest_route=%2Fwp%2Fv2%2Fcomments&post=5336"}],"version-history":[{"count":17,"href":"https:\/\/www.moravecteam.cz\/index.php?rest_route=\/wp\/v2\/posts\/5336\/revisions"}],"predecessor-version":[{"id":5405,"href":"https:\/\/www.moravecteam.cz\/index.php?rest_route=\/wp\/v2\/posts\/5336\/revisions\/5405"}],"wp:featuredmedia":[{"embeddable":true,"href":"https:\/\/www.moravecteam.cz\/index.php?rest_route=\/wp\/v2\/media\/5394"}],"wp:attachment":[{"href":"https:\/\/www.moravecteam.cz\/index.php?rest_route=%2Fwp%2Fv2%2Fmedia&parent=5336"}],"wp:term":[{"taxonomy":"category","embeddable":true,"href":"https:\/\/www.moravecteam.cz\/index.php?rest_route=%2Fwp%2Fv2%2Fcategories&post=5336"},{"taxonomy":"post_tag","embeddable":true,"href":"https:\/\/www.moravecteam.cz\/index.php?rest_route=%2Fwp%2Fv2%2Ftags&post=5336"}],"curies":[{"name":"wp","href":"https:\/\/api.w.org\/{rel}","templated":true}]}}