{"id":5409,"date":"2016-08-30T00:10:25","date_gmt":"2016-08-29T22:10:25","guid":{"rendered":"http:\/\/www.moravecteam.cz\/?p=5409"},"modified":"2016-08-30T23:11:25","modified_gmt":"2016-08-30T21:11:25","slug":"co-se-bude-dit-st35-2","status":"publish","type":"post","link":"https:\/\/www.moravecteam.cz\/?p=5409","title":{"rendered":"Co se bude d\u00edt? (ST35) &#8211; 2"},"content":{"rendered":"<h5><span style=\"color: #800000;\"><strong>\u010ctvrtek 1.9. 2016<\/strong><\/span><\/h5>\n<p style=\"text-align: justify;\">Tr\u00e9nink mlad\u00fdch cyklist\u016f druh\u00e9 vlny venku na kolech s tren\u00e9rem\u00a0<strong><span style=\"color: #800000;\">Milanem Tlamkou (776 108 046)<\/span><\/strong>.\u00a0M\u00edsto a \u010das budou v\u010das zp\u0159esn\u011bny. \u00c1\u010dko MORAVCE v t\u00fddnu potr\u00e9nuje dle pokyn\u016f tren\u00e9ra\u00a0<strong><span style=\"color: #800000;\">V\u00edti Prudka (731 180 096)<\/span><\/strong>.<\/p>\n<h5 style=\"text-align: justify;\"><span style=\"color: #800000;\">P\u00e1tek 2.9. 2016<\/span><\/h5>\n<p style=\"text-align: justify;\">Zah\u00e1jen\u00ed p\u0159\u00edpravn\u00e9ho kempu tr\u00e9ninkov\u00e9 skupiny Milana Tlamky v Jedovnic\u00edch. Soust\u0159ed\u011bn\u00ed potrv\u00e1 do ned\u011ble 4.9.2016. Ubytov\u00e1n\u00ed hrad\u00ed \u00fa\u010dastn\u00edk\u016fm odd\u00edl. Z\u00e1kladn\u00ed bodov\u00fd sc\u00e9n\u00e1\u0159 p\u0159\u00edpravn\u00e9ho kempu na z\u00e1v\u011br MZB Poh\u00e1ru Drahansk\u00e9 vrchoviny je tento:<\/p>\n<ul>\n<li style=\"text-align: justify;\">Odjezd \u00fa\u010dastn\u00edk\u016f bude v p\u00e1tek 2.9. 2016 v 8.30 od Tlamk\u016f (Okrouhl\u00e1 \u010d. 117).<\/li>\n<li style=\"text-align: justify;\">Kola p\u0159ivezte na m\u00edsto odjezdu (k Tlamk\u016fm, Okrouhl\u00e1 \u010d.117) den p\u0159edem, tj. ve \u010dtvrtek 1.9. 2016, nejl\u00e9pe v podve\u010der.<\/li>\n<li style=\"text-align: justify;\">Kdo nem\u00e1 jak se do Jedovnic v p\u00e1tek p\u0159epravit, kontaktujte neprodlen\u011b tren\u00e9ra Milana Tlamku (776 108 046).<\/li>\n<li style=\"text-align: justify;\">Krom\u011b kola (to je t\u0159eba ho m\u00edt v bezvadn\u00e9m technick\u00e9m stavu) je nutno si s sebou vz\u00edt: rezervn\u00ed du\u0161i na kolo a sv\u011btla na kolo (p\u0159edn\u00ed -zadn\u00ed &#8211; v pl\u00e1nu je i no\u010dn\u00ed j\u00edzda odvahy).<\/li>\n<li style=\"text-align: justify;\">V r\u00e1mci soust\u0159ed\u011bn\u00ed jsou pl\u00e1nov\u00e1ny pro \u00fa\u010dastn\u00edky i kontroln\u00ed \u00a0MTB z\u00e1vody, po oba ve\u010dery (p\u00e1tek, sobota) by m\u011bl b\u00fdt pro d\u011bti p\u0159ipraven i t\u00e1bor\u00e1k (bude-li p\u0159\u00e1t po\u010das\u00ed).<\/li>\n<li style=\"text-align: justify;\">Do ba\u0165\u016f\u017eku si nezapome\u0148te p\u0159ibalit dobrou n\u00e1ladu! Dopl\u0148uj\u00edc\u00ed info V\u00e1m a p\u0159\u00edpadn\u00e9 dal\u0161\u00ed va\u0161e dotazy V\u00e1m poskytne Milan Tlamka.<\/li>\n<\/ul>\n<h5 style=\"text-align: justify;\"><span style=\"color: #800000;\"><strong>Sobota 3.9. 2016<\/strong><\/span><\/h5>\n<p style=\"text-align: justify;\">MTB maraton Blanensk\u00fd Golem. Start na\u0161ich rajdr\u016f v souladu s nominac\u00ed tren\u00e9ra V\u00edti Prudka. \u00da\u010dast a dopravu si ka\u017ed\u00fd zaji\u0161\u0165uje s\u00e1m. Zde studujte <strong><a href=\"http:\/\/mtbgolem.cz\/\">propozice<\/a><\/strong>.<\/p>\n<p style=\"text-align: justify;\">\n","protected":false},"excerpt":{"rendered":"<p>\u010ctvrtek 1.9. 2016 Tr\u00e9nink mlad\u00fdch cyklist\u016f druh\u00e9 vlny venku na kolech s tren\u00e9rem\u00a0Milanem Tlamkou (776 108 046).\u00a0M\u00edsto a \u010das budou v\u010das zp\u0159esn\u011bny. \u00c1\u010dko MORAVCE v t\u00fddnu potr\u00e9nuje dle pokyn\u016f tren\u00e9ra\u00a0V\u00edti Prudka (731 180 096). P\u00e1tek 2.9. 2016 Zah\u00e1jen\u00ed p\u0159\u00edpravn\u00e9ho kempu tr\u00e9ninkov\u00e9 skupiny Milana Tlamky v Jedovnic\u00edch. Soust\u0159ed\u011bn\u00ed potrv\u00e1 do ned\u011ble 4.9.2016. Ubytov\u00e1n\u00ed hrad\u00ed \u00fa\u010dastn\u00edk\u016fm odd\u00edl. &hellip; <a href=\"https:\/\/www.moravecteam.cz\/?p=5409\" class=\"more-link\">Pokra\u010dov\u00e1n\u00ed textu <span class=\"screen-reader-text\">Co se bude d\u00edt? (ST35) &#8211; 2<\/span> <span class=\"meta-nav\">&rarr;<\/span><\/a><\/p>\n","protected":false},"author":3,"featured_media":5415,"comment_status":"open","ping_status":"closed","sticky":false,"template":"","format":"standard","meta":[],"categories":[11],"tags":[],"_links":{"self":[{"href":"https:\/\/www.moravecteam.cz\/index.php?rest_route=\/wp\/v2\/posts\/5409"}],"collection":[{"href":"https:\/\/www.moravecteam.cz\/index.php?rest_route=\/wp\/v2\/posts"}],"about":[{"href":"https:\/\/www.moravecteam.cz\/index.php?rest_route=\/wp\/v2\/types\/post"}],"author":[{"embeddable":true,"href":"https:\/\/www.moravecteam.cz\/index.php?rest_route=\/wp\/v2\/users\/3"}],"replies":[{"embeddable":true,"href":"https:\/\/www.moravecteam.cz\/index.php?rest_route=%2Fwp%2Fv2%2Fcomments&post=5409"}],"version-history":[{"count":7,"href":"https:\/\/www.moravecteam.cz\/index.php?rest_route=\/wp\/v2\/posts\/5409\/revisions"}],"predecessor-version":[{"id":5418,"href":"https:\/\/www.moravecteam.cz\/index.php?rest_route=\/wp\/v2\/posts\/5409\/revisions\/5418"}],"wp:featuredmedia":[{"embeddable":true,"href":"https:\/\/www.moravecteam.cz\/index.php?rest_route=\/wp\/v2\/media\/5415"}],"wp:attachment":[{"href":"https:\/\/www.moravecteam.cz\/index.php?rest_route=%2Fwp%2Fv2%2Fmedia&parent=5409"}],"wp:term":[{"taxonomy":"category","embeddable":true,"href":"https:\/\/www.moravecteam.cz\/index.php?rest_route=%2Fwp%2Fv2%2Fcategories&post=5409"},{"taxonomy":"post_tag","embeddable":true,"href":"https:\/\/www.moravecteam.cz\/index.php?rest_route=%2Fwp%2Fv2%2Ftags&post=5409"}],"curies":[{"name":"wp","href":"https:\/\/api.w.org\/{rel}","templated":true}]}}