{"id":5420,"date":"2016-08-27T11:49:40","date_gmt":"2016-08-27T09:49:40","guid":{"rendered":"http:\/\/www.moravecteam.cz\/?p=5420"},"modified":"2016-08-31T12:06:04","modified_gmt":"2016-08-31T10:06:04","slug":"dvakrat-zlaty-matousek","status":"publish","type":"post","link":"https:\/\/www.moravecteam.cz\/?p=5420","title":{"rendered":"Dvakr\u00e1t zlat\u00fd Matou\u0161ek!"},"content":{"rendered":"<p style=\"text-align: justify;\"><span style=\"color: #800000;\"><strong>Taky\u00a0v sobotu 27. srpna (aby\u00a0t\u011bch soub\u011b\u017en\u00fdch akc\u00ed nebylo ten den m\u00e1lo) si u\u017e po osm\u00e9 (jak ten \u010das\u00a0let\u00ed)\u00a0 dali dostaven\u00ed\u010dko bike\u0159i v Jev\u00ed\u010dku p\u0159i MTB z\u00e1vodu &#8222;Matou\u0161ek Open&#8220;.\u00a0K z\u00e1vodu, jeho\u017e dominantou je hlavn\u011b MTB maraton pro dosp\u011bl\u00e9, jsou p\u0159idru\u017eeny i starty z\u00e1vod\u016f d\u011bt\u00ed. No a d\u00edky sourozenc\u016fm Lucince a Maty\u00e1\u0161ovi Koudelkov\u00fdm byl i v Jev\u00ed\u010dku MORAVEC ost\u0159e v akci!<\/strong><\/span><\/p>\n<figure id=\"attachment_5427\" aria-describedby=\"caption-attachment-5427\" style=\"width: 803px\" class=\"wp-caption alignnone\"><a href=\"http:\/\/www.moravecteam.cz\/?attachment_id=5427\" rel=\"attachment wp-att-5427\"><img decoding=\"async\" loading=\"lazy\" class=\" wp-image-5427\" alt=\"IMG_0389\" src=\"http:\/\/www.moravecteam.cz\/wp-content\/uploads\/2016\/08\/IMG_0389.jpg\" width=\"803\" height=\"795\" srcset=\"https:\/\/www.moravecteam.cz\/wp-content\/uploads\/2016\/08\/IMG_0389.jpg 803w, https:\/\/www.moravecteam.cz\/wp-content\/uploads\/2016\/08\/IMG_0389-25x25.jpg 25w, https:\/\/www.moravecteam.cz\/wp-content\/uploads\/2016\/08\/IMG_0389-300x297.jpg 300w\" sizes=\"(max-width: 803px) 100vw, 803px\" \/><\/a><figcaption id=\"caption-attachment-5427\" class=\"wp-caption-text\">Jedna z nejlep\u0161\u00edch bikerek sv\u00e9 kategorie ve st\u0159edomoravsk\u00e9m regionu, Lucie Koudelkov\u00e1, potvrdila op\u011bt svoje kvality v\u00edt\u011bzstv\u00edm na MTB Matou\u0161ek OPEN.<\/figcaption><\/figure>\n<p style=\"text-align: justify;\">Oba na\u0161i reprezentanti se v sousedn\u00edm, V\u00fdchodo\u010desk\u00e9m kraji, p\u0159edvedli v tom nejlep\u0161\u00edm sv\u011btle a potvrdili, \u017ee jejich leto\u0161n\u00ed v\u00edt\u011bzn\u00e1 ta\u017een\u00ed v r\u00e1mci MTB &#8222;Vrchoviny&#8220; nejsou nikterak n\u00e1hodn\u00e1! <span style=\"color: #800000;\"><strong>Lucie Koudelkov\u00e1<\/strong> <\/span>ovl\u00e1dla s p\u0159ehledem z\u00e1vod kategorie d\u00edvek 7-9 let a jej\u00ed star\u0161\u00ed bratr, <span style=\"color: #800000;\"><strong>Maty\u00e1\u0161 Koudelka<\/strong> <\/span>byl pro\u00a0 zm\u011bnu jasn\u00fdm v\u00edt\u011bzem kategorie o &#8222;levl&#8220; vy\u0161\u0161\u00ed (chlapci 10-12 let). Jejich v\u00fdkony a v\u00fdsledky jsou o\u00a0to cenn\u011bj\u0161\u00ed, \u017ee na start \u0161li prakticky bez odpo\u010dinku po n\u00e1vratu z d\u011btsk\u00e9ho t\u00e1bora! Bravo MORAVEC! Blahop\u0159ejeme a d\u00edky za vzorn\u00e9 repre odd\u00edlu, p\u0159i\u010dem\u017e n\u00e1\u0161 d\u00edk pat\u0159\u00ed ur\u010dit\u011b i podp\u016frn\u00e9mu rodi\u010dovsk\u00e9mu t\u00fdmu. Zde m\u016f\u017eete zjistit <a href=\"http:\/\/www.mtbjevicko.cz\/\"><strong>v\u0161e o tradi\u010dn\u00edm z\u00e1vod\u011b<\/strong><\/a>, a jsou k dispozici u\u017e i <strong><a href=\"http:\/\/www.mtbjevicko.cz\/wp-content\/uploads\/2016\/08\/v%C3%BDsledkov%C3%A1-listina-MTB-Jev%C3%AD%C4%8Dko-2016-D%C4%9Bti.pdf\">v\u00fdsledky<\/a>.<\/strong><\/p>\n<figure id=\"attachment_5428\" aria-describedby=\"caption-attachment-5428\" style=\"width: 660px\" class=\"wp-caption alignnone\"><a href=\"http:\/\/www.moravecteam.cz\/?attachment_id=5428\" rel=\"attachment wp-att-5428\"><img decoding=\"async\" loading=\"lazy\" class=\" wp-image-5428\" alt=\"IMG_0441\" src=\"http:\/\/www.moravecteam.cz\/wp-content\/uploads\/2016\/08\/IMG_0441.jpg\" width=\"660\" height=\"811\" srcset=\"https:\/\/www.moravecteam.cz\/wp-content\/uploads\/2016\/08\/IMG_0441.jpg 660w, https:\/\/www.moravecteam.cz\/wp-content\/uploads\/2016\/08\/IMG_0441-244x300.jpg 244w\" sizes=\"(max-width: 660px) 100vw, 660px\" \/><\/a><figcaption id=\"caption-attachment-5428\" class=\"wp-caption-text\">Maty\u00e1\u0161 Koudelka je nejen skv\u011bl\u00fdm bikerem, ale i velmi zdatn\u00fdm fotbalistou. Bude zaj\u00edmav\u00e9 sledovat, kter\u00fdm z t\u011bchto dvou sm\u011br\u016f se jeho sportovn\u00ed kari\u00e9ra v budoucnu ub\u00edrat. ka\u017edop\u00e1dn\u011b na MTB matou\u0161ek OPEN v jev\u00ed\u010dku nem\u011bl ve sv\u00e9 kategorii konkurenci&#8230;<\/figcaption><\/figure>\n","protected":false},"excerpt":{"rendered":"<p>Taky\u00a0v sobotu 27. srpna (aby\u00a0t\u011bch soub\u011b\u017en\u00fdch akc\u00ed nebylo ten den m\u00e1lo) si u\u017e po osm\u00e9 (jak ten \u010das\u00a0let\u00ed)\u00a0 dali dostaven\u00ed\u010dko bike\u0159i v Jev\u00ed\u010dku p\u0159i MTB z\u00e1vodu &#8222;Matou\u0161ek Open&#8220;.\u00a0K z\u00e1vodu, jeho\u017e dominantou je hlavn\u011b MTB maraton pro dosp\u011bl\u00e9, jsou p\u0159idru\u017eeny i starty z\u00e1vod\u016f d\u011bt\u00ed. No a d\u00edky sourozenc\u016fm Lucince a Maty\u00e1\u0161ovi Koudelkov\u00fdm byl i v Jev\u00ed\u010dku &hellip; <a href=\"https:\/\/www.moravecteam.cz\/?p=5420\" class=\"more-link\">Pokra\u010dov\u00e1n\u00ed textu <span class=\"screen-reader-text\">Dvakr\u00e1t zlat\u00fd Matou\u0161ek!<\/span> <span class=\"meta-nav\">&rarr;<\/span><\/a><\/p>\n","protected":false},"author":3,"featured_media":5426,"comment_status":"open","ping_status":"closed","sticky":false,"template":"","format":"standard","meta":[],"categories":[1],"tags":[],"_links":{"self":[{"href":"https:\/\/www.moravecteam.cz\/index.php?rest_route=\/wp\/v2\/posts\/5420"}],"collection":[{"href":"https:\/\/www.moravecteam.cz\/index.php?rest_route=\/wp\/v2\/posts"}],"about":[{"href":"https:\/\/www.moravecteam.cz\/index.php?rest_route=\/wp\/v2\/types\/post"}],"author":[{"embeddable":true,"href":"https:\/\/www.moravecteam.cz\/index.php?rest_route=\/wp\/v2\/users\/3"}],"replies":[{"embeddable":true,"href":"https:\/\/www.moravecteam.cz\/index.php?rest_route=%2Fwp%2Fv2%2Fcomments&post=5420"}],"version-history":[{"count":7,"href":"https:\/\/www.moravecteam.cz\/index.php?rest_route=\/wp\/v2\/posts\/5420\/revisions"}],"predecessor-version":[{"id":5430,"href":"https:\/\/www.moravecteam.cz\/index.php?rest_route=\/wp\/v2\/posts\/5420\/revisions\/5430"}],"wp:featuredmedia":[{"embeddable":true,"href":"https:\/\/www.moravecteam.cz\/index.php?rest_route=\/wp\/v2\/media\/5426"}],"wp:attachment":[{"href":"https:\/\/www.moravecteam.cz\/index.php?rest_route=%2Fwp%2Fv2%2Fmedia&parent=5420"}],"wp:term":[{"taxonomy":"category","embeddable":true,"href":"https:\/\/www.moravecteam.cz\/index.php?rest_route=%2Fwp%2Fv2%2Fcategories&post=5420"},{"taxonomy":"post_tag","embeddable":true,"href":"https:\/\/www.moravecteam.cz\/index.php?rest_route=%2Fwp%2Fv2%2Ftags&post=5420"}],"curies":[{"name":"wp","href":"https:\/\/api.w.org\/{rel}","templated":true}]}}