{"id":5437,"date":"2016-09-01T22:25:08","date_gmt":"2016-09-01T20:25:08","guid":{"rendered":"http:\/\/www.moravecteam.cz\/?p=5437"},"modified":"2016-09-01T22:47:51","modified_gmt":"2016-09-01T20:47:51","slug":"start-sportparku","status":"publish","type":"post","link":"https:\/\/www.moravecteam.cz\/?p=5437","title":{"rendered":"Start Sportparku!"},"content":{"rendered":"<p style=\"text-align: justify;\"><span style=\"color: #800000;\"><strong>Sportpark Boskovice. Pod t\u00edmto n\u00e1zvem se skr\u00fdv\u00e1 z\u00e1zem\u00ed a startovac\u00ed m\u00edsto pro cyklisty, kte\u0159\u00ed by si m\u011bli v nejbli\u017e\u0161\u00edm budoucnu odtud vyrazit na singltreky, kter\u00e9 povedou, v\u011b\u0159me \u017ee a\u017e hluboko do srdce Drahansk\u00e9 vrchoviny, a \u017ee budou kilometrov\u011b podstatn\u011b velkorysej\u0161\u00ed, ne\u017e sou\u010dasn\u00e1, zat\u00edm velmi skrom\u011b koncipovan\u00e1, po\u010d\u00e1te\u010dn\u00ed varianta&#8230; Aby v\u0161e dopadlo smyslupln\u011b, slou\u017eilo hlavn\u011b cyklist\u016fm a docela masivn\u00ed dota\u010dn\u00ed finance byly vyu\u017eity optim\u00e1ln\u011b a maxim\u00e1ln\u011b efektivn\u011b, \u00a0proto na tuto aktivitu zam\u011b\u0159uje svoji pozornost n\u00e1\u0161 odd\u00edl MORAVEC Team.\u00a0<\/strong><\/span><\/p>\n<figure id=\"attachment_5442\" aria-describedby=\"caption-attachment-5442\" style=\"width: 1500px\" class=\"wp-caption alignnone\"><a href=\"http:\/\/www.moravecteam.cz\/?attachment_id=5442\" rel=\"attachment wp-att-5442\"><img decoding=\"async\" loading=\"lazy\" class=\" wp-image-5442\" alt=\"OLYMPUS DIGITAL CAMERA\" src=\"http:\/\/www.moravecteam.cz\/wp-content\/uploads\/2016\/09\/P1010026.jpg\" width=\"1500\" height=\"2000\" srcset=\"https:\/\/www.moravecteam.cz\/wp-content\/uploads\/2016\/09\/P1010026.jpg 1500w, https:\/\/www.moravecteam.cz\/wp-content\/uploads\/2016\/09\/P1010026-225x300.jpg 225w, https:\/\/www.moravecteam.cz\/wp-content\/uploads\/2016\/09\/P1010026-768x1024.jpg 768w\" sizes=\"(max-width: 1500px) 100vw, 1500px\" \/><\/a><figcaption id=\"caption-attachment-5442\" class=\"wp-caption-text\">Ani se nechce v\u011b\u0159it, \u017ee Ad\u00e9lka \u0160af\u00e1\u0159ov\u00e1 byla n\u011bkdy tak mal\u00e1&#8230; A p\u0159ece! Verunka \u0160af\u00e1\u0159ov\u00e1 pod\u011bdila jeji dres, tak\u017ee opravdu i Ad\u00e9la byla p\u0159ed l\u00e9ty v m\u00edr\u00e1ch svoj\u00ed sestry Veroniky!<\/figcaption><\/figure>\n<p style=\"text-align: justify;\">A taky proto, \u017ee za v\u0161\u00edm stoj\u00ed a \u00a0pot\u0159ebn\u00e9 (nejen) finance velice sv\u011bdomit\u011b zaji\u0161\u0165uje na\u0161e kamar\u00e1dka, m\u00edstostarostka Boskovic <span style=\"color: #800000;\"><strong>Mirka V\u00edtkov\u00e1<\/strong><\/span>. P\u0159edev\u0161\u00edm ji jsme cht\u011bli v onen prvn\u00ed z\u00e1\u0159iov\u00fd \u010dtvrtek na\u0161\u00ed po\u010detnou \u00fa\u010dast\u00ed podpo\u0159it v jej\u00edm smyslupln\u00e9m sna\u017een\u00ed zam\u011b\u0159en\u00e9m v tomto p\u0159\u00edpad\u011b na \u0161irokou cyklistickou komunitu. Nen\u00ed bez zaj\u00edmavosti, \u017ee autory v r\u00e1mci t\u00e9to aktivity ji\u017e v sou\u010dasnosti zna\u010den\u00e9 trat\u011b (jelo se na n\u00ed v r.2013 fin\u00e1le \u010cesk\u00e9ho poh\u00e1ru horsk\u00fdch kol a od t\u00e9 doby se na p\u0159ev\u00e1\u017en\u00e9 v\u011bt\u0161in\u011b t\u00e9to trat\u011b jezd\u00ed ka\u017edoro\u010dn\u011b fin\u00e1le MTB Poh\u00e1ru Drahansk\u00e9 vrchoviny) jsou hlavn\u011b t\u0159i borci, spjat\u00ed s na\u0161\u00edm odd\u00edlem: Milan \u0160af\u00e1\u0159, Vlastimil Odehnal a Radim Petr\u016f. A tito chlapci + jejich kamar\u00e1di maj\u00ed &#8222;v hlav\u00e1ch&#8220; i kone\u010dnou podobu singtrek\u016f, jejich\u017e po\u010d\u00e1te\u010dn\u00ed, velice, velice decentn\u00ed podoba (zat\u00edm pouho &#8211; poh\u00fdch 8 km singtrek\u016f) , byla ve st\u0159edu na v\u00fdkrese p\u0159edstavena. No a jak u\u017e jsem v\u00fd\u0161e nazna\u010dil, \u00a0MORAVEC Team je p\u0159ipraven b\u00fdt v r\u00e1mci sv\u00fdch mo\u017enost\u00ed, schpnost\u00ed \u00a0a zku\u0161enost\u00ed n\u00e1pomocn\u00fd ke skute\u010dn\u00e9 smyslupln\u00e9 realizaci tohoto projektu a havn\u011b t\u00edm podpo\u0159it a b\u00fdt pomocnou silou pro l\u00eddra tohoto v\u0161eho sna\u017een\u00ed, ji\u017e zm\u00edn\u011bnou Mirku V\u00edtkovou!<\/p>\n<figure id=\"attachment_5444\" aria-describedby=\"caption-attachment-5444\" style=\"width: 2272px\" class=\"wp-caption alignnone\"><a href=\"http:\/\/www.moravecteam.cz\/?attachment_id=5444\" rel=\"attachment wp-att-5444\"><img decoding=\"async\" loading=\"lazy\" class=\" wp-image-5444\" alt=\"OLYMPUS DIGITAL CAMERA\" src=\"http:\/\/www.moravecteam.cz\/wp-content\/uploads\/2016\/09\/P1010036.jpg\" width=\"2272\" height=\"1704\" srcset=\"https:\/\/www.moravecteam.cz\/wp-content\/uploads\/2016\/09\/P1010036.jpg 2272w, https:\/\/www.moravecteam.cz\/wp-content\/uploads\/2016\/09\/P1010036-300x224.jpg 300w, https:\/\/www.moravecteam.cz\/wp-content\/uploads\/2016\/09\/P1010036-1024x768.jpg 1024w\" sizes=\"(max-width: 2272px) 100vw, 2272px\" \/><\/a><figcaption id=\"caption-attachment-5444\" class=\"wp-caption-text\">MORAVEC Team (hlavn\u011b Junior Team) po slavnosti a hlavn\u011b po dal\u0161\u00edm hutn\u00e9m tr\u00e9ninku pod taktovkou Milana Tlamky.<\/figcaption><\/figure>\n<p style=\"text-align: justify;\">No a samoz\u0159em\u011b bychom to nebyli my, kdybychom i p\u0159i \u010dtvrte\u010dn\u00edm p\u0159edstaven\u00ed nep\u0159ilo\u017eili ruku k d\u00edlu a nerealizovali v\u0161e podle ok\u0159\u00eddlen\u00e9ho &#8222;dva v jednom&#8220;. Tak\u017ee jsme M\u011bstu Boskovice (po\u0159adatel akce) zajistili atrakci pro d\u011bti &#8211; cyklo\u0161kolu a poskytli pro p\u0159\u00edtomn\u00e9 nezbytn\u00e9 z\u00e1zem\u00ed &#8211; n\u00e1\u0161 t\u00fdmov\u00fd stan. A co \u017ee je my\u0161leno t\u00edm &#8222;dva v jednom&#8220;? P\u0159ece to, \u017ee kdy\u017e u\u017e jsme byli v dosahu kvalitn\u00ed, Milana \u0160af\u00e1\u0159e \/ Vlast\u00edka Odehnala \/ Radima Petr\u016f mistrovsk\u00e9 trat\u011b, tak na n\u00ed na\u0161i rajd\u0159i, po ofici\u00e1ln\u00edm skon\u010den\u00ed slavnosti, pod taktovkou Milana Tlamky piln\u011b potr\u00e9novali&#8230; Fin\u00e1le &#8222;Vrchoviny&#8220; se bl\u00ed\u017e\u00ed, a znalost okruhu bude z\u00e1kladn\u00edm kamenem kone\u010dn\u00e9ho \u00fasp\u011bchu! \u00a0Zde\u00a0<strong><a href=\"http:\/\/moravecteam.rajce.idnes.cz\/2016.09.01._Predani_staveniste_Sportpark_Boskovice\/\">Mrkn\u011bte na fotky<\/a><\/strong> ze slun\u00ed\u010dkov\u00e9ho \u010dtvrte\u010dn\u00edho odpoledne v Doubrav\u00e1ch.<\/p>\n<p style=\"text-align: justify;\">\n","protected":false},"excerpt":{"rendered":"<p>Sportpark Boskovice. Pod t\u00edmto n\u00e1zvem se skr\u00fdv\u00e1 z\u00e1zem\u00ed a startovac\u00ed m\u00edsto pro cyklisty, kte\u0159\u00ed by si m\u011bli v nejbli\u017e\u0161\u00edm budoucnu odtud vyrazit na singltreky, kter\u00e9 povedou, v\u011b\u0159me \u017ee a\u017e hluboko do srdce Drahansk\u00e9 vrchoviny, a \u017ee budou kilometrov\u011b podstatn\u011b velkorysej\u0161\u00ed, ne\u017e sou\u010dasn\u00e1, zat\u00edm velmi skrom\u011b koncipovan\u00e1, po\u010d\u00e1te\u010dn\u00ed varianta&#8230; Aby v\u0161e dopadlo smyslupln\u011b, slou\u017eilo hlavn\u011b cyklist\u016fm &hellip; <a href=\"https:\/\/www.moravecteam.cz\/?p=5437\" class=\"more-link\">Pokra\u010dov\u00e1n\u00ed textu <span class=\"screen-reader-text\">Start Sportparku!<\/span> <span class=\"meta-nav\">&rarr;<\/span><\/a><\/p>\n","protected":false},"author":3,"featured_media":5443,"comment_status":"open","ping_status":"closed","sticky":false,"template":"","format":"standard","meta":[],"categories":[13],"tags":[],"_links":{"self":[{"href":"https:\/\/www.moravecteam.cz\/index.php?rest_route=\/wp\/v2\/posts\/5437"}],"collection":[{"href":"https:\/\/www.moravecteam.cz\/index.php?rest_route=\/wp\/v2\/posts"}],"about":[{"href":"https:\/\/www.moravecteam.cz\/index.php?rest_route=\/wp\/v2\/types\/post"}],"author":[{"embeddable":true,"href":"https:\/\/www.moravecteam.cz\/index.php?rest_route=\/wp\/v2\/users\/3"}],"replies":[{"embeddable":true,"href":"https:\/\/www.moravecteam.cz\/index.php?rest_route=%2Fwp%2Fv2%2Fcomments&post=5437"}],"version-history":[{"count":7,"href":"https:\/\/www.moravecteam.cz\/index.php?rest_route=\/wp\/v2\/posts\/5437\/revisions"}],"predecessor-version":[{"id":5448,"href":"https:\/\/www.moravecteam.cz\/index.php?rest_route=\/wp\/v2\/posts\/5437\/revisions\/5448"}],"wp:featuredmedia":[{"embeddable":true,"href":"https:\/\/www.moravecteam.cz\/index.php?rest_route=\/wp\/v2\/media\/5443"}],"wp:attachment":[{"href":"https:\/\/www.moravecteam.cz\/index.php?rest_route=%2Fwp%2Fv2%2Fmedia&parent=5437"}],"wp:term":[{"taxonomy":"category","embeddable":true,"href":"https:\/\/www.moravecteam.cz\/index.php?rest_route=%2Fwp%2Fv2%2Fcategories&post=5437"},{"taxonomy":"post_tag","embeddable":true,"href":"https:\/\/www.moravecteam.cz\/index.php?rest_route=%2Fwp%2Fv2%2Ftags&post=5437"}],"curies":[{"name":"wp","href":"https:\/\/api.w.org\/{rel}","templated":true}]}}