{"id":544,"date":"2015-05-15T17:33:17","date_gmt":"2015-05-15T15:33:17","guid":{"rendered":"http:\/\/www.moravecteam.cz\/?p=544"},"modified":"2015-05-16T08:36:53","modified_gmt":"2015-05-16T06:36:53","slug":"bikerska-spicka-v-praze","status":"publish","type":"post","link":"https:\/\/www.moravecteam.cz\/?p=544","title":{"rendered":"Bikersk\u00e1 \u0161pi\u010dka v Praze."},"content":{"rendered":"<p style=\"text-align: justify;\"><strong>Druh\u00e9 pokra\u010dov\u00e1n\u00ed \u010cesk\u00e9ho poh\u00e1ru horsk\u00fdch kol je na po\u0159adu o nast\u00e1vaj\u00edc\u00edm v\u00edkendu, kdy hostitelem \u00a0\u010cesk\u00e9 \u0161pi\u010dky v \u00a0cross country bude op\u011bt po roce, loni mistrovsk\u00e1 tra\u0165 v Praze &#8211; \u0158ep\u00edch. Skute\u010dnost, \u017ee o t\u00fdden pozd\u011bji se v Nov\u00e9m M\u011bst\u011b na Morav\u011b jede z\u00e1vod sv\u011btov\u00e9ho poh\u00e1ru nazna\u010duje, \u017ee v\u00a0leto\u0161n\u00ed Praze m\u016f\u017eeme\u00a0o\u010dek\u00e1vat \u00a0na startu\u00a0elitn\u00edch dosp\u011bl\u00fdch kategori\u00edch\u00a0setk\u00e1n\u00ed \u0161pi\u010dkov\u00fdch sv\u011btov\u00fdch rajdr\u016f a n\u00e1s samoz\u0159ejm\u011b t\u011b\u0161\u00ed, \u017ee\u00a0mezi nimi budeme m\u00edt i svoje \u017eel\u00edzko v ohni&#8230;\u00a0<\/strong><\/p>\n<p style=\"text-align: justify;\">Na toho \u010dasu \u0161irokou bikerskou ve\u0159ejnost\u00ed sklo\u0148ovanou \u010d\u00e1st Prahy s ryze zeleninov\u00fdm n\u00e1zvem m\u00e1me z lo\u0148sk\u00e9ho Mistrovstv\u00ed \u010cR MTB jen ty nejlep\u0161\u00ed vzpom\u00ednky.\u00a0Jm\u00e9na\u00a0jako Ad\u00e9la \u0160af\u00e1\u0159ov\u00e1, Tom\u00e1\u0161 Tlamka, Petr\u00a0Bo\u0159il \u010di Terezka Obo\u0159ilov\u00e1 byla tehdy v souvislosti s medailov\u00fdmi v\u00fdsledky hodn\u011b sklo\u0148ov\u00e1na a i ostatn\u00ed na\u0161i snajp\u0159i\u00a0zajeli v \u0158ep\u00edch v\u00fdborn\u011b a po z\u00e1sluze byli odm\u011bn\u011bni kvalitn\u00edmi v\u00fdsledky, t\u0159i na\u0161e \u0161tafety nevyj\u00edmaje. Samoz\u0159ejm\u011b se na lo\u0148sk\u00fd \u00fasp\u011bch budeme sna\u017eit nav\u00e1zat, ale situace se po roce hodn\u011b\u00a0zm\u011bnila, p\u0159edev\u0161\u00edm z hladiska person\u00e1ln\u00edho (p\u0159estupy Ad\u00e9ly \u0160af\u00e1\u0159ov\u00e9 a Dominika Prudka), zdravotn\u00edho (zran\u011bn\u00ed Tom\u00e1\u0161e Tlamky) a\u00a0v\u00a0Praze n\u00e1m bude o v\u00edkendu chyb\u011bt i dal\u0161\u00ed lo\u0148sk\u00e1 opora Petr Bo\u0159il, kter\u00fd letos atakuje pon\u011bkud \u00a0adrenal\u00ednov\u011bj\u0161\u00ed sportovn\u00ed discipl\u00ednu, stejn\u011b jako Luk\u00e1\u0161 Gregor, v\u00e1zan\u00fd studijn\u00edmi povinnostmi.<\/p>\n<p style=\"text-align: justify;\">P\u0159esto\u00a0sestava, kter\u00e1 se bude o v\u00edkendu na \u0159epsk\u00fdch trat\u00edch proh\u00e1n\u011bt, nen\u00ed bez \u0161anc\u00ed, co\u017e jednozna\u010dn\u011b nazna\u010dily v\u00fdsledky jednak z Teplic a jednak ze s\u00e9rie\u00a0z\u00e1vod\u016f, kter\u00fdch se na\u0161i v r\u00e1mci p\u0159\u00edpravy na druh\u00fd \u010cP z\u00fa\u010dastnili jak doma tak v zahrani\u010d\u00ed. Komu tedy budeme v Praze dr\u017eet palce? Na\u0161e anga\u017em\u00e1 odstartuje <span style=\"color: #993300;\"><strong>Jakub Tesa\u0159<\/strong> <\/span>v z\u00e1vod\u011b mlad\u0161\u00edch \u017e\u00e1k\u016f, pokra\u010dovat bude kvartet star\u0161\u00edch \u017e\u00e1k\u016f a \u017e\u00e1ky\u0148, kter\u00fd se\u00a0p\u0159edstav\u00ed ji\u017e\u00a0v pln\u00e9 sestav\u011b,\u00a0kterou tvo\u0159\u00ed dv\u011b d\u00edvky &#8211; <strong><span style=\"color: #993300;\">Tereza Obo\u0159ilov\u00e1, Anna Zem\u00e1nkov\u00e1<\/span> <\/strong>&#8211; a dva chlapci &#8211; <span style=\"color: #993300;\"><strong>Tom\u00e1\u0161 Tlamka &#8222;Contador&#8220; s Michalem \u0160m\u00eddou.<\/strong><\/span> Zpozorn\u00edme i p\u0159i startu kadet\u016f a kadetek, kdy zm\u00e1\u010dkneme palce <strong><span style=\"color: #993300;\">Jan\u011b Tesa\u0159ov\u00e9, Honzovi Sm\u00eddovi a Mat\u011bji Maz\u00e1nkovi.<\/span><\/strong> Zaj\u00edmat n\u00e1s budou i junio\u0159i, jmenovit\u011b <strong><span style=\"color: #993300;\">Patrik Kol\u00e1\u0159<\/span><\/strong> s &#8222;uprchl\u00edky&#8220; <span style=\"color: #993300;\"><strong>Dominikem Prudekem a Jirkou \u0160t\u011bpan\u00edkem<\/strong> <\/span>a juniorky, v \u010dele s dal\u0161\u00ed &#8222;uprchlic\u00ed&#8220; <strong><span style=\"color: #993300;\">Ad\u00e9lou \u0160af\u00e1\u0159ovou<\/span><\/strong>. Des\u00edtku na\u0161ich startuj\u00edc\u00edch uzav\u0159e eli\u0165\u00e1k <span style=\"color: #993300;\"><strong>Radim Kov\u00e1\u0159<\/strong><\/span> a bude to on, kdo bude tv\u00e1\u0159\u00ed v tv\u00e1\u0159 &#8211; jak jsem nazna\u010dil v\u00fd\u0161e &#8211; \u010delit soupe\u0159\u016fm z absolutn\u00ed sv\u011btov\u00e9 \u0161pi\u010dky. Tren\u00e9\u0159i nevylou\u010dili ani premi\u00e9rov\u00fd start <span style=\"color: #993300;\"><strong>Moniky Kone\u010dn\u00e9,<\/strong><\/span> kter\u00e9 by mohla \u0159epsk\u00e1 tra\u0165 vyhovovat.<\/p>\n<p style=\"text-align: justify;\">Nejeden z MORAVC\u016e se ur\u010do postav\u00ed na start ji\u017e sobotn\u00edho sprintu, zde na\u0161i tren\u00e9\u0159i postavili \u00fa\u010dast na dobrovolnosti, zaj\u00edm\u00e1 n\u00e1s a d\u016fraz klademe p\u0159edev\u0161\u00edm na ned\u011bln\u00ed z\u00e1vod XCO. Kostky jsou vr\u017eeny, budeme dr\u017eet palce! Propozice s \u010dasov\u00fdmi rozpisy jednotliv\u00fdch start\u016f hledejte zde:\u00a0<strong><a href=\"http:\/\/www.poharmtb.cz\/dalsi-zavod-ceskeho-poharu-mtb-se-uskutecni-v-praze-o-vikendu-16-17-kvetna\/\">http:\/\/www.poharmtb.cz\/dalsi-zavod-ceskeho-poharu-mtb-se-uskutecni-v-praze-o-vikendu-16-17-kvetna\/<\/a>, <\/strong>(kr\u00e1sn\u00e1 fotka \u0161lachovit\u00e9ho Pavla Tlamky v\u010detn\u011b).<\/p>\n<p style=\"text-align: justify;\">\n","protected":false},"excerpt":{"rendered":"<p>Druh\u00e9 pokra\u010dov\u00e1n\u00ed \u010cesk\u00e9ho poh\u00e1ru horsk\u00fdch kol je na po\u0159adu o nast\u00e1vaj\u00edc\u00edm v\u00edkendu, kdy hostitelem \u00a0\u010cesk\u00e9 \u0161pi\u010dky v \u00a0cross country bude op\u011bt po roce, loni mistrovsk\u00e1 tra\u0165 v Praze &#8211; \u0158ep\u00edch. Skute\u010dnost, \u017ee o t\u00fdden pozd\u011bji se v Nov\u00e9m M\u011bst\u011b na Morav\u011b jede z\u00e1vod sv\u011btov\u00e9ho poh\u00e1ru nazna\u010duje, \u017ee v\u00a0leto\u0161n\u00ed Praze m\u016f\u017eeme\u00a0o\u010dek\u00e1vat \u00a0na startu\u00a0elitn\u00edch dosp\u011bl\u00fdch kategori\u00edch\u00a0setk\u00e1n\u00ed \u0161pi\u010dkov\u00fdch &hellip; <a href=\"https:\/\/www.moravecteam.cz\/?p=544\" class=\"more-link\">Pokra\u010dov\u00e1n\u00ed textu <span class=\"screen-reader-text\">Bikersk\u00e1 \u0161pi\u010dka v Praze.<\/span> <span class=\"meta-nav\">&rarr;<\/span><\/a><\/p>\n","protected":false},"author":3,"featured_media":552,"comment_status":"closed","ping_status":"open","sticky":false,"template":"","format":"standard","meta":[],"categories":[1],"tags":[],"_links":{"self":[{"href":"https:\/\/www.moravecteam.cz\/index.php?rest_route=\/wp\/v2\/posts\/544"}],"collection":[{"href":"https:\/\/www.moravecteam.cz\/index.php?rest_route=\/wp\/v2\/posts"}],"about":[{"href":"https:\/\/www.moravecteam.cz\/index.php?rest_route=\/wp\/v2\/types\/post"}],"author":[{"embeddable":true,"href":"https:\/\/www.moravecteam.cz\/index.php?rest_route=\/wp\/v2\/users\/3"}],"replies":[{"embeddable":true,"href":"https:\/\/www.moravecteam.cz\/index.php?rest_route=%2Fwp%2Fv2%2Fcomments&post=544"}],"version-history":[{"count":7,"href":"https:\/\/www.moravecteam.cz\/index.php?rest_route=\/wp\/v2\/posts\/544\/revisions"}],"predecessor-version":[{"id":547,"href":"https:\/\/www.moravecteam.cz\/index.php?rest_route=\/wp\/v2\/posts\/544\/revisions\/547"}],"wp:featuredmedia":[{"embeddable":true,"href":"https:\/\/www.moravecteam.cz\/index.php?rest_route=\/wp\/v2\/media\/552"}],"wp:attachment":[{"href":"https:\/\/www.moravecteam.cz\/index.php?rest_route=%2Fwp%2Fv2%2Fmedia&parent=544"}],"wp:term":[{"taxonomy":"category","embeddable":true,"href":"https:\/\/www.moravecteam.cz\/index.php?rest_route=%2Fwp%2Fv2%2Fcategories&post=544"},{"taxonomy":"post_tag","embeddable":true,"href":"https:\/\/www.moravecteam.cz\/index.php?rest_route=%2Fwp%2Fv2%2Ftags&post=544"}],"curies":[{"name":"wp","href":"https:\/\/api.w.org\/{rel}","templated":true}]}}