{"id":5449,"date":"2016-09-05T14:47:02","date_gmt":"2016-09-05T12:47:02","guid":{"rendered":"http:\/\/www.moravecteam.cz\/?p=5449"},"modified":"2016-09-05T21:03:42","modified_gmt":"2016-09-05T19:03:42","slug":"jedenact-golemu","status":"publish","type":"post","link":"https:\/\/www.moravecteam.cz\/?p=5449","title":{"rendered":"Jeden\u00e1ct Golem\u016f!"},"content":{"rendered":"<p style=\"text-align: justify;\"><strong><span style=\"color: #800000;\">Nikoli legend\u00e1rn\u00edch deset mal\u00fdch \u010dernou\u0161k\u016f, \u010di poh\u00e1dkov\u00fdch dvan\u00e1ct m\u011bs\u00ed\u010dk\u016f&#8230; Tentokr\u00e1t se jednalo o jeden\u00e1ct so\u0161ek mystick\u00fdch Golem\u016f\u00a0, rozlo\u017een\u00fdch a odstup\u0148ovan\u00fdch velikostn\u011b na \u010dty\u0159i\u00a0velk\u00e9,\u00a0\u010dty\u0159i st\u0159edn\u00ed a t\u0159i mal\u00e9. To je pozoruhodn\u00fd sum\u00e1\u0159 na\u0161\u00ed sobotn\u00ed mise na popul\u00e1rn\u00edm MTB maratonu v Blansku. Jako prvn\u00ed zde v\u017edy p\u0159ivede p\u0159\u00edtomn\u00e9 div\u00e1ky do varu v\u00edt\u011bz &#8222;mal\u00e9 trat\u011b&#8220;\u00a0o distanci 36 km, \u00a0kterou v p\u0159ev\u00e1\u017en\u00e9\u00a0 v\u011bt\u0161in\u011b rajd\u0159i na\u0161eho odd\u00edlu ze zn\u00e1m\u00fdch d\u016fvod\u016f ka\u017edoro\u010dn\u011b atakuj\u00ed . A ani nev\u00edm po kolik\u00e1t\u00e9\u00a0u\u017e se v t\u00e9to p\u0159\u00edjemn\u00e9, atraktivn\u00ed \u00a0pozici objevil &#8211; k na\u0161\u00ed velk\u00e9 radosti &#8211; borec v\u00a0barv\u00e1ch MORAVEC Teamu!\u00a0<\/span><\/strong><\/p>\n<figure id=\"attachment_5463\" aria-describedby=\"caption-attachment-5463\" style=\"width: 1492px\" class=\"wp-caption alignnone\"><a href=\"http:\/\/www.moravecteam.cz\/?attachment_id=5463\" rel=\"attachment wp-att-5463\"><img decoding=\"async\" loading=\"lazy\" class=\" wp-image-5463\" alt=\"P1080414\" src=\"http:\/\/www.moravecteam.cz\/wp-content\/uploads\/2016\/09\/P1080414.jpg\" width=\"1492\" height=\"1328\" srcset=\"https:\/\/www.moravecteam.cz\/wp-content\/uploads\/2016\/09\/P1080414.jpg 1492w, https:\/\/www.moravecteam.cz\/wp-content\/uploads\/2016\/09\/P1080414-300x267.jpg 300w, https:\/\/www.moravecteam.cz\/wp-content\/uploads\/2016\/09\/P1080414-1024x911.jpg 1024w\" sizes=\"(max-width: 1492px) 100vw, 1492px\" \/><\/a><figcaption id=\"caption-attachment-5463\" class=\"wp-caption-text\">Prvn\u00ed zp\u011bt z trat\u011b byl MORAVEC Dominik Prudek! A znamenalo to v\u00edt\u011bzstv\u00ed na distanci 36km jak absolutn\u011b, tak samoz\u0159ejm\u011b i v kategorii!<\/figcaption><\/figure>\n<p style=\"text-align: justify;\">Byl j\u00edm junior <strong><span style=\"color: #800000;\"><span style=\"color: #ff9900;\">Dominik Prudek<\/span>, <\/span><\/strong><span style=\"color: #800000;\"><span style=\"color: #000000;\">suver\u00e9nn\u011b <\/span><\/span><span style=\"color: #800000;\"><span style=\"color: #000000;\">nejrychlej\u0161\u00ed biker<\/span> <span style=\"color: #000000;\">dne na &#8222;mal\u00e9m&#8220; okruhu, kter\u00e9mu mohli div\u00e1ci, jako v\u00edt\u011bzi zatleskat po hodin\u011b a necel\u00fdch osmn\u00e1cti minut\u00e1ch od startovn\u00edho v\u00fdst\u0159elu, p\u0159i\u010dem\u017e jeho n\u00e1skok na, zku\u0161en\u00e9ho Honzy Hlou\u0161ka\u00a0 (Atrex), v absolutn\u00edm po\u0159ad\u00ed druh\u00e9ho na kr\u00e1tk\u00e9m okruhu,\u00a0\u010dinil bez m\u00e1la p\u016fl t\u0159et\u00ed minuty!\u00a0Bravo MORAVEC! V t\u00e9to kategorii se bl\u00fdskl v\u00fdborn\u00fdm v\u00fdkonem a v\u00fdsledkem na v\u00edc v c\u00edli \u010dtvrt\u00fd, &#8222;bramborov\u00fd&#8220; Karel Vinick\u00fd a do &#8222;TOP TEN&#8220; se v t\u00e9to kategorii je\u0161t\u011b ve\u0161el i el\u00e9v MORAVEC Teamu a mo\u017en\u00e1 jeden z nejmlad\u0161\u00edch startuj\u00edc\u00edch v cel\u00e9m, tentok\u00e1t docela po\u010detn\u00e9m poli maratonc\u016f, \u0161ikovn\u00fd Jakub Tesa\u0159 (v c\u00edli 8. m\u00edsto).<\/span><\/span><\/p>\n<figure id=\"attachment_5462\" aria-describedby=\"caption-attachment-5462\" style=\"width: 1508px\" class=\"wp-caption alignnone\"><a href=\"http:\/\/www.moravecteam.cz\/?attachment_id=5462\" rel=\"attachment wp-att-5462\"><img decoding=\"async\" loading=\"lazy\" class=\" wp-image-5462\" alt=\"P1080411\" src=\"http:\/\/www.moravecteam.cz\/wp-content\/uploads\/2016\/09\/P1080411.jpg\" width=\"1508\" height=\"1272\" srcset=\"https:\/\/www.moravecteam.cz\/wp-content\/uploads\/2016\/09\/P1080411.jpg 1508w, https:\/\/www.moravecteam.cz\/wp-content\/uploads\/2016\/09\/P1080411-300x253.jpg 300w, https:\/\/www.moravecteam.cz\/wp-content\/uploads\/2016\/09\/P1080411-1024x863.jpg 1024w\" sizes=\"(max-width: 1508px) 100vw, 1508px\" \/><\/a><figcaption id=\"caption-attachment-5462\" class=\"wp-caption-text\">Barevn\u011b dresy na t\u00e9to &#8222;bedn\u011b&#8220; zcela lad\u00ed. Nejlep\u0161\u00ed juniorky jsou v\u0161echny odd\u00edlov\u011b p\u0159\u00edslu\u0161ny k MORAVEC Teamu. Kr\u00e1sn\u00fd hattrick!<\/figcaption><\/figure>\n<p style=\"text-align: justify;\">Z borc\u016f v na\u0161ich dresech si na kr\u00e1tk\u00e9 trati dojel s p\u0159ehledem pro zlato ve v\u011bkov\u00e9\u00a0kategorii nad 50 let i <strong><span style=\"color: #800000;\"><span style=\"color: #ff9900;\">Leo\u0161 Bal\u00e1k<\/span>,<\/span><\/strong><span style=\"color: #800000;\"><span style=\"color: #000000;\"> p\u0159i\u010dem\u017e zm\u00ednit se slu\u0161\u00ed i o jist\u00e9m prvenstv\u00ed na\u0161\u00ed odchovankyn\u011b, \u00a0juniorky <span style=\"color: #ff9900;\"><strong>Ad\u00e9ly \u0160af\u00e1\u0159ov\u00e9 <\/strong><\/span>(toho \u010dasu Nutrend Specialized), kterou na stupn\u011b v\u00edt\u011bz\u016f doprovodili u\u017e v sou\u010dasnosti &#8222;pravov\u011brn\u00e9&#8220; borky z MORAVCE, st\u0159\u00edbrn\u00e1 <span style=\"color: #808080;\"><strong>Anna Zem\u00e1nkov\u00e1<\/strong> <\/span>a bronzov\u00e1 v c\u00edli <strong><span style=\"color: #800000;\">Jana Tesa\u0159ov\u00e1<\/span><\/strong>. Dopln\u00edm je\u0161t\u011b dal\u0161\u00ed bramborov\u00e9 um\u00edst\u011bn\u00ed pro n\u00e1\u0161 t\u00fdm ten den: jako \u010dtvrt\u00e1 mezi juniorkami fini\u0161ovala Krist\u00fdna Haasov\u00e1. Ze zisku st\u0159\u00edbra a bronzu jsme se mohli radovat i ve startu \u017een, kdy\u017e druhou &#8222;bednu&#8220; brala po \u010dase se zase na biku objeviv\u0161\u00ed \u00a0<\/span><\/span><span style=\"color: #800000;\"><strong><span style=\"color: #808080;\">Eva Zem\u00e1nkov\u00e1<\/span>,\u00a0<\/strong><\/span><span style=\"color: #800000;\"><span style=\"color: #000000;\"> na stupn\u011b v\u00edt\u011bz\u016f ji doprovodila v\u00edt\u011bzka posledn\u00edch dvou z\u00e1vod\u016f &#8222;Vrchoviny&#8220; v Bukov\u00e9 a Bo\u0159itov\u011b &#8211; <strong><span style=\"color: #800000;\">Kate\u0159ina Gottwaldov\u00e1,<\/span><\/strong><span style=\"color: #800000;\">\u00a0<\/span>v Blansku tentokr\u00e1t t\u0159et\u00ed.<strong><span style=\"color: #800000;\">\u00a0<\/span><\/strong><\/span><\/span>To ale st\u00e1le je\u0161t\u011b nebylo na okruhu 36 km medailov\u011b pro n\u00e1s v\u0161echno. Leo\u0161i Bal\u00e1kovi d\u011blal ve druh\u00fdch veter\u00e1nech na\u00a0&#8222;bedn\u011b&#8220; &#8222;garde&#8220; v bronzov\u00fd <strong><span style=\"color: #800000;\">Jirka \u0160t\u011bpan\u00edk st<\/span><\/strong>., a v p\u0159im\u011b\u0159en\u011b mlad\u00fdch \u017een\u00e1ch vybojovala cenn\u00e9 st\u0159\u00edbro <span style=\"color: #808080;\"><strong>Ivana Prudkov\u00e1<\/strong><\/span>. <strong><\/strong>Jej\u00ed v\u00fdsledek je o to cenn\u011bj\u0161\u00ed, \u017ee posledn\u00ed 2km trat\u011b absolvovala\u00a0s defektem\u00a0zadn\u00ed pneu. A za t\u00e9to nep\u0159\u00edjemn\u00e9 situace poznala v nouzi p\u0159\u00edtele&#8230; Resp. p\u0159\u00edtelkyni! Tou se stala ji\u017e v\u00fd\u0161e zm\u00edn\u011bn\u00e1 Krist\u00fdna Haasov\u00e1, kter\u00e1 se ke sv\u00e9 t\u00fdmov\u00e9 kolegyni zachovala velmi sportovn\u011b a za cenu vlastn\u00edho zpomalen\u00ed a \u010dasov\u00e9 ztr\u00e1ty j\u00ed po cel\u00fd zbytek trat\u011b pom\u00e1hala do c\u00edle tla\u010den\u00edm&#8230; Na rozd\u00edl od des\u00edtek &#8222;gentleman\u016f&#8220;, kte\u0159\u00ed kolem Ivany\u00a0(a i \u00a0Krist\u00fdny) bez \u00a0jak\u00e9hokoli n\u00e1znaku\u00a0 snahy pomoci, projeli zcela bez pov\u0161imnut\u00ed&#8230; Nejednou se u\u017e na Golemu po projevu z\u00e1vodnick\u00e9 soudr\u017enosti ud\u011blila operativn\u011b cena fair-play. V tu prvn\u00ed z\u00e1\u0159iovou sobotu by si ji ur\u010dit\u011b zaslou\u017eila <span style=\"color: #000000;\"><strong><span style=\"color: #ff9900;\">Krist\u00fdnka Haasov\u00e1<\/span>!<\/strong><\/span><\/p>\n<figure id=\"attachment_5464\" aria-describedby=\"caption-attachment-5464\" style=\"width: 1418px\" class=\"wp-caption alignnone\"><a href=\"http:\/\/www.moravecteam.cz\/?attachment_id=5464\" rel=\"attachment wp-att-5464\"><img decoding=\"async\" loading=\"lazy\" class=\" wp-image-5464\" alt=\"P1080424\" src=\"http:\/\/www.moravecteam.cz\/wp-content\/uploads\/2016\/09\/P1080424.jpg\" width=\"1418\" height=\"1207\" srcset=\"https:\/\/www.moravecteam.cz\/wp-content\/uploads\/2016\/09\/P1080424.jpg 1418w, https:\/\/www.moravecteam.cz\/wp-content\/uploads\/2016\/09\/P1080424-300x255.jpg 300w, https:\/\/www.moravecteam.cz\/wp-content\/uploads\/2016\/09\/P1080424-1024x871.jpg 1024w\" sizes=\"(max-width: 1418px) 100vw, 1418px\" \/><\/a><figcaption id=\"caption-attachment-5464\" class=\"wp-caption-text\">Ivan\u011b Prudkov\u00e9 Golem sed\u00ed. Po lo\u0148sk\u00e9m v\u00edt\u011bzstv\u00ed vybojovala ve sv\u00e9 kategorii letos &#8211; i p\u0159es komplikace s technikou v z\u00e1v\u011bru z\u00e1vodu &#8211; cenn\u00e9 st\u0159\u0159\u00edbro!<\/figcaption><\/figure>\n<p style=\"text-align: justify;\">Na mal\u00e9m okruhu\u00a0 bych zm\u00ednit je\u0161t\u011b hlavn\u00ed z\u00e1vod mu\u017e\u016f. Tam jsme sice na medaile nedos\u00e1hli, ale dv\u011b m\u00edsta v TOP 10 nejsou v\u016fbec \u0161patn\u00e1. \u0160est\u00fd fini\u0161oval Jirka \u0160t\u011bpan\u00edk ml.\u00a0To by nebylo &#8211; vzhledem ke kvalit\u00e1m tohoto rajdra &#8211; ani tak p\u0159ekvapuj\u00edc\u00ed&#8230; Jirka na v\u00edc mohl ve v\u00fdsledkov\u00e9 listin\u011b figurovat mo\u017en\u00e1 i v\u00fd\u0161e, kdyby nedost\u00e1l chlapsky slova sv\u00e9mu otci, kter\u00e9mu d\u011blal po v\u011bt\u0161inu z\u00e1vodu &#8222;vodi\u010de&#8220; a i d\u00edky\u00a0tomu se asi &#8222;star\u00fd Jura&#8220; objevil zaslu\u017een\u011b na bronzov\u00e9 &#8222;bedn\u011b&#8220;. I toto je p\u011bkn\u00fd p\u0159\u00edklad sportovn\u00edho sebeob\u011btov\u00e1n\u00ed se pro druh\u00e9ho&#8230; Chci ale hlavn\u011b zm\u00ednit toto: Na osm\u00e9m m\u00edst\u011b dojel z\u00e1vod mu\u017e\u016f Petr \u0160vancara! Jeden ze zakl\u00e1daj\u00edc\u00edch \u010dlen\u016f MORAVCE v jeho prad\u00e1vn\u00e9 historii, zd\u00e1 se, op\u011bt vyladil stroj &#8211; no a hned z toho byl tak v\u00fdborn\u00fd v\u00fdsledek!\u00a0 Pe\u0165a ze sv\u00e9ho n\u011bkdej\u0161\u00edho kum\u0161tu\u00a0evidentn\u011b nezapomn\u011bl! Jen tak d\u00e1l &#8222;star\u00fd (vlastn\u011b st\u00e1le je\u0161t\u011b mlad\u00fd) brachu&#8220;!<\/p>\n<figure id=\"attachment_5465\" aria-describedby=\"caption-attachment-5465\" style=\"width: 1186px\" class=\"wp-caption alignnone\"><a href=\"http:\/\/www.moravecteam.cz\/?attachment_id=5465\" rel=\"attachment wp-att-5465\"><img decoding=\"async\" loading=\"lazy\" class=\" wp-image-5465\" alt=\"P1080439\" src=\"http:\/\/www.moravecteam.cz\/wp-content\/uploads\/2016\/09\/P1080439.jpg\" width=\"1186\" height=\"1235\" srcset=\"https:\/\/www.moravecteam.cz\/wp-content\/uploads\/2016\/09\/P1080439.jpg 1186w, https:\/\/www.moravecteam.cz\/wp-content\/uploads\/2016\/09\/P1080439-25x25.jpg 25w, https:\/\/www.moravecteam.cz\/wp-content\/uploads\/2016\/09\/P1080439-288x300.jpg 288w, https:\/\/www.moravecteam.cz\/wp-content\/uploads\/2016\/09\/P1080439-983x1024.jpg 983w\" sizes=\"(max-width: 1186px) 100vw, 1186px\" \/><\/a><figcaption id=\"caption-attachment-5465\" class=\"wp-caption-text\">St\u00edhga\u010d No.1 ze Spe\u0161ova, Martin Gottwald nenechal v kopc\u00edch nad Blanskem v sobotu nikoho na pochyb\u00e1ch o sv\u00fdch v\u00fdime\u010dn\u00fdch kvalit\u00e1ch!<\/figcaption><\/figure>\n<p style=\"text-align: justify;\">I na velk\u00e9m, 61 km dlouh\u00e9m okruhu jsme m\u011bli svoje &#8222;\u017eel\u00edzka&#8220; v ohni a ze startu\u00a0t\u0159\u00ed rajdr\u016f n\u00e1m z toho zacinkli hned dv\u011b medaile: zlato v prvn\u00edch veter\u00e1nech s p\u0159ehledem vybojoval v sou\u010dasnosti ve velk\u00e9 pohod\u011b z\u00e1vod\u00edc\u00ed <span style=\"color: #ff9900;\"><strong>Martin Gottwald<\/strong><\/span>, a v p\u0159im\u011b\u0159en\u011b mlad\u00fdch \u017een\u00e1ch se bl\u00fdskla ziskem st\u0159\u00edbrn\u00e9 medaile <span style=\"color: #808080;\"><strong>Radka Haasov\u00e1<\/strong><\/span>. Tu sice letos na startech &#8222;Vrchoviny&#8220; moc nevid\u00edme, ale na tak\u0159ka dom\u00e1c\u00ed trati uk\u00e1zala, \u017ee stabiln\u00ed forma a kondice ji zdaleka neopustila! Dopl\u0148me je\u0161t\u011b v\u00fdsledek tren\u00e9ra na\u0161eho &#8222;\u00e1\u010dka&#8220;, V\u00edti Prudka, jeho\u017e \u0161est\u00e9 m\u00edsto na velk\u00e9 trati ve\u00a0druh\u00fdch veter\u00e1nech m\u00e1 tak\u00e9 ur\u010do vysokou cenu.\u00a0<span style=\"line-height: 1.5;\">A snad se na n\u011bj zbytek rodinn\u00e9ho t\u00fdmu, kter\u00e9mu sv\u00fdm v\u00fdsledkem &#8222;pokazil&#8220; medailov\u00e9 \u017en\u011b, nebude doma zlobit&#8230; Prudkovi, spolu s Gottwaldov\u00fdmi, Zem\u00e1nkov\u00fdmi a Haasov\u00fdmi tak tvo\u0159ily na leto\u0161n\u00edm Golemu vskutku \u00fadern\u00e9 rodinn\u00e9 bikov\u00e9 klany! V\u017edy\u0165 z jeden\u00e1cti medail\u00ed pro MORAVEC jich vybojovali tyto veskrze sportovn\u00ed, cyklistick\u00e9 &#8222;fam\u00edlie&#8220; v\u00edc, jak polovinu! Je\u0161t\u011b jednou tedy, nech\u0165 po sobot\u011b zazn\u00ed: bravo MORAVEC! A d\u00edky moc v\u0161em za vzorn\u00e9 repre odd\u00edlu! Zde najdete <\/span><a style=\"line-height: 1.5;\" href=\"http:\/\/mtbgolem.cz\/?s=vysledky\"><strong>kompletn\u00ed v\u00fdsledkov\u00fd servis<\/strong><\/a><span style=\"line-height: 1.5;\">. A tu\u0165 u\u017e je k omrknut\u00ed odd\u00edlov\u00e1 <\/span><strong style=\"line-height: 1.5;\"><a href=\"http:\/\/moravecteam.rajce.idnes.cz\/2016.09.03._MTB_maraton_Blanensky_Golem\/\">fotogalerie<\/a><\/strong><span style=\"line-height: 1.5;\">.<\/span><\/p>\n","protected":false},"excerpt":{"rendered":"<p>Nikoli legend\u00e1rn\u00edch deset mal\u00fdch \u010dernou\u0161k\u016f, \u010di poh\u00e1dkov\u00fdch dvan\u00e1ct m\u011bs\u00ed\u010dk\u016f&#8230; Tentokr\u00e1t se jednalo o jeden\u00e1ct so\u0161ek mystick\u00fdch Golem\u016f\u00a0, rozlo\u017een\u00fdch a odstup\u0148ovan\u00fdch velikostn\u011b na \u010dty\u0159i\u00a0velk\u00e9,\u00a0\u010dty\u0159i st\u0159edn\u00ed a t\u0159i mal\u00e9. To je pozoruhodn\u00fd sum\u00e1\u0159 na\u0161\u00ed sobotn\u00ed mise na popul\u00e1rn\u00edm MTB maratonu v Blansku. Jako prvn\u00ed zde v\u017edy p\u0159ivede p\u0159\u00edtomn\u00e9 div\u00e1ky do varu v\u00edt\u011bz &#8222;mal\u00e9 trat\u011b&#8220;\u00a0o distanci 36 km, &hellip; <a href=\"https:\/\/www.moravecteam.cz\/?p=5449\" class=\"more-link\">Pokra\u010dov\u00e1n\u00ed textu <span class=\"screen-reader-text\">Jeden\u00e1ct Golem\u016f!<\/span> <span class=\"meta-nav\">&rarr;<\/span><\/a><\/p>\n","protected":false},"author":3,"featured_media":5461,"comment_status":"open","ping_status":"closed","sticky":false,"template":"","format":"standard","meta":[],"categories":[1],"tags":[],"_links":{"self":[{"href":"https:\/\/www.moravecteam.cz\/index.php?rest_route=\/wp\/v2\/posts\/5449"}],"collection":[{"href":"https:\/\/www.moravecteam.cz\/index.php?rest_route=\/wp\/v2\/posts"}],"about":[{"href":"https:\/\/www.moravecteam.cz\/index.php?rest_route=\/wp\/v2\/types\/post"}],"author":[{"embeddable":true,"href":"https:\/\/www.moravecteam.cz\/index.php?rest_route=\/wp\/v2\/users\/3"}],"replies":[{"embeddable":true,"href":"https:\/\/www.moravecteam.cz\/index.php?rest_route=%2Fwp%2Fv2%2Fcomments&post=5449"}],"version-history":[{"count":10,"href":"https:\/\/www.moravecteam.cz\/index.php?rest_route=\/wp\/v2\/posts\/5449\/revisions"}],"predecessor-version":[{"id":5470,"href":"https:\/\/www.moravecteam.cz\/index.php?rest_route=\/wp\/v2\/posts\/5449\/revisions\/5470"}],"wp:featuredmedia":[{"embeddable":true,"href":"https:\/\/www.moravecteam.cz\/index.php?rest_route=\/wp\/v2\/media\/5461"}],"wp:attachment":[{"href":"https:\/\/www.moravecteam.cz\/index.php?rest_route=%2Fwp%2Fv2%2Fmedia&parent=5449"}],"wp:term":[{"taxonomy":"category","embeddable":true,"href":"https:\/\/www.moravecteam.cz\/index.php?rest_route=%2Fwp%2Fv2%2Fcategories&post=5449"},{"taxonomy":"post_tag","embeddable":true,"href":"https:\/\/www.moravecteam.cz\/index.php?rest_route=%2Fwp%2Fv2%2Ftags&post=5449"}],"curies":[{"name":"wp","href":"https:\/\/api.w.org\/{rel}","templated":true}]}}