{"id":5453,"date":"2016-09-05T21:38:52","date_gmt":"2016-09-05T19:38:52","guid":{"rendered":"http:\/\/www.moravecteam.cz\/?p=5453"},"modified":"2016-09-07T23:51:22","modified_gmt":"2016-09-07T21:51:22","slug":"junior-team-se-tuzil","status":"publish","type":"post","link":"https:\/\/www.moravecteam.cz\/?p=5453","title":{"rendered":"Junior Team se tu\u017eil!"},"content":{"rendered":"<p style=\"text-align: justify;\"><span style=\"color: #800000;\"><strong>MTB &#8222;Vrchovina&#8220; vrchol\u00ed a &#8222;druh\u00fd sled&#8220; MORAVEC Teamu, kter\u00fd diriguje velice erudovan\u011b jeho tren\u00e9r Milan Tlamka, tuto skute\u010dnost odpov\u011bdn\u011b vn\u00edm\u00e1. T\u0159\u00eddenn\u00ed soust\u0159ed\u011bn\u00ed hned patn\u00e1ctky mlad\u00fdch rajdr\u016f z Milanovy tr\u00e9ninkov\u00e9 skupiny prob\u011bhlo prvn\u00ed z\u00e1\u0159iov\u00fd (prodlou\u017een\u00fd) v\u00edkend na b\u0159ez\u00edch rybn\u00edku Ol\u0161ovec v Jedovnic\u00edch a tu\u017eili se vzorn\u011b nejen d\u011bti. Sobotn\u00ed ve\u010der byl ve znamen\u00ed n\u00e1v\u0161t\u011bv rodi\u010d\u016f \u00fa\u010dastn\u011bn\u00fdch d\u011bt\u00ed\u00a0i dal\u0161\u00edch mil\u00fdch host\u016f, tak\u017ee se tu\u017eili i vztahy no a kdy\u017e bylo v\u0161e v ned\u011bli zakon\u010deno vyda\u0159en\u00fdm kontroln\u00edm t\u00fdmov\u00fdm z\u00e1vodem, ani se \u00a0nikomu moc z p\u0159\u00edm\u00fdch \u00fa\u010dastn\u00edk\u016f od Ol\u0161ovce zase zp\u011bt dom\u016f, do v\u00edru b\u011b\u017en\u00fdch starost\u00ed &#8211; v\u010detn\u011b t\u011bch \u0161koln\u00edch &#8211; moc necht\u011blo&#8230;<\/strong><\/span><\/p>\n<figure id=\"attachment_5478\" aria-describedby=\"caption-attachment-5478\" style=\"width: 1436px\" class=\"wp-caption alignnone\"><a href=\"http:\/\/www.moravecteam.cz\/?attachment_id=5478\" rel=\"attachment wp-att-5478\"><img decoding=\"async\" loading=\"lazy\" class=\" wp-image-5478\" alt=\"20160902_1042451\" src=\"http:\/\/www.moravecteam.cz\/wp-content\/uploads\/2016\/09\/20160902_1042451.jpg\" width=\"1436\" height=\"870\" srcset=\"https:\/\/www.moravecteam.cz\/wp-content\/uploads\/2016\/09\/20160902_1042451.jpg 1436w, https:\/\/www.moravecteam.cz\/wp-content\/uploads\/2016\/09\/20160902_1042451-300x181.jpg 300w, https:\/\/www.moravecteam.cz\/wp-content\/uploads\/2016\/09\/20160902_1042451-1024x620.jpg 1024w\" sizes=\"(max-width: 1436px) 100vw, 1436px\" \/><\/a><figcaption id=\"caption-attachment-5478\" class=\"wp-caption-text\">Sou\u010d\u00e1st\u00ed p\u0159\u00edpravy MORAVEC Junior Teamu byla i tato j\u00edzda na um\u011bl\u00e9 pumptrekov\u00e9 dr\u00e1ze.<\/figcaption><\/figure>\n<p style=\"text-align: justify;\">Milanovi Tlamkovi pomohli s &#8222;ko\u010d\u00edrov\u00e1n\u00edm&#8220; bikuchtiv\u00e9 mlad\u00e9 &#8222;hladov\u00e9&#8220; z\u00e1vodn\u00ed &#8222;sme\u010dky&#8220; po dobu t\u0159\u00ed dn\u016f jak b\u00fdval\u00e1 skv\u011bl\u00e1 z\u00e1vodnice MORAVEC Teamu, Nikola Hlubinkov\u00e1 se sv\u00fdm p\u0159\u00edtelem , skv\u011bl\u00fdm silni\u010d\u00e1\u0159em Danem Turkem, \u00a0tak i dva sou\u010dasn\u00ed &#8222;\u017ehav\u00ed&#8220; rajd\u0159i &#8222;\u00e1\u010dka&#8220; MORAVCE a Mist\u0159i \u010cR v MTB XCE z ned\u00e1vn\u00e9ho n\u00e1rodn\u00edho \u0161ampion\u00e1tu v Bed\u0159ichov\u011b, Tom\u00e1\u0161 Tlamka &#8222;Contador&#8220; a Dominik Prudek (ten si v sobotu &#8222;odsko\u010dil&#8220; do Blanska vyhr\u00e1t MTB Golema a v ned\u011bli zase zodpov\u011bdn\u011b zakrou\u017eil na dr\u00e1ze brn\u011bnsk\u00e9ho velodromu). Podp\u016frn\u00fd t\u00fdm p\u0159edev\u0161\u00edm ve smyslu provinatn\u00edho z\u00e1zem\u00ed vytvo\u0159ili bezchybn\u011b ma\u017eel\u00e9 Jirka a Ilona Zav\u0159elovi, a kdy\u017e celou p\u0159\u00edpravnou skupinu doplnili v sobotu v podve\u010der je\u0161t\u011b dal\u0161\u00ed pomocn\u00edci z \u0159ad veden\u00ed odd\u00edlu + mnoz\u00ed z rodi\u010d\u016f tr\u00e9nuj\u00edc\u00ed omladiny, nebylo divu, \u017ee o pohodu a v\u00fdbornou n\u00e1ladu nemohla b\u00fdt nouze&#8230; T\u00edm sp\u00ed\u0161, \u017ee mezi n\u00e1s zav\u00edtal i zvl\u00e1\u0161\u0165 mil\u00fd host, kter\u00e9ho zn\u00e1me pod p\u0159ezd\u00edvkou &#8222;Stopa\u0159&#8220;, a kter\u00fd n\u00e1m ka\u017edoro\u010dn\u011b pom\u00e1h\u00e1 &#8222;linkovat&#8220; trasu na\u0161eho pr\u00e1zdninov\u00e9ho cykloputov\u00e1n\u00ed.<\/p>\n<figure id=\"attachment_5476\" aria-describedby=\"caption-attachment-5476\" style=\"width: 1753px\" class=\"wp-caption alignnone\"><a href=\"http:\/\/www.moravecteam.cz\/?attachment_id=5476\" rel=\"attachment wp-att-5476\"><img decoding=\"async\" loading=\"lazy\" class=\" wp-image-5476\" alt=\"OLYMPUS DIGITAL CAMERA\" src=\"http:\/\/www.moravecteam.cz\/wp-content\/uploads\/2016\/09\/P1010059.jpg\" width=\"1753\" height=\"1545\" srcset=\"https:\/\/www.moravecteam.cz\/wp-content\/uploads\/2016\/09\/P1010059.jpg 1753w, https:\/\/www.moravecteam.cz\/wp-content\/uploads\/2016\/09\/P1010059-300x264.jpg 300w, https:\/\/www.moravecteam.cz\/wp-content\/uploads\/2016\/09\/P1010059-1024x902.jpg 1024w\" sizes=\"(max-width: 1753px) 100vw, 1753px\" \/><\/a><figcaption id=\"caption-attachment-5476\" class=\"wp-caption-text\">Adrenalin v sobotu po setm\u011bn\u00ed: no\u010dn\u00ed, asi 4km dlouh\u00e1 vyj\u00ed\u017e\u010fka. Jej\u00edm zpest\u0159en\u00edm bylo setk\u00e1n\u00ed s &#8222;beznoh\u00fdm Jerrym&#8220;.<\/figcaption><\/figure>\n<p style=\"text-align: justify;\">Pro p\u0159\u00edpravu cyklist\u016f jsou Jedovnice, po otev\u0159en\u00ed zdej\u0161\u00edch singtrek\u016f, tak\u0159ka optim\u00e1ln\u00ed. Milan Tlamka, v\u011bdom si dob\u0159e rozd\u00edlnosti sv\u00fdch sv\u011b\u0159enc\u016f nejen v\u011bkov\u00e9, ale t\u00edm p\u00e1dem i v\u00fdkonnostn\u00ed, velice citliv\u011b kl\u00ed\u010dov\u00e9 f\u00e1ze p\u0159\u00edpravy rozd\u011blil, p\u0159i\u010dem\u017e t\u011bm mlad\u0161\u00edm, m\u00e9n\u011b zdatn\u00fdm se v\u011bnoval osobn\u011b a star\u0161\u00ed, zdatn\u011bj\u0161\u00ed sv\u011b\u0159oval Nikole Hlubinkov\u00e9 s Danem, Dom\u010dou a &#8222;Contadorem&#8220;. V\u00fdsledkem toho byly t\u0159i supr dny, kter\u00e9 d\u011bti bavily t\u00edm v\u00edce, \u017ee se cel\u00e1 akce &#8222;potkala&#8220; s tak\u0159ka ide\u00e1ln\u00edm po\u010das\u00edm&#8230; (Jako v\u017edy n\u00e1m je za\u0159\u00eddil z cykloNebe Vlastimil MORAVEC). Nechyb\u011bl ani adrenalin: jednak\u00a0\u00a0d\u00edky sobotn\u00ed no\u010dn\u00ed vyj\u00ed\u017e\u010fce do okol\u00ed z\u00e1ladny MORAVCE, jednak d\u00edky ned\u011bln\u00edmu kontroln\u00edmu z\u00e1vodu, kdy\u017e okruh (cca 500m), na kter\u00e9m se z\u00e1vodilo, architektonicky odborn\u011b po\u0159e\u0161ili p\u0159edev\u0161\u00edm Kamil Koudelka s Liborem Barto\u0161em a jeho\u017e sou\u010d\u00e1st\u00ed byly i docela n\u00e1ro\u010dn\u00e9 prvky cyklo\u0161koly MORAVEC Teamu, kter\u00e9 byly do trat\u011b velice citliv\u011b v\u0159azeny&#8230; A jak \u017ee vrchol soust\u0159ed\u011bn\u00ed, kontroln\u00ed z\u00e1vod po odpov\u011bdn\u00fdch v\u00fdkonech v\u0161ech &#8222;na doraz&#8220;, dopadl v\u00fdsledkov\u011b?<\/p>\n<ul>\n<li>D\u00edvky do 6 let: <strong><span style=\"color: #ff6600;\">1. Magdal\u00e9nka Barto\u0161ov\u00e1<\/span><\/strong>, <strong><span style=\"color: #808080;\">2. Maru\u0161ka Barto\u0161ov\u00e1<\/span><\/strong>, <strong><span style=\"color: #993300;\">3. Zitu\u0161ka \u017dern\u00ed\u010dkov\u00e1\u00a0<\/span><br \/>\n<\/strong><\/li>\n<li>D\u00edvky 7-8 let: <strong><span style=\"color: #ff6600;\">1. Lucinka Koudelkov\u00e1<\/span><\/strong>, <strong><span style=\"color: #808080;\">2. Barborka Janovsk\u00e1<\/span><\/strong><\/li>\n<li>Chlapci 7-8 let: <strong><span style=\"color: #ff6600;\">1. Matou\u0161 Lipensk\u00fd<\/span><\/strong>, <strong><span style=\"color: #808080;\">2.Jirka Zav\u0159el<\/span><\/strong><\/li>\n<li>D\u00edvky 9 &#8211; 10 let: <strong><span style=\"color: #ff6600;\">1. Bar\u010da Tlamkov\u00e1<\/span><\/strong>, <strong><span style=\"color: #808080;\">2. Ani\u010dka Han\u00e1kov\u00e1<\/span><\/strong>, <strong><span style=\"color: #993300;\">3. Ad\u00e9lka Zav\u0159elov\u00e1<\/span><\/strong><\/li>\n<li>Chlapci 9 &#8211; 10 let: <strong><span style=\"color: #ff6600;\">1. Maty\u00e1\u0161 Koudelka<\/span><\/strong><\/li>\n<li>D\u00edvky 11-12 let: <strong><span style=\"color: #ff6600;\">1. Eli\u0161ka Han\u00e1kov\u00e1<\/span><\/strong><\/li>\n<li>Chlapci 11-12 let: <span style=\"color: #ff6600;\"><strong>1. V\u00ed\u0165a Lipensk\u00fd<\/strong><\/span><\/li>\n<li>D\u00edvky 13-14 let: <strong><span style=\"color: #ff6600;\">1. Krist\u00fdna Kol\u00e1\u0159ov\u00e1,<\/span> <span style=\"color: #808080;\">2. Kl\u00e1ra Odehnalov\u00e1<\/span><\/strong><\/li>\n<\/ul>\n<figure id=\"attachment_5477\" aria-describedby=\"caption-attachment-5477\" style=\"width: 1812px\" class=\"wp-caption alignnone\"><a href=\"http:\/\/www.moravecteam.cz\/?attachment_id=5477\" rel=\"attachment wp-att-5477\"><img decoding=\"async\" loading=\"lazy\" class=\" wp-image-5477\" alt=\"OLYMPUS DIGITAL CAMERA\" src=\"http:\/\/www.moravecteam.cz\/wp-content\/uploads\/2016\/09\/P1010126.jpg\" width=\"1812\" height=\"1559\" srcset=\"https:\/\/www.moravecteam.cz\/wp-content\/uploads\/2016\/09\/P1010126.jpg 1812w, https:\/\/www.moravecteam.cz\/wp-content\/uploads\/2016\/09\/P1010126-300x258.jpg 300w, https:\/\/www.moravecteam.cz\/wp-content\/uploads\/2016\/09\/P1010126-1024x881.jpg 1024w\" sizes=\"(max-width: 1812px) 100vw, 1812px\" \/><\/a><figcaption id=\"caption-attachment-5477\" class=\"wp-caption-text\">Tom\u00e1\u0161 Tlamka &#8222;Contador&#8220; v nov\u00e9 \u00faloze p\u0159i p\u0159ed\u00e1v\u00e1n\u00ed cen sv\u00fdm mlad\u0161\u00edm t\u00fdmov\u00fdm koleg\u016fm po konroln\u00ed &#8222;race&#8220;. A jako v\u017edy si Tom vedl v\u00fdborn\u011b!<\/figcaption><\/figure>\n<p style=\"text-align: justify;\"><span style=\"text-align: justify; line-height: 1.5;\">Z\u00e1v\u011brem nechyb\u011blo vyhl\u00e1\u0161en\u00ed v\u00fdsledk\u016f s pat\u0159i\u010dnou fanf\u00e1rou a i ocen\u011bn\u00ed v\u0161ech odpov\u00eddalo \u00a0jejich t\u0159\u00eddenn\u00edmu piln\u00e9mu sna\u017een\u00ed&#8230; Zkr\u00e1tka Junior Team MORAVCE je na fini\u0161 MTB Poh\u00e1ru Drahansk\u00e9 vrchoviny &#8211; i d\u00edky jedovnick\u00e9mu soust\u0159ed\u011bn\u00ed &#8211; p\u0159ipraven velmi dob\u0159e! A vstru\u010dn\u00fd vzkaz soupe\u0159\u016fm: bacha na n\u00e1s! Zde <\/span><strong style=\"text-align: justify; line-height: 1.5;\"><a href=\"http:\/\/moravecteam.rajce.idnes.cz\/2016.09.04._Soustredeni_MORAVEC_Junior_Team_Jedovnice\/\">mrkn\u011bte na prvn\u00ed fotky<\/a><\/strong><span style=\"text-align: justify; line-height: 1.5;\"> z v\u00edkendov\u00fdch p\u0159\u00edpravn\u00fdch Jedovnic.<\/span><\/p>\n<p style=\"text-align: justify;\">\n","protected":false},"excerpt":{"rendered":"<p>MTB &#8222;Vrchovina&#8220; vrchol\u00ed a &#8222;druh\u00fd sled&#8220; MORAVEC Teamu, kter\u00fd diriguje velice erudovan\u011b jeho tren\u00e9r Milan Tlamka, tuto skute\u010dnost odpov\u011bdn\u011b vn\u00edm\u00e1. T\u0159\u00eddenn\u00ed soust\u0159ed\u011bn\u00ed hned patn\u00e1ctky mlad\u00fdch rajdr\u016f z Milanovy tr\u00e9ninkov\u00e9 skupiny prob\u011bhlo prvn\u00ed z\u00e1\u0159iov\u00fd (prodlou\u017een\u00fd) v\u00edkend na b\u0159ez\u00edch rybn\u00edku Ol\u0161ovec v Jedovnic\u00edch a tu\u017eili se vzorn\u011b nejen d\u011bti. Sobotn\u00ed ve\u010der byl ve znamen\u00ed n\u00e1v\u0161t\u011bv rodi\u010d\u016f \u00fa\u010dastn\u011bn\u00fdch &hellip; <a href=\"https:\/\/www.moravecteam.cz\/?p=5453\" class=\"more-link\">Pokra\u010dov\u00e1n\u00ed textu <span class=\"screen-reader-text\">Junior Team se tu\u017eil!<\/span> <span class=\"meta-nav\">&rarr;<\/span><\/a><\/p>\n","protected":false},"author":3,"featured_media":5475,"comment_status":"open","ping_status":"closed","sticky":false,"template":"","format":"standard","meta":[],"categories":[9],"tags":[],"_links":{"self":[{"href":"https:\/\/www.moravecteam.cz\/index.php?rest_route=\/wp\/v2\/posts\/5453"}],"collection":[{"href":"https:\/\/www.moravecteam.cz\/index.php?rest_route=\/wp\/v2\/posts"}],"about":[{"href":"https:\/\/www.moravecteam.cz\/index.php?rest_route=\/wp\/v2\/types\/post"}],"author":[{"embeddable":true,"href":"https:\/\/www.moravecteam.cz\/index.php?rest_route=\/wp\/v2\/users\/3"}],"replies":[{"embeddable":true,"href":"https:\/\/www.moravecteam.cz\/index.php?rest_route=%2Fwp%2Fv2%2Fcomments&post=5453"}],"version-history":[{"count":13,"href":"https:\/\/www.moravecteam.cz\/index.php?rest_route=\/wp\/v2\/posts\/5453\/revisions"}],"predecessor-version":[{"id":5492,"href":"https:\/\/www.moravecteam.cz\/index.php?rest_route=\/wp\/v2\/posts\/5453\/revisions\/5492"}],"wp:featuredmedia":[{"embeddable":true,"href":"https:\/\/www.moravecteam.cz\/index.php?rest_route=\/wp\/v2\/media\/5475"}],"wp:attachment":[{"href":"https:\/\/www.moravecteam.cz\/index.php?rest_route=%2Fwp%2Fv2%2Fmedia&parent=5453"}],"wp:term":[{"taxonomy":"category","embeddable":true,"href":"https:\/\/www.moravecteam.cz\/index.php?rest_route=%2Fwp%2Fv2%2Fcategories&post=5453"},{"taxonomy":"post_tag","embeddable":true,"href":"https:\/\/www.moravecteam.cz\/index.php?rest_route=%2Fwp%2Fv2%2Ftags&post=5453"}],"curies":[{"name":"wp","href":"https:\/\/api.w.org\/{rel}","templated":true}]}}