{"id":5482,"date":"2016-09-05T22:54:53","date_gmt":"2016-09-05T20:54:53","guid":{"rendered":"http:\/\/www.moravecteam.cz\/?p=5482"},"modified":"2016-09-07T22:52:14","modified_gmt":"2016-09-07T20:52:14","slug":"co-se-bude-dit-st36-2","status":"publish","type":"post","link":"https:\/\/www.moravecteam.cz\/?p=5482","title":{"rendered":"Co se bude d\u00edt? (ST36)"},"content":{"rendered":"<h5><span style=\"color: #800000;\">St\u0159eda 7.9. 2016<\/span><\/h5>\n<p style=\"text-align: justify;\">Tr\u00e9nink mlad\u00fdch cyklist\u016f druh\u00e9 vlny venku na kolech s tren\u00e9rem\u00a0<span style=\"color: #800000;\"><strong>Milanem Tlamkou (776 108 046)<\/strong><\/span>.\u00a0Sraz v 17.00 na Okrouhl\u00e9 u Tlamk\u016f \u010d.p. 117. \u00c1\u010dko MORAVCE v t\u00fddnu potr\u00e9nuje dle pokyn\u016f tren\u00e9ra\u00a0<span style=\"color: #800000;\"><strong>V\u00edti Prudka (731 180 096)<\/strong><\/span>.<\/p>\n<h5 style=\"text-align: justify;\"><span style=\"color: #800000;\">Sobota 10.9. 2016<\/span><\/h5>\n<p style=\"text-align: justify;\">P\u0159\u00edprava trat\u00ed fin\u00e1le MTB &#8222;Vrchoviny&#8220; v Boskovic\u00edch. Makat budeme v prostoru startu a c\u00edle, <strong><span style=\"color: #800000;\">na boskovick\u00e9 brokov\u00e9 st\u0159elnici, kde se sejdeme ve 13.30 hod.<\/span><\/strong> Bude se hlavn\u011b sekat tr\u00e1va a gruntovat z\u00e1zem\u00ed (chatka, soci\u00e1ln\u00ed za\u017eizen\u00ed). Tak\u017ee kdo m\u00e1te mo\u017enost vz\u00edt k\u0159ovino\u0159ezy, vezm\u011bte je, hr\u00e1b\u011b se ur\u010dit\u011b budou taky hodit&#8230; No a samoz\u0159ejm\u011b nezapom\u011b\u0148te s sebou vz\u00edt dobrou n\u00e1ladu!<\/p>\n<h5><span style=\"color: #800000;\">Ned\u011ble 11.9. 2016<\/span><\/h5>\n<p style=\"text-align: justify;\">P\u0159\u00edprava trat\u00ed fin\u00e1le MTB &#8222;Vrchoviny&#8220; v Boskovic\u00edch. Makat budeme v prostoru startu a c\u00edle, na boskovick\u00e9 brokov\u00e9 st\u0159elnici. Budeme pokra\u010dovat v souladu s v\u00fdsledkem sobotn\u00ed pr\u00e1ce, na za\u010d\u00e1tku pr\u00e1ce se domluv\u00edme v z\u00e1v\u011bru sobotn\u00ed &#8222;maka\u010dky&#8220;.<\/p>\n","protected":false},"excerpt":{"rendered":"<p>St\u0159eda 7.9. 2016 Tr\u00e9nink mlad\u00fdch cyklist\u016f druh\u00e9 vlny venku na kolech s tren\u00e9rem\u00a0Milanem Tlamkou (776 108 046).\u00a0Sraz v 17.00 na Okrouhl\u00e9 u Tlamk\u016f \u010d.p. 117. \u00c1\u010dko MORAVCE v t\u00fddnu potr\u00e9nuje dle pokyn\u016f tren\u00e9ra\u00a0V\u00edti Prudka (731 180 096). Sobota 10.9. 2016 P\u0159\u00edprava trat\u00ed fin\u00e1le MTB &#8222;Vrchoviny&#8220; v Boskovic\u00edch. Makat budeme v prostoru startu a c\u00edle, na &hellip; <a href=\"https:\/\/www.moravecteam.cz\/?p=5482\" class=\"more-link\">Pokra\u010dov\u00e1n\u00ed textu <span class=\"screen-reader-text\">Co se bude d\u00edt? (ST36)<\/span> <span class=\"meta-nav\">&rarr;<\/span><\/a><\/p>\n","protected":false},"author":3,"featured_media":5488,"comment_status":"open","ping_status":"closed","sticky":false,"template":"","format":"standard","meta":[],"categories":[11],"tags":[],"_links":{"self":[{"href":"https:\/\/www.moravecteam.cz\/index.php?rest_route=\/wp\/v2\/posts\/5482"}],"collection":[{"href":"https:\/\/www.moravecteam.cz\/index.php?rest_route=\/wp\/v2\/posts"}],"about":[{"href":"https:\/\/www.moravecteam.cz\/index.php?rest_route=\/wp\/v2\/types\/post"}],"author":[{"embeddable":true,"href":"https:\/\/www.moravecteam.cz\/index.php?rest_route=\/wp\/v2\/users\/3"}],"replies":[{"embeddable":true,"href":"https:\/\/www.moravecteam.cz\/index.php?rest_route=%2Fwp%2Fv2%2Fcomments&post=5482"}],"version-history":[{"count":7,"href":"https:\/\/www.moravecteam.cz\/index.php?rest_route=\/wp\/v2\/posts\/5482\/revisions"}],"predecessor-version":[{"id":5490,"href":"https:\/\/www.moravecteam.cz\/index.php?rest_route=\/wp\/v2\/posts\/5482\/revisions\/5490"}],"wp:featuredmedia":[{"embeddable":true,"href":"https:\/\/www.moravecteam.cz\/index.php?rest_route=\/wp\/v2\/media\/5488"}],"wp:attachment":[{"href":"https:\/\/www.moravecteam.cz\/index.php?rest_route=%2Fwp%2Fv2%2Fmedia&parent=5482"}],"wp:term":[{"taxonomy":"category","embeddable":true,"href":"https:\/\/www.moravecteam.cz\/index.php?rest_route=%2Fwp%2Fv2%2Fcategories&post=5482"},{"taxonomy":"post_tag","embeddable":true,"href":"https:\/\/www.moravecteam.cz\/index.php?rest_route=%2Fwp%2Fv2%2Ftags&post=5482"}],"curies":[{"name":"wp","href":"https:\/\/api.w.org\/{rel}","templated":true}]}}