{"id":5494,"date":"2016-09-12T22:44:36","date_gmt":"2016-09-12T20:44:36","guid":{"rendered":"http:\/\/www.moravecteam.cz\/?p=5494"},"modified":"2016-09-12T23:04:00","modified_gmt":"2016-09-12T21:04:00","slug":"back-to-poland","status":"publish","type":"post","link":"https:\/\/www.moravecteam.cz\/?p=5494","title":{"rendered":"&#8222;Back to Poland&#8220;!"},"content":{"rendered":"<p style=\"text-align: justify;\"><span style=\"color: #800000;\"><strong>Zp\u00e1tky do Polska! Tak m\u016f\u017eeme voln\u011b p\u0159elo\u017eit nadpis t\u00e9to aktuality a neznamen\u00e1 to nic jin\u00e9ho, \u017ee bike\u0159i MORAVCE po letech op\u011bt na\u0161li cestu k na\u0161im severn\u00edm soused\u016fm a samoz\u0159ejm\u011b taky soupe\u0159\u016fm&#8230;. P\u0159edev\u0161\u00edm jm\u00e9na polsk\u00fdch m\u011bste\u010dek Szcawno Zdr\u00f3j \u010di Jelenia Gora jsou je\u0161t\u011b z \u010das\u016f \u00e9ry <a href=\"http:\/\/moravec.benesov-u-boskovic.cz\/cz\/zavody\/2010\/jelenia-gora-9-5\/\">Radima Kov\u00e1\u0159e<\/a> a <a href=\"http:\/\/moravec.benesov-u-boskovic.cz\/cz\/zavody\/2009\/szcawno-zdroj-18-4\/\">Nikoly Hlubinkov\u00e9<\/a> st\u00e1le v na\u0161\u00ed \u017eiv\u00e9 pam\u011bti. A pr\u00e1v\u011b do Jelenie Gory &#8222;zabrousil&#8220; minulou sobotu \u00fadern\u00fd t\u00fdm MORAVCE a k na\u0161\u00ed \u00a0radosti se jednalo o n\u00e1vrat ve velk\u00e9m stylu!<\/strong><\/span><\/p>\n<figure id=\"attachment_5519\" aria-describedby=\"caption-attachment-5519\" style=\"width: 592px\" class=\"wp-caption alignnone\"><a href=\"http:\/\/www.moravecteam.cz\/?attachment_id=5519\" rel=\"attachment wp-att-5519\"><img decoding=\"async\" loading=\"lazy\" class=\" wp-image-5519\" alt=\"golemmtbvy2108\" src=\"http:\/\/www.moravecteam.cz\/wp-content\/uploads\/2016\/09\/golemmtbvy2108.jpg\" width=\"592\" height=\"630\" srcset=\"https:\/\/www.moravecteam.cz\/wp-content\/uploads\/2016\/09\/golemmtbvy2108.jpg 592w, https:\/\/www.moravecteam.cz\/wp-content\/uploads\/2016\/09\/golemmtbvy2108-281x300.jpg 281w\" sizes=\"(max-width: 592px) 100vw, 592px\" \/><\/a><figcaption id=\"caption-attachment-5519\" class=\"wp-caption-text\">Letos m\u00e1 Dominik Prudek opr\u00e1vn\u011bn\u00fd d\u016fvod ke spokojen\u00e9mu sm\u011bvu. Mistr \u010cR v MTB XCE se m\u016f\u017ee po sobot\u011b pochlubit st\u0159\u00edbrem z MTB XCO v Jeleni Go\u0159e.<\/figcaption><\/figure>\n<p style=\"text-align: justify;\">Stalo se ji\u017e za\u017eitou tradic\u00ed, \u017ee ve jmenovan\u00e9 lokalit\u011b na polsk\u00e9 stran\u011b Krkono\u0161 po\u0159\u00e1d\u00e1 z\u00e1vod zdej\u0161\u00ed roda\u010dka skv\u011bl\u00e1 polsk\u00e1 bikerka Maja Wloszowska a ne jinak tomu bylo i letos. Vzorn\u011b p\u0159ipraven\u00e1 &#8222;race&#8220; na kvalitn\u00ed n\u00e1ro\u010dn\u00e9 trati a za stejn\u011b kvalitn\u00ed a t\u011b\u017ek\u00e9 konkurence si &#8222;st\u0159ihnul&#8220; n\u00e1\u0161 letos velmi \u00fasp\u011b\u0161n\u00fd junior <span style=\"color: #800000;\"><strong>Dominik Prudek<\/strong><\/span>. Ve sv\u00e9m startu odvedl kvalitn\u00ed pr\u00e1ci a na \u00fasp\u011bchy sv\u00fdch v\u00fd\u0161e jmenovan\u00fdch MORAVC\u016e dok\u00e1zal nav\u00e1zat! Od startu ud\u00e1val tempo z\u00e1vodu, hl\u00eddal si \u010del z\u00e1vodu a v z\u00e1v\u011bru nesta\u010dil pouze na dal\u0161\u00edho z &#8222;p\u0159espoln\u00edch&#8220; \u010cech\u016f, sv\u00e9ho u\u017e letit\u00e9ho soupe\u0159e, Michaela Ze\u0165\u00e1ka. Oba za sebou nechali velmi po\u010detnou, na\u017ehavenou a bezesporu kvalitn\u00ed \u00faderku dom\u00e1c\u00edch borc\u016f, co\u017e je skute\u010dnost velmi pozoruhodn\u00e1! \u00a0V\u017edy\u0165 pol\u0161t\u00ed &#8222;rajd\u0159i &#8211; srdca\u0159i&#8220; jen velmi neradi p\u0159enech\u00e1vaj\u00ed nejvy\u0161\u0161\u00ed vav\u0159\u00edny v dom\u00e1c\u00edm prost\u0159ed\u00ed n\u011bkomu ciz\u00edmu&#8230; O to je &#8222;double&#8220; v\u00fdsledek \u010desk\u00e9ho dua cenn\u011bj\u0161\u00ed! Zde si m\u016f\u017eete odkontrolovat\u00a0<strong><a href=\"http:\/\/wyniki.datasport.pl\/results1941\/wyniki\/05_JUNIORS_MEN.pdf\">v\u00fdsledky<\/a>\u00a0<\/strong>a uvid\u00edte, \u017ee nekec\u00e1m&#8230;<strong><br \/>\n<\/strong><\/p>\n<figure id=\"attachment_5520\" aria-describedby=\"caption-attachment-5520\" style=\"width: 557px\" class=\"wp-caption alignnone\"><a href=\"http:\/\/www.moravecteam.cz\/?attachment_id=5520\" rel=\"attachment wp-att-5520\"><img decoding=\"async\" loading=\"lazy\" class=\" wp-image-5520\" alt=\"golemmtbvy2012\" src=\"http:\/\/www.moravecteam.cz\/wp-content\/uploads\/2016\/09\/golemmtbvy2012.jpg\" width=\"557\" height=\"454\" srcset=\"https:\/\/www.moravecteam.cz\/wp-content\/uploads\/2016\/09\/golemmtbvy2012.jpg 557w, https:\/\/www.moravecteam.cz\/wp-content\/uploads\/2016\/09\/golemmtbvy2012-300x244.jpg 300w\" sizes=\"(max-width: 557px) 100vw, 557px\" \/><\/a><figcaption id=\"caption-attachment-5520\" class=\"wp-caption-text\">Vzhledem ke sv\u00fdm leto\u0161n\u00edm v\u00fdborn\u00fdm v\u00fdsledk\u016fm je Dominik logicky st\u0159edem pozornosti m\u00e9di\u00ed.<\/figcaption><\/figure>\n<p style=\"text-align: justify;\">\u017de m\u00e1 p\u0159ed cyklokrosy <strong><span style=\"color: #800000;\">Dominik Prudek<\/span><\/strong> sil na rozd\u00e1v\u00e1n\u00ed, o tom sv\u011bd\u010d\u00ed i jeho v\u00fdborn\u00fd v\u00fdsledek, kter\u00e9ho dos\u00e1hl minul\u00fd t\u00fdden na ov\u00e1lu dr\u00e1hy brn\u011bnsk\u00e9ho velodromu. Na juniorsk\u00e9m dr\u00e1ha\u0159sk\u00e9m n\u00e1rodn\u00edm \u0161ampion\u00e1tu byl Dom\u010da kl\u00ed\u010dovou osobnost\u00ed kvarteta Favoritu Brno, kter\u00e9\u00a0ve st\u00edhac\u00edm z\u00e1vod\u011b dru\u017estev na 4km vybojovalo bronzovou medaili! Tak\u017ee je\u0161t\u011b jedna pochvala pro Dominika! A d\u00edky moc, chlape, \u00a0za vzorn\u00e9 repre MORAVCE!<\/p>\n","protected":false},"excerpt":{"rendered":"<p>Zp\u00e1tky do Polska! Tak m\u016f\u017eeme voln\u011b p\u0159elo\u017eit nadpis t\u00e9to aktuality a neznamen\u00e1 to nic jin\u00e9ho, \u017ee bike\u0159i MORAVCE po letech op\u011bt na\u0161li cestu k na\u0161im severn\u00edm soused\u016fm a samoz\u0159ejm\u011b taky soupe\u0159\u016fm&#8230;. P\u0159edev\u0161\u00edm jm\u00e9na polsk\u00fdch m\u011bste\u010dek Szcawno Zdr\u00f3j \u010di Jelenia Gora jsou je\u0161t\u011b z \u010das\u016f \u00e9ry Radima Kov\u00e1\u0159e a Nikoly Hlubinkov\u00e9 st\u00e1le v na\u0161\u00ed \u017eiv\u00e9 pam\u011bti. &hellip; <a href=\"https:\/\/www.moravecteam.cz\/?p=5494\" class=\"more-link\">Pokra\u010dov\u00e1n\u00ed textu <span class=\"screen-reader-text\">&#8222;Back to Poland&#8220;!<\/span> <span class=\"meta-nav\">&rarr;<\/span><\/a><\/p>\n","protected":false},"author":3,"featured_media":5518,"comment_status":"open","ping_status":"closed","sticky":false,"template":"","format":"standard","meta":[],"categories":[1],"tags":[],"_links":{"self":[{"href":"https:\/\/www.moravecteam.cz\/index.php?rest_route=\/wp\/v2\/posts\/5494"}],"collection":[{"href":"https:\/\/www.moravecteam.cz\/index.php?rest_route=\/wp\/v2\/posts"}],"about":[{"href":"https:\/\/www.moravecteam.cz\/index.php?rest_route=\/wp\/v2\/types\/post"}],"author":[{"embeddable":true,"href":"https:\/\/www.moravecteam.cz\/index.php?rest_route=\/wp\/v2\/users\/3"}],"replies":[{"embeddable":true,"href":"https:\/\/www.moravecteam.cz\/index.php?rest_route=%2Fwp%2Fv2%2Fcomments&post=5494"}],"version-history":[{"count":8,"href":"https:\/\/www.moravecteam.cz\/index.php?rest_route=\/wp\/v2\/posts\/5494\/revisions"}],"predecessor-version":[{"id":5525,"href":"https:\/\/www.moravecteam.cz\/index.php?rest_route=\/wp\/v2\/posts\/5494\/revisions\/5525"}],"wp:featuredmedia":[{"embeddable":true,"href":"https:\/\/www.moravecteam.cz\/index.php?rest_route=\/wp\/v2\/media\/5518"}],"wp:attachment":[{"href":"https:\/\/www.moravecteam.cz\/index.php?rest_route=%2Fwp%2Fv2%2Fmedia&parent=5494"}],"wp:term":[{"taxonomy":"category","embeddable":true,"href":"https:\/\/www.moravecteam.cz\/index.php?rest_route=%2Fwp%2Fv2%2Fcategories&post=5494"},{"taxonomy":"post_tag","embeddable":true,"href":"https:\/\/www.moravecteam.cz\/index.php?rest_route=%2Fwp%2Fv2%2Ftags&post=5494"}],"curies":[{"name":"wp","href":"https:\/\/api.w.org\/{rel}","templated":true}]}}