{"id":5497,"date":"2016-09-12T22:45:18","date_gmt":"2016-09-12T20:45:18","guid":{"rendered":"http:\/\/www.moravecteam.cz\/?p=5497"},"modified":"2016-09-13T15:33:51","modified_gmt":"2016-09-13T13:33:51","slug":"co-se-bude-dit-st37-2","status":"publish","type":"post","link":"https:\/\/www.moravecteam.cz\/?p=5497","title":{"rendered":"Co se bude d\u00edt? (ST37)-2"},"content":{"rendered":"<h5><span style=\"color: #800000;\"><strong>St\u0159eda 14.9. 2016<\/strong><\/span><\/h5>\n<ul>\n<li style=\"text-align: justify;\">MTB z\u00e1vod v \u00dast\u00ed nad Orlic\u00ed &#8222;\u00dasteck\u00e9 schody&#8220;, kter\u00fd po\u0159\u00e1d\u00e1 ji\u017e tradi\u010dn\u011b Jarda Kulhav\u00fd. Berte to jako typ na &#8222;rozcvi\u010dku&#8220; p\u0159ed &#8222;Vrchovinou&#8220; ve Velenov\u011b. Zde je k omrknut\u00ed\u00a0<strong style=\"line-height: 1.5;\"><a href=\"http:\/\/www.hledasevitez.cz\/\">pozv\u00e1nka<\/a>.<\/strong><\/li>\n<li style=\"text-align: justify;\">Za\u010d\u00edn\u00e1 silni\u010dn\u00ed ME ve Francii (m\u011bste\u010dko Plumelec v Normandii), kde bude v juniorsk\u00fdch z\u00e1vodech reprezentovat \u010ceskou republiku i na\u0161 odchovankyn\u011b Ad\u00e9la \u0160af\u00e1\u0159ov\u00e1. Pojede \u010dasovku a z\u00e1vod s hromadn\u00fdm startem. Budeme j\u00ed, samo, \u017ee, dr\u017eet palce! Zde jsou k silni\u010dn\u00edmu kontinent\u00e1ln\u00edmu \u0161ampion\u00e1tu <strong><a href=\"http:\/\/www.ceskysvazcyklistiky.cz\/clanek\/5031_sestnact-cyklistu-na-me-ve-francii\">podrobnosti<\/a><\/strong>.<\/li>\n<\/ul>\n<h5><span style=\"color: #800000;\"><strong>\u010ctvrtek 15.9. 2016<\/strong><\/span><\/h5>\n<p style=\"text-align: justify;\">Tr\u00e9nink mlad\u00fdch cyklist\u016f druh\u00e9 vlny venku na kolech s tren\u00e9rem Milanem Tlamkou (776 108 046) a jeho asistenty.\u00a0Sraz v 17.00 na brokov\u00e9 st\u0159elnici v Boskovic\u00edch. \u00c1\u010dko MORAVCE v t\u00fddnu potr\u00e9nuje dle pokyn\u016f tren\u00e9ra\u00a0V\u00edti Prudka (731 180 096).<\/p>\n<h5><span style=\"color: #800000;\">P\u00e1tek 16.9. 2016<\/span><\/h5>\n<p style=\"text-align: justify;\">Od 17.00 hodin tr\u00e9nink MORAVC\u016e na trat\u00edch 13. z\u00e1vodu MTB Poh\u00e1ru Drahansk\u00e9 vrchoviny, ve Velenov\u011b. Jinak ur\u010den\u00ed z\u00e1stupci MORAVEC Teamu (sraz v prostoru startu a c\u00edle\u00a0tak\u00e9 v 17.00 hodin) dolad\u00ed s\u00a0m\u00edstn\u00edmi \u00a0po\u0159adateli v\u0161e pot\u0159ebn\u00e9 na sobotn\u00ed z\u00e1vod MTB XCO.<\/p>\n<h5><span style=\"color: #800000;\">Sobota 17.9. 2016<\/span><\/h5>\n<p style=\"text-align: justify;\">T\u0159in\u00e1ct\u00fd z\u00e1vod 15. ro\u010dn\u00edku MTB Poh\u00e1ru Drahansk\u00e9 Vrchoviny ve Velenov\u011b. Sraz MORAVC\u016e, kte\u0159\u00ed budou pom\u00e1hat s organizac\u00ed z\u00e1vodu je v 7.45 hodin v prostoru startu a c\u00edle z\u00e1vodu (za obecn\u00edm \u00fa\u0159adem). Ostatn\u00ed si \u00fa\u010dast a dopravu na z\u00e1vod zaji\u0161\u0165uj\u00ed individu\u00e1ln\u011b.\u00a0\u00a0Zde studujte\u00a0<strong><a href=\"http:\/\/www.pohardrahanskevrchoviny.cz\/trinacty-dil-velenov\/\">propozice<\/a><\/strong>\u00a0a pl\u00e1nky trat\u00ed.<\/p>\n<h5 style=\"text-align: justify;\"><span style=\"color: #800000;\">Ned\u011ble 18.9. 2016<\/span><\/h5>\n<p style=\"text-align: justify;\">Tradi\u010dn\u00ed Pell\u00b4s krit\u00e9rium, kter\u00e9 se jede v Brn\u011b, a na kter\u00e9m letos nebude chyb\u011bt ani st\u0159\u00edbrn\u00fd medailista z LOH v Rio de Janeiro, Jaroslav Kulhav\u00fd. N\u00e1ro\u010dn\u00fd z\u00e1vod se samoz\u0159ejm\u011b p\u0159\u00edpadn\u011b t\u00fdk\u00e1 star\u0161\u00edch borc\u016f a borek z na\u0161eho &#8222;\u00e1\u010dka&#8220; a svoji \u00fa\u010dast na n\u011bm neopome\u0148te konzultovat s tren\u00e9rem V\u00ed\u0165ou Prudkem. T\u00edm sp\u00ed\u0161, budete-li m\u00edt v noh\u00e1ch z p\u0159ede\u0161l\u00e9ho dne Velenov&#8230; Zde jsou <strong><a href=\"http:\/\/www.mtbkriterium.cz\/\">podrobnosti k z\u00e1vodu<\/a><\/strong>.<\/p>\n<p style=\"text-align: justify;\">\n","protected":false},"excerpt":{"rendered":"<p>St\u0159eda 14.9. 2016 MTB z\u00e1vod v \u00dast\u00ed nad Orlic\u00ed &#8222;\u00dasteck\u00e9 schody&#8220;, kter\u00fd po\u0159\u00e1d\u00e1 ji\u017e tradi\u010dn\u011b Jarda Kulhav\u00fd. Berte to jako typ na &#8222;rozcvi\u010dku&#8220; p\u0159ed &#8222;Vrchovinou&#8220; ve Velenov\u011b. Zde je k omrknut\u00ed\u00a0pozv\u00e1nka. Za\u010d\u00edn\u00e1 silni\u010dn\u00ed ME ve Francii (m\u011bste\u010dko Plumelec v Normandii), kde bude v juniorsk\u00fdch z\u00e1vodech reprezentovat \u010ceskou republiku i na\u0161 odchovankyn\u011b Ad\u00e9la \u0160af\u00e1\u0159ov\u00e1. Pojede \u010dasovku &hellip; <a href=\"https:\/\/www.moravecteam.cz\/?p=5497\" class=\"more-link\">Pokra\u010dov\u00e1n\u00ed textu <span class=\"screen-reader-text\">Co se bude d\u00edt? (ST37)-2<\/span> <span class=\"meta-nav\">&rarr;<\/span><\/a><\/p>\n","protected":false},"author":3,"featured_media":5514,"comment_status":"open","ping_status":"closed","sticky":false,"template":"","format":"standard","meta":[],"categories":[11],"tags":[],"_links":{"self":[{"href":"https:\/\/www.moravecteam.cz\/index.php?rest_route=\/wp\/v2\/posts\/5497"}],"collection":[{"href":"https:\/\/www.moravecteam.cz\/index.php?rest_route=\/wp\/v2\/posts"}],"about":[{"href":"https:\/\/www.moravecteam.cz\/index.php?rest_route=\/wp\/v2\/types\/post"}],"author":[{"embeddable":true,"href":"https:\/\/www.moravecteam.cz\/index.php?rest_route=\/wp\/v2\/users\/3"}],"replies":[{"embeddable":true,"href":"https:\/\/www.moravecteam.cz\/index.php?rest_route=%2Fwp%2Fv2%2Fcomments&post=5497"}],"version-history":[{"count":12,"href":"https:\/\/www.moravecteam.cz\/index.php?rest_route=\/wp\/v2\/posts\/5497\/revisions"}],"predecessor-version":[{"id":5529,"href":"https:\/\/www.moravecteam.cz\/index.php?rest_route=\/wp\/v2\/posts\/5497\/revisions\/5529"}],"wp:featuredmedia":[{"embeddable":true,"href":"https:\/\/www.moravecteam.cz\/index.php?rest_route=\/wp\/v2\/media\/5514"}],"wp:attachment":[{"href":"https:\/\/www.moravecteam.cz\/index.php?rest_route=%2Fwp%2Fv2%2Fmedia&parent=5497"}],"wp:term":[{"taxonomy":"category","embeddable":true,"href":"https:\/\/www.moravecteam.cz\/index.php?rest_route=%2Fwp%2Fv2%2Fcategories&post=5497"},{"taxonomy":"post_tag","embeddable":true,"href":"https:\/\/www.moravecteam.cz\/index.php?rest_route=%2Fwp%2Fv2%2Ftags&post=5497"}],"curies":[{"name":"wp","href":"https:\/\/api.w.org\/{rel}","templated":true}]}}