{"id":5502,"date":"2016-09-12T22:43:49","date_gmt":"2016-09-12T20:43:49","guid":{"rendered":"http:\/\/www.moravecteam.cz\/?p=5502"},"modified":"2016-09-12T23:06:09","modified_gmt":"2016-09-12T21:06:09","slug":"finale-v-priprave","status":"publish","type":"post","link":"https:\/\/www.moravecteam.cz\/?p=5502","title":{"rendered":"Fin\u00e1le v p\u0159\u00edprav\u011b.."},"content":{"rendered":"<p style=\"text-align: justify;\"><span style=\"color: #800000;\"><strong>Ve spolupr\u00e1ci s M\u011bstem Boskovice jsou ji\u017e v pln\u00e9m proudu p\u0159\u00edpravn\u00e9 pr\u00e1ce na fin\u00e1le leto\u0161n\u00ed jubilejn\u00ed &#8222;Vrchoviny&#8220;, kter\u00e9 u\u017e po t\u0159et\u00ed za sebou pohost\u00ed Boskovice. Po dohod\u011b s po\u0159adatelem se m\u011bn\u00ed z\u00e1zem\u00ed boskovick\u00e9ho z\u00e1vodu, kter\u00fdm bude letos are\u00e1l m\u00edstn\u00ed brokov\u00e9 st\u0159elnice, kter\u00e1 s mistrovskou trat\u00ed bezprost\u0159edn\u011b soused\u00ed a ze kter\u00e9 na ob\u00e1van\u00fd okruh rajd\u0159i odstartuj\u00ed. Minulou sobotu zde docela siln\u00fd pracovn\u00ed odd\u00edl MORAVCE podnikl prvn\u00ed &#8222;hrub\u00e9&#8220; z\u00e1kladn\u00ed p\u0159\u00edpravn\u00e9 pr\u00e1ce.<\/strong><\/span><\/p>\n<figure id=\"attachment_5510\" aria-describedby=\"caption-attachment-5510\" style=\"width: 1184px\" class=\"wp-caption alignnone\"><a href=\"http:\/\/www.moravecteam.cz\/?attachment_id=5510\" rel=\"attachment wp-att-5510\"><img decoding=\"async\" loading=\"lazy\" class=\" wp-image-5510\" alt=\"OLYMPUS DIGITAL CAMERA\" src=\"http:\/\/www.moravecteam.cz\/wp-content\/uploads\/2016\/09\/P1010148.jpg\" width=\"1184\" height=\"782\" srcset=\"https:\/\/www.moravecteam.cz\/wp-content\/uploads\/2016\/09\/P1010148.jpg 1184w, https:\/\/www.moravecteam.cz\/wp-content\/uploads\/2016\/09\/P1010148-300x198.jpg 300w, https:\/\/www.moravecteam.cz\/wp-content\/uploads\/2016\/09\/P1010148-1024x676.jpg 1024w\" sizes=\"(max-width: 1184px) 100vw, 1184px\" \/><\/a><figcaption id=\"caption-attachment-5510\" class=\"wp-caption-text\">Kdy\u017e sek\u00e1\u010di jdou&#8230;<\/figcaption><\/figure>\n<p style=\"text-align: justify;\">Na tak\u0159ka p\u0159\u00edrodn\u00ed \u0160af\u00e1\u0159ovu \/ Odehnalovu \/ Petr\u016f tra\u0165 nav\u00e1\u017ee p\u0159\u00edjemn\u00e9, taky v\u00fdhradn\u011b p\u0159\u00edrodn\u00ed prost\u0159ed\u00ed startu a c\u00edle, jak\u00e9are\u00e1l brokov\u00e9 st\u0159elnice poskytuje. Prostoru v\u00e9vod\u00ed n\u011bco jako spr\u00e1vn\u00ed budova, v jej\u00ed\u017e bl\u00edzkosti bude situov\u00e1n prostor vlastn\u00edho startu a c\u00edle, p\u0159i\u010dem\u017e rajd\u0159i vyfr\u010d\u00ed do are\u00e1lu st\u0159elnice, aby ji v jej\u00ed severn\u00ed \u010d\u00e1sti opustili a plynule se vno\u0159ili do lesn\u00edho prostoru, na ter\u00e9n hlavn\u00ed trat\u011b. Kdo jin\u00fd, ne\u017e Milan \u0160af\u00e1\u0159, &#8222;head&#8220; stavitel trat\u00ed (nejen) MTB Poh\u00e1ru Drahansk\u00e9 vrchoviny je architektem t\u011bchto \u00faprav no a dle pokyn\u016f jeho e tren\u00e9ra Junior Teamu Milana Tlamky p\u0159ipravilo p\u011bt sek\u00e1\u010d\u016f v are\u00e1lu st\u0159elnice sv\u00fdmi po \u010dertech ostr\u00fdmi k\u0159ovino\u0159ezy z\u00e1kladn\u00ed, cca 500 m dlouh\u00fd okruh.<\/p>\n<figure id=\"attachment_5511\" aria-describedby=\"caption-attachment-5511\" style=\"width: 1917px\" class=\"wp-caption alignnone\"><a href=\"http:\/\/www.moravecteam.cz\/?attachment_id=5511\" rel=\"attachment wp-att-5511\"><img decoding=\"async\" loading=\"lazy\" class=\" wp-image-5511\" alt=\"OLYMPUS DIGITAL CAMERA\" src=\"http:\/\/www.moravecteam.cz\/wp-content\/uploads\/2016\/09\/P1010170.jpg\" width=\"1917\" height=\"1166\" srcset=\"https:\/\/www.moravecteam.cz\/wp-content\/uploads\/2016\/09\/P1010170.jpg 1917w, https:\/\/www.moravecteam.cz\/wp-content\/uploads\/2016\/09\/P1010170-300x182.jpg 300w, https:\/\/www.moravecteam.cz\/wp-content\/uploads\/2016\/09\/P1010170-1024x622.jpg 1024w\" sizes=\"(max-width: 1917px) 100vw, 1917px\" \/><\/a><figcaption id=\"caption-attachment-5511\" class=\"wp-caption-text\">Po dobr\u00e9 pr\u00e1ci vydatn\u00e1 starava! Italskou klasiku upekla velmi chutn\u011b Ivana Prudkov\u00e1!<\/figcaption><\/figure>\n<p style=\"text-align: justify;\">To p\u016fvabn\u011bj\u0161\u00ed \u010d\u00e1st na\u0161\u00ed sobotn\u00ed &#8222;\u00faderky&#8220; se zase postarala o z\u00fatuln\u011bn\u00ed vlastn\u00edho prostoru startu a c\u00edle a kdy\u017e jsme ov\u011b\u0159ili plnn\u011b funk\u010dnost zdej\u0161\u00ed ud\u00edrny (d\u00edky Jirkovi Zav\u0159elovi st.), mohli jsme s uspokojen\u00edm konstatovat, \u017ee boskovick\u00e9 fin\u00e1le dost\u00e1v\u00e1 zcela z\u0159eteln\u00e9, sympatick\u00e9 kontury. No a brig\u00e1dn\u00edci z \u0159ad d\u011bt\u00ed? Tak\u00e9 bezchybn\u00fd v\u00fdkon! A nav\u00edc jako prvn\u00ed zaj\u00ed\u017ed\u011bli \u010derstv\u011b &#8222;vyml\u00edkovanou&#8220; z\u00e1kladn\u00ed tra\u0165. Nemus\u00edm ani zd\u016fraz\u0148ovat, \u017ee o dobrou n\u00e1ladu v tom sobotn\u00edm slune\u010dn\u00e9m odpoledni op\u011bt nebyla v \u017e\u00e1dn\u00e9m p\u0159\u00edpad\u011b nouze a mo\u017en\u00e1 i proto jsem pr\u00e1ce stihli na pl\u00e1n, tak\u017ee zam\u00fd\u0161len\u00e9 ned\u011bln\u00ed pokra\u010dov\u00e1n\u00ed jsme d\u00edky sobotn\u00edmu p\u0159edpisu &#8222;odp\u00edskali&#8220;&#8230; Ke smutku Lipensk\u00fdch a barto\u0161ov\u00fdch, kte\u0159\u00ed m\u011bli svoje kosy nabrou\u0161en\u00e9 pr\u00e1v\u011b a\u017e na ned\u011bli. Ale oni a ani ostatn\u00ed MORAVCI nemus\u00ed truchlit: pr\u00e1ce bude se z\u00e1vodem v\u00edc ne\u017e dost a ka\u017ed\u00fd dostane je je\u0161t\u011b p\u0159\u00edle\u017eitost p\u0159ilo\u017een\u00edm ruky k d\u00edlu vyniknout! Zde je skute\u010dn\u011b <strong><a href=\"http:\/\/moravecteam.rajce.idnes.cz\/2016.09.10._Priprava_finale_MTB_PDV_v_Boskovicich\/\">jen \u00a0p\u00e1r fotek<\/a><\/strong> ze sobotn\u00ed &#8222;rachoty&#8220;&#8230; \u017de je jich skute\u010dn\u011b jen p\u00e1r sv\u011bd\u010d\u00ed o tom, \u017ee se cell\u00e9 odpoledne fakt odpov\u011bdn\u011b &#8222;bouchalo&#8220;&#8230;<\/p>\n","protected":false},"excerpt":{"rendered":"<p>Ve spolupr\u00e1ci s M\u011bstem Boskovice jsou ji\u017e v pln\u00e9m proudu p\u0159\u00edpravn\u00e9 pr\u00e1ce na fin\u00e1le leto\u0161n\u00ed jubilejn\u00ed &#8222;Vrchoviny&#8220;, kter\u00e9 u\u017e po t\u0159et\u00ed za sebou pohost\u00ed Boskovice. Po dohod\u011b s po\u0159adatelem se m\u011bn\u00ed z\u00e1zem\u00ed boskovick\u00e9ho z\u00e1vodu, kter\u00fdm bude letos are\u00e1l m\u00edstn\u00ed brokov\u00e9 st\u0159elnice, kter\u00e1 s mistrovskou trat\u00ed bezprost\u0159edn\u011b soused\u00ed a ze kter\u00e9 na ob\u00e1van\u00fd okruh rajd\u0159i odstartuj\u00ed. &hellip; <a href=\"https:\/\/www.moravecteam.cz\/?p=5502\" class=\"more-link\">Pokra\u010dov\u00e1n\u00ed textu <span class=\"screen-reader-text\">Fin\u00e1le v p\u0159\u00edprav\u011b..<\/span> <span class=\"meta-nav\">&rarr;<\/span><\/a><\/p>\n","protected":false},"author":3,"featured_media":5509,"comment_status":"open","ping_status":"closed","sticky":false,"template":"","format":"standard","meta":[],"categories":[13],"tags":[],"_links":{"self":[{"href":"https:\/\/www.moravecteam.cz\/index.php?rest_route=\/wp\/v2\/posts\/5502"}],"collection":[{"href":"https:\/\/www.moravecteam.cz\/index.php?rest_route=\/wp\/v2\/posts"}],"about":[{"href":"https:\/\/www.moravecteam.cz\/index.php?rest_route=\/wp\/v2\/types\/post"}],"author":[{"embeddable":true,"href":"https:\/\/www.moravecteam.cz\/index.php?rest_route=\/wp\/v2\/users\/3"}],"replies":[{"embeddable":true,"href":"https:\/\/www.moravecteam.cz\/index.php?rest_route=%2Fwp%2Fv2%2Fcomments&post=5502"}],"version-history":[{"count":6,"href":"https:\/\/www.moravecteam.cz\/index.php?rest_route=\/wp\/v2\/posts\/5502\/revisions"}],"predecessor-version":[{"id":5526,"href":"https:\/\/www.moravecteam.cz\/index.php?rest_route=\/wp\/v2\/posts\/5502\/revisions\/5526"}],"wp:featuredmedia":[{"embeddable":true,"href":"https:\/\/www.moravecteam.cz\/index.php?rest_route=\/wp\/v2\/media\/5509"}],"wp:attachment":[{"href":"https:\/\/www.moravecteam.cz\/index.php?rest_route=%2Fwp%2Fv2%2Fmedia&parent=5502"}],"wp:term":[{"taxonomy":"category","embeddable":true,"href":"https:\/\/www.moravecteam.cz\/index.php?rest_route=%2Fwp%2Fv2%2Fcategories&post=5502"},{"taxonomy":"post_tag","embeddable":true,"href":"https:\/\/www.moravecteam.cz\/index.php?rest_route=%2Fwp%2Fv2%2Ftags&post=5502"}],"curies":[{"name":"wp","href":"https:\/\/api.w.org\/{rel}","templated":true}]}}