{"id":5530,"date":"2016-09-14T21:59:16","date_gmt":"2016-09-14T19:59:16","guid":{"rendered":"http:\/\/www.moravecteam.cz\/?p=5530"},"modified":"2016-09-15T01:02:19","modified_gmt":"2016-09-14T23:02:19","slug":"5530","status":"publish","type":"post","link":"https:\/\/www.moravecteam.cz\/?p=5530","title":{"rendered":"Zlat\u00e9 schody!"},"content":{"rendered":"<p style=\"text-align: justify;\"><span style=\"color: #800000;\"><strong>\u0160est borc\u016f a borek MORAVEC Junior Teamu m\u00e1 za sebou gener\u00e1lku na p\u0159edposledn\u00ed &#8222;Vrchovinu&#8220;, kter\u00e1 se pojede tuto sobotu ve ve Velenov\u011b. A byla to gener\u00e1lka velmi \u00fasp\u011b\u0161n\u00e1, kdy\u017e z \u00dast\u00ed nad Orlic\u00ed, rodi\u0161t\u011b olympijsk\u00e9ho v\u00edt\u011bze z Lond\u00fdna 2012 a sr\u0159\u00edbrn\u00e9ho medailisty z leto\u0161n\u00ed olympi\u00e1dy v Rio de Janeiro, Jaroslava Kulhav\u00e9ho vezou hned \u010dty\u0159i cenn\u00e9 kovy! A to se je\u0161t\u011b nav\u00edc m\u016f\u017eou pochlubit sv\u011b\u0159enci tren\u00e9ra Milana Tlamky dv\u011bma um\u00edst\u011bn\u00edmi v TOP SIX! na\u0161e &#8222;Mlad\u00e9 pu\u0161ky&#8220; doplnil zku\u0161en\u00fd junior Dominik Prudek, toho ale ve startu mu\u017e\u016f ELITE postihla sm\u016fla&#8230;<\/strong><\/span><\/p>\n<figure id=\"attachment_5535\" aria-describedby=\"caption-attachment-5535\" style=\"width: 879px\" class=\"wp-caption alignnone\"><a href=\"http:\/\/www.moravecteam.cz\/?attachment_id=5535\" rel=\"attachment wp-att-5535\"><img decoding=\"async\" loading=\"lazy\" class=\" wp-image-5535\" alt=\"img_20160914_171504\" src=\"http:\/\/www.moravecteam.cz\/wp-content\/uploads\/2016\/09\/IMG_20160914_171504.jpg\" width=\"879\" height=\"1010\" srcset=\"https:\/\/www.moravecteam.cz\/wp-content\/uploads\/2016\/09\/IMG_20160914_171504.jpg 879w, https:\/\/www.moravecteam.cz\/wp-content\/uploads\/2016\/09\/IMG_20160914_171504-261x300.jpg 261w\" sizes=\"(max-width: 879px) 100vw, 879px\" \/><\/a><figcaption id=\"caption-attachment-5535\" class=\"wp-caption-text\">Magdal\u00e9nka a Maru\u0161ka Borto\u0161ovic jsou letos spolehliv\u00fdmi sb\u011bratelkami medail\u00ed!<\/figcaption><\/figure>\n<p style=\"text-align: justify;\">V z\u00e1vod\u011b, jeho\u017e inici\u00e1torem je jmenovan\u00fd nej\u00fasp\u011b\u0161n\u011bj\u0161\u00ed \u010desk\u00fd biker v\u0161ech dob, a kter\u00fd ne nadarmu nese p\u0159il\u00e9hav\u00fd n\u00e1zev &#8222;\u00dasteck\u00e9 schody&#8220;, se hned na \u00favod p\u0159edstavila mistrovsky \u00a0letos velmi \u00fasp\u011b\u0161n\u00e1 dvoj\u010data MORAVCE <span style=\"color: #800000;\"><strong>Magdal\u00e9nka a Maru\u0161ka Barto\u0161ovic.<\/strong><\/span> Do kroniky leto\u0161n\u00ed &#8222;Jardovy race&#8220; se zapsala zlat\u00fdm (Magdal\u00e9nka) a bronzov\u00fdm (Maru\u0161ka) p\u00edsmem a jako by \u00a0holky p\u0159edznamenaly, v jak\u00e9m \u017ee to z\u00e1\u0159iv\u00e9m odlesku se bude na\u0161e st\u0159ede\u010dn\u00ed mise h\u0159\u00e1t&#8230;.<\/p>\n<figure id=\"attachment_5536\" aria-describedby=\"caption-attachment-5536\" style=\"width: 1165px\" class=\"wp-caption alignnone\"><a href=\"http:\/\/www.moravecteam.cz\/?attachment_id=5536\" rel=\"attachment wp-att-5536\"><img decoding=\"async\" loading=\"lazy\" class=\" wp-image-5536\" alt=\"img_20160914_171809\" src=\"http:\/\/www.moravecteam.cz\/wp-content\/uploads\/2016\/09\/IMG_20160914_171809.jpg\" width=\"1165\" height=\"874\" srcset=\"https:\/\/www.moravecteam.cz\/wp-content\/uploads\/2016\/09\/IMG_20160914_171809.jpg 1165w, https:\/\/www.moravecteam.cz\/wp-content\/uploads\/2016\/09\/IMG_20160914_171809-300x225.jpg 300w, https:\/\/www.moravecteam.cz\/wp-content\/uploads\/2016\/09\/IMG_20160914_171809-1024x768.jpg 1024w\" sizes=\"(max-width: 1165px) 100vw, 1165px\" \/><\/a><figcaption id=\"caption-attachment-5536\" class=\"wp-caption-text\">Matou\u0161 Lipensk\u00fd p\u0159edvedl Jardovi Kulhav\u00e9mu sv\u016fj nesporn\u00fd talent.<\/figcaption><\/figure>\n<p style=\"text-align: justify;\">Magdal\u00e9nku toti\u017e v\u00edt\u011bzn\u011b okop\u00edrovali ve sv\u00fdch kategori\u00edch jak <strong><span style=\"color: #800000;\">Matou\u0161 Lipensk\u00fd<\/span><\/strong>, tak i <span style=\"color: #800000;\"><strong>Ad\u00e9lka Zav\u0159elov\u00e1<\/strong><\/span>! Matou\u0161i Lipensk\u00e9mu v z\u00e1vod\u011b velmi zdatn\u011b sekundoval v c\u00edli nakonec \u0161est\u00fd <span style=\"color: #800000;\"><strong>Jirka Zav\u0159el<\/strong> <\/span>a stejn\u00e9ho kvalitn\u00edho um\u00edst\u011bn\u00ed dos\u00e1hl v z\u00e1vod\u011b mlad\u0161\u00edch \u017e\u00e1k\u016f i <span style=\"color: #800000;\"><strong>V\u00ed\u0165a Lipensk\u00fd<\/strong><\/span>. Bravo MORAVEC Junior Team! Ocen\u011bn\u00ed na\u0161ich medailist\u016f z rukou dvojn\u00e1sobn\u00e9ho olympijsk\u00e9ho medailisty Jaroslava Kulhav\u00e9ho bylo ur\u010dit\u011b siln\u00fdm z\u00e1\u017eitkem!<\/p>\n<figure id=\"attachment_5537\" aria-describedby=\"caption-attachment-5537\" style=\"width: 1058px\" class=\"wp-caption alignnone\"><a href=\"http:\/\/www.moravecteam.cz\/?attachment_id=5537\" rel=\"attachment wp-att-5537\"><img decoding=\"async\" loading=\"lazy\" class=\" wp-image-5537\" alt=\"img_20160914_172008\" src=\"http:\/\/www.moravecteam.cz\/wp-content\/uploads\/2016\/09\/IMG_20160914_172008.jpg\" width=\"1058\" height=\"943\" srcset=\"https:\/\/www.moravecteam.cz\/wp-content\/uploads\/2016\/09\/IMG_20160914_172008.jpg 1058w, https:\/\/www.moravecteam.cz\/wp-content\/uploads\/2016\/09\/IMG_20160914_172008-300x267.jpg 300w, https:\/\/www.moravecteam.cz\/wp-content\/uploads\/2016\/09\/IMG_20160914_172008-1024x912.jpg 1024w\" sizes=\"(max-width: 1058px) 100vw, 1058px\" \/><\/a><figcaption id=\"caption-attachment-5537\" class=\"wp-caption-text\">Ad\u00e9lka Zav\u0159elov\u00e1 nedala soupe\u0159k\u00e1m na &#8222;\u00dasteck\u00fdch schodech&#8220; \u0161anci!<\/figcaption><\/figure>\n<p style=\"text-align: justify;\">Na start hlavn\u00edho z\u00e1vodu mu\u017e\u016f ELITE se pak po bok dom\u00e1c\u00edho favorita postavil i \u00a0&#8211; v tomto p\u0159\u00edpad\u011b el\u00e9v &#8211;\u00a0<span style=\"color: #800000;\"><strong>Dominik Prudek.<\/strong><\/span>\u00a0Ale defekt ho ve slu\u0161n\u011b rozjet\u00e9m z\u00e1vod\u011b p\u0159ipravil o dobr\u00e9 um\u00edst\u011bn\u00ed. Je to velk\u00e1 sm\u016fla&#8230; V sobotu v Jeleni Go\u0159e Dom\u010da uk\u00e1zal, \u017ee formu m\u00e1, nevyzpytateln\u00e1 technika v\u0161ak byla tentokr\u00e1t proti&#8230; K na\u0161im mlad\u00fdm medailist\u016fm let\u00ed na\u0161e gratulova\u010dka, d\u00edky v\u0161em pak za vzorn\u00e9 repre MORAVCE, vetn\u011b podp\u016frn\u00e9ho t\u00fdmu! Zde hledejte <strong><a href=\"http:\/\/www.hledasevitez.cz\/\">okulib\u00e9 v\u00fdsledky<\/a><\/strong>, a tu\u0165 mrkn\u011bte na <a href=\"http:\/\/moravecteam.rajce.idnes.cz\/2016.09.14._MTB_Ustecke_schody\/#\"><strong>okulib\u00e9 fotky<\/strong>.<\/a>.. A je\u0161t\u011b jedna re\u00e1lie na z\u00e1v\u011br: v\u011b\u0159te &#8211; nev\u011b\u0159te, a\u013ae z\u00e1vod mu\u017e\u016f ELITE Jarda Kulhav\u00fd doma nevyhr\u00e1l&#8230; Dokonce to nestihl ani na &#8222;bednu&#8220;&#8230; D\u011bj\u00ed se ob\u010das v\u011bci&#8230;<\/p>\n","protected":false},"excerpt":{"rendered":"<p>\u0160est borc\u016f a borek MORAVEC Junior Teamu m\u00e1 za sebou gener\u00e1lku na p\u0159edposledn\u00ed &#8222;Vrchovinu&#8220;, kter\u00e1 se pojede tuto sobotu ve ve Velenov\u011b. A byla to gener\u00e1lka velmi \u00fasp\u011b\u0161n\u00e1, kdy\u017e z \u00dast\u00ed nad Orlic\u00ed, rodi\u0161t\u011b olympijsk\u00e9ho v\u00edt\u011bze z Lond\u00fdna 2012 a sr\u0159\u00edbrn\u00e9ho medailisty z leto\u0161n\u00ed olympi\u00e1dy v Rio de Janeiro, Jaroslava Kulhav\u00e9ho vezou hned \u010dty\u0159i cenn\u00e9 &hellip; <a href=\"https:\/\/www.moravecteam.cz\/?p=5530\" class=\"more-link\">Pokra\u010dov\u00e1n\u00ed textu <span class=\"screen-reader-text\">Zlat\u00e9 schody!<\/span> <span class=\"meta-nav\">&rarr;<\/span><\/a><\/p>\n","protected":false},"author":3,"featured_media":5534,"comment_status":"open","ping_status":"closed","sticky":false,"template":"","format":"standard","meta":[],"categories":[1],"tags":[],"_links":{"self":[{"href":"https:\/\/www.moravecteam.cz\/index.php?rest_route=\/wp\/v2\/posts\/5530"}],"collection":[{"href":"https:\/\/www.moravecteam.cz\/index.php?rest_route=\/wp\/v2\/posts"}],"about":[{"href":"https:\/\/www.moravecteam.cz\/index.php?rest_route=\/wp\/v2\/types\/post"}],"author":[{"embeddable":true,"href":"https:\/\/www.moravecteam.cz\/index.php?rest_route=\/wp\/v2\/users\/3"}],"replies":[{"embeddable":true,"href":"https:\/\/www.moravecteam.cz\/index.php?rest_route=%2Fwp%2Fv2%2Fcomments&post=5530"}],"version-history":[{"count":12,"href":"https:\/\/www.moravecteam.cz\/index.php?rest_route=\/wp\/v2\/posts\/5530\/revisions"}],"predecessor-version":[{"id":5558,"href":"https:\/\/www.moravecteam.cz\/index.php?rest_route=\/wp\/v2\/posts\/5530\/revisions\/5558"}],"wp:featuredmedia":[{"embeddable":true,"href":"https:\/\/www.moravecteam.cz\/index.php?rest_route=\/wp\/v2\/media\/5534"}],"wp:attachment":[{"href":"https:\/\/www.moravecteam.cz\/index.php?rest_route=%2Fwp%2Fv2%2Fmedia&parent=5530"}],"wp:term":[{"taxonomy":"category","embeddable":true,"href":"https:\/\/www.moravecteam.cz\/index.php?rest_route=%2Fwp%2Fv2%2Fcategories&post=5530"},{"taxonomy":"post_tag","embeddable":true,"href":"https:\/\/www.moravecteam.cz\/index.php?rest_route=%2Fwp%2Fv2%2Ftags&post=5530"}],"curies":[{"name":"wp","href":"https:\/\/api.w.org\/{rel}","templated":true}]}}