{"id":5545,"date":"2016-09-14T10:10:48","date_gmt":"2016-09-14T08:10:48","guid":{"rendered":"http:\/\/www.moravecteam.cz\/?p=5545"},"modified":"2016-09-15T01:03:23","modified_gmt":"2016-09-14T23:03:23","slug":"francouzska-spojka","status":"publish","type":"post","link":"https:\/\/www.moravecteam.cz\/?p=5545","title":{"rendered":"Francouzsk\u00e1 spojka&#8230;"},"content":{"rendered":"<p style=\"text-align: justify;\"><strong><span style=\"color: #800000;\">Tou se pomysln\u011b pro n\u00e1s st\u00e1v\u00e1 v tomto t\u00fddnu Ad\u00e9la \u0160af\u00e1\u0159ov\u00e1, kter\u00e1 jako \u00fa\u0159aduj\u00edc\u00ed leto\u0161n\u00ed juniorsk\u00e1 n\u00e1rodn\u00ed \u0161ampionka v silni\u010dn\u00ed \u010dasovce i v silni\u010dn<span style=\"color: #888888;\">\u00ed<\/span>m z\u00e1vod\u011b s hromadn\u00fdm startem reprezentuje \u010ceskou republiku na kontinent\u00e1ln\u00edm \u0161ampion\u00e1tu \u00a0v t\u00e9to kr\u00e1lovsk\u00e9 cyklistick\u00e9 disciplin\u011b ve Franci, ve m\u011bste\u010dku Plumelec. \u00davod ME obstarali junio\u0159i a juniorky sv\u00fdmi s\u00f3lo z\u00e1vody proti chronometru.<\/span><\/strong><\/p>\n<p style=\"text-align: justify;\"><a href=\"http:\/\/www.moravecteam.cz\/?attachment_id=5551\" rel=\"attachment wp-att-5551\"><img decoding=\"async\" loading=\"lazy\" class=\"size-full wp-image-5551 alignleft\" title=\"St\u00e1le usm\u011bvav\u00e1 Ad\u00e9la \u0160af\u00e1\u0159ov\u00e1 zajela \u010dasovku juniorek na Mistrovstv\u00ed Evropy ve Francii v\u00fdborn\u011b!\" alt=\"golemmtbvy4cl236\" src=\"http:\/\/www.moravecteam.cz\/wp-content\/uploads\/2016\/09\/golemmtbvy4cl2361.jpg\" width=\"236\" height=\"300\" \/><\/a>Odchovankyn\u011b MORAVEC Teamu a nyn\u00ed\u00a0<span style=\"line-height: 1.5;\">\u00a0sv\u011b\u0159enkyn\u011b tren\u00e9ra \u00a0MTB reprezentace Viktora Zapletala,\u00a0<\/span><span style=\"color: #800000;\"><strong>Ad\u00e9la \u0160af\u00e1\u0159ov\u00e1<\/strong><\/span><span style=\"line-height: 1.5;\"> (NUTREND Specialized) zdol\u00e1vala p\u0159i \u010dasovce spolu se sv\u00fdmi bez m\u00e1la pades\u00e1ti soupe\u0159kami n\u00e1ro\u010dnou, kopcovitou tra\u0165 12,7 km dlouhou a jej\u00ed c\u00edlov\u00fd \u010das 20:38 min. pro ni znamen\u00e1 v\u00fdborn\u00e9 17. m\u00edsto! Na v\u00edt\u011bznou Italku Lisu Morzentiovou ztratila o n\u011bco m\u00e1lo v\u00edc, ne\u017e p\u016fl druh\u00e9 minuty a nechala za sebou nejednu z bikerek, kter\u00e9 ji v leto\u0161n\u00ed sez\u00f3n\u011b dok\u00e1zaly porazit. \u00a0 Tento skv\u011bl\u00fd v\u00fdsledek znovu potvrzuje, \u017ee i v pokro\u010dil\u00e9 f\u00e1zi sez\u00f3ny m\u00e1 Ad\u00e9la sil na rozd\u00e1v\u00e1n\u00ed! A srdce Vlastimila MORAVCE (mimochodem &#8211; jako \u010dasovk\u00e1\u0159 p\u0159\u00edli\u0161 nevynikal) v cyklistick\u00e9m Nebi dnes pravd\u011bpodobn\u011b op\u011bt zaplesalo! Palce Adys zm\u00e1\u010dkneme je\u0161t\u011b v p\u00e1tek 16. z\u00e1\u0159\u00ed, kdy pojede i z\u00e1vod jniorek s hromadn\u00fdm startem. Zb\u00fdv\u00e1 doplnit, \u017ee \u010cesk\u00fd junior Otruba se v \u010dasovce na trati 25 km prosadil po v\u00fdborn\u00e9m v\u00fdkonu dokonce do TOP 10 (8. m\u00edsto) a n\u00e1m dob\u0159e zn\u00e1m\u00fd, jinak &#8222;\u010distokrevn\u00fd&#8220; biker Richard Holec skon\u010dil na 20. m\u00edst\u011b. V\u016fbec ne \u0161patn\u011b za\u010dal cyklistick\u00fd silni\u010dn\u00ed t\u00fdden ve Francii pro \u010cesk\u00e9 barvy..! Jen tak d\u00e1l! Zde si odkontrolujte <\/span><strong style=\"line-height: 1.5;\"><a href=\"http:\/\/www.procyclingstats.com\/mob\/race.php?id=171436\">v\u00fdborn\u00fd st\u0159ede\u010dn\u00ed v\u00fdsledek Ad\u00e9ly \u0160af\u00e1\u0159ov\u00e9<\/a><\/strong><span style=\"line-height: 1.5;\">.<\/span><\/p>\n","protected":false},"excerpt":{"rendered":"<p>Tou se pomysln\u011b pro n\u00e1s st\u00e1v\u00e1 v tomto t\u00fddnu Ad\u00e9la \u0160af\u00e1\u0159ov\u00e1, kter\u00e1 jako \u00fa\u0159aduj\u00edc\u00ed leto\u0161n\u00ed juniorsk\u00e1 n\u00e1rodn\u00ed \u0161ampionka v silni\u010dn\u00ed \u010dasovce i v silni\u010dn\u00edm z\u00e1vod\u011b s hromadn\u00fdm startem reprezentuje \u010ceskou republiku na kontinent\u00e1ln\u00edm \u0161ampion\u00e1tu \u00a0v t\u00e9to kr\u00e1lovsk\u00e9 cyklistick\u00e9 disciplin\u011b ve Franci, ve m\u011bste\u010dku Plumelec. \u00davod ME obstarali junio\u0159i a juniorky sv\u00fdmi s\u00f3lo z\u00e1vody proti chronometru. &hellip; <a href=\"https:\/\/www.moravecteam.cz\/?p=5545\" class=\"more-link\">Pokra\u010dov\u00e1n\u00ed textu <span class=\"screen-reader-text\">Francouzsk\u00e1 spojka&#8230;<\/span> <span class=\"meta-nav\">&rarr;<\/span><\/a><\/p>\n","protected":false},"author":3,"featured_media":5548,"comment_status":"open","ping_status":"closed","sticky":false,"template":"","format":"standard","meta":[],"categories":[1],"tags":[],"_links":{"self":[{"href":"https:\/\/www.moravecteam.cz\/index.php?rest_route=\/wp\/v2\/posts\/5545"}],"collection":[{"href":"https:\/\/www.moravecteam.cz\/index.php?rest_route=\/wp\/v2\/posts"}],"about":[{"href":"https:\/\/www.moravecteam.cz\/index.php?rest_route=\/wp\/v2\/types\/post"}],"author":[{"embeddable":true,"href":"https:\/\/www.moravecteam.cz\/index.php?rest_route=\/wp\/v2\/users\/3"}],"replies":[{"embeddable":true,"href":"https:\/\/www.moravecteam.cz\/index.php?rest_route=%2Fwp%2Fv2%2Fcomments&post=5545"}],"version-history":[{"count":9,"href":"https:\/\/www.moravecteam.cz\/index.php?rest_route=\/wp\/v2\/posts\/5545\/revisions"}],"predecessor-version":[{"id":5559,"href":"https:\/\/www.moravecteam.cz\/index.php?rest_route=\/wp\/v2\/posts\/5545\/revisions\/5559"}],"wp:featuredmedia":[{"embeddable":true,"href":"https:\/\/www.moravecteam.cz\/index.php?rest_route=\/wp\/v2\/media\/5548"}],"wp:attachment":[{"href":"https:\/\/www.moravecteam.cz\/index.php?rest_route=%2Fwp%2Fv2%2Fmedia&parent=5545"}],"wp:term":[{"taxonomy":"category","embeddable":true,"href":"https:\/\/www.moravecteam.cz\/index.php?rest_route=%2Fwp%2Fv2%2Fcategories&post=5545"},{"taxonomy":"post_tag","embeddable":true,"href":"https:\/\/www.moravecteam.cz\/index.php?rest_route=%2Fwp%2Fv2%2Ftags&post=5545"}],"curies":[{"name":"wp","href":"https:\/\/api.w.org\/{rel}","templated":true}]}}