{"id":555,"date":"2015-05-16T22:09:45","date_gmt":"2015-05-16T20:09:45","guid":{"rendered":"http:\/\/www.moravecteam.cz\/?p=555"},"modified":"2015-05-21T09:46:53","modified_gmt":"2015-05-21T07:46:53","slug":"radost-z-prahy","status":"publish","type":"post","link":"https:\/\/www.moravecteam.cz\/?p=555","title":{"rendered":"Radost z Prahy!"},"content":{"rendered":"<p style=\"text-align: justify;\"><span style=\"color: #993300; line-height: 1.2; font-size: 20px; font-weight: bold;\">\u010cP MTB XCO 17.5.2015 Praha<\/span><\/p>\n<p style=\"text-align: justify;\"><span style=\"color: #993300;\"><strong>&#8222;Full&#8220; sestava MORAVCE se p\u0159edstavila v ned\u011bln\u00edm klasick\u00e9m cross country p\u0159i druh\u00e9m pokra\u010dov\u00e1n\u00ed \u010cesk\u00e9ho poh\u00e1ru v Praze &#8211; \u0158ep\u00edch. A jako v sobotu p\u0159i sprintech\u00a0i o den pozd\u011bji se v\u0161ichni na\u0161i na n\u00e1ro\u010dn\u00e9 mistrovsk\u00e9 trati op\u011bt prezentovali kvalitn\u00edmi v\u00fdkony &#8222;na doraz&#8220;. V\u00fdsledkov\u011b l\u00e9pe se podle p\u0159edpoklad\u016f da\u0159ilo d\u00edvk\u00e1m, kdy p\u0159edev\u0161\u00edm kadetka <span style=\"text-decoration: underline;\">Jana Tesa\u0159ov\u00e1<\/span> se star\u0161\u00ed\u00a0\u017e\u00e1kyn\u00ed <span style=\"text-decoration: underline;\">Terezou Obo\u0159ilovou <\/span>&#8222;pokukovali po bedn\u011b&#8220; ale ani kluci nez\u016fstali v jarn\u00edm sb\u011bru mistrovsk\u00fdch bod\u016f nikterak pozadu.<\/strong><\/span><\/p>\n<figure id=\"attachment_587\" aria-describedby=\"caption-attachment-587\" style=\"width: 2000px\" class=\"wp-caption alignnone\"><a href=\"http:\/\/www.moravecteam.cz\/?attachment_id=587\" rel=\"attachment wp-att-587\"><img decoding=\"async\" loading=\"lazy\" class=\" wp-image-587 \" style=\"width: 474px;\" alt=\"01\" src=\"http:\/\/www.moravecteam.cz\/wp-content\/uploads\/2015\/05\/011.jpg\" width=\"2000\" height=\"285\" \/><\/a><figcaption id=\"caption-attachment-587\" class=\"wp-caption-text\">Na\u0161e medailov\u00e1 nad\u011bje nezklamala: Ad\u00e9la \u0160af\u00e1\u0159ov\u00e1 (zhruba uprost\u0159ed v \u010dervenob\u00edl\u00e9m dresu Nutrend Specialized) prom\u011bnila sv\u016fj start v kategorii juniorek v jist\u00e9 st\u0159\u00edbro!<\/figcaption><\/figure>\n<p style=\"text-align: justify;\">Na\u0161e dopoledn\u00ed \u00fa\u010dinkov\u00e1n\u00ed odstartoval z\u00e1vodem mlad\u0161\u00edch \u017e\u00e1k\u016f <span style=\"color: #800000;\"><strong>Jakub Tesa\u0159<\/strong><\/span>, kter\u00fd se po bojovn\u00e9m v\u00fdkonu mohl v c\u00edli t\u011b\u0161it ze 13. m\u00edsta a zd\u00e1 se, \u017ee je ot\u00e1zkou \u010dasu, kdy Kuba nakoukne do elitn\u00ed des\u00edtky. Star\u0161\u00ed \u017e\u00e1kyn\u011b jsou na\u0161\u00ed par\u00e1dn\u00ed kategori\u00ed a d\u011bv\u010data se &#8222;vyt\u00e1hla&#8220; i v Praze. <strong><span style=\"color: #800000;\">Terka Obo\u0159ilov\u00e1<\/span><\/strong>, kter\u00e1 pro nemoc absentovala v Teplic\u00edch a startovala ze zadn\u00ed pozice, p\u0159edj\u00ed\u017ed\u011bla jednu soupe\u0159ku za druhou a v c\u00edli z toho bylo v\u00fdborn\u00e9 5. m\u00edsto! Oproti Teplic\u00edm si polep\u0161ila i <span style=\"color: #800000;\"><strong>Ani\u010dka Zem\u00e1nkov\u00e1<\/strong><\/span>, kdy\u017e i ona se dok\u00e1zala prosadit mezi nejlep\u0161\u00edch deset borek (10. m\u00edsto). Svoje pozice vydobyt\u00e9 s Teplic\u00a0zku\u0161en\u011b obh\u00e1jili v t\u011b\u017ek\u00e9m z\u00e1vod\u011b star\u0161\u00edch \u017e\u00e1k\u016f jak <strong><span style=\"color: #800000;\">Tom\u00e1\u0161 Tlamka &#8222;Contador&#8220;<\/span><\/strong> (13. m\u00edsto), tak i <strong><span style=\"color: #800000;\">Michal \u0160m\u00edda<\/span><\/strong> (28. m\u00edsto).<\/p>\n<figure id=\"attachment_588\" aria-describedby=\"caption-attachment-588\" style=\"width: 1024px\" class=\"wp-caption alignnone\"><a href=\"http:\/\/www.moravecteam.cz\/?attachment_id=588\" rel=\"attachment wp-att-588\"><img decoding=\"async\" loading=\"lazy\" class=\" wp-image-588\" alt=\"02\" src=\"http:\/\/www.moravecteam.cz\/wp-content\/uploads\/2015\/05\/02.jpg\" width=\"1024\" height=\"683\" srcset=\"https:\/\/www.moravecteam.cz\/wp-content\/uploads\/2015\/05\/02.jpg 1024w, https:\/\/www.moravecteam.cz\/wp-content\/uploads\/2015\/05\/02-300x200.jpg 300w\" sizes=\"(max-width: 1024px) 100vw, 1024px\" \/><\/a><figcaption id=\"caption-attachment-588\" class=\"wp-caption-text\">Kategorii \u017een ELITE &#8222;vyplenily&#8220; p\u0159i ne\u00fa\u010dasti Kate\u0159iny Nash cizinky&#8230;<\/figcaption><\/figure>\n<p style=\"text-align: justify;\">P\u0159i startu kadet\u016f jsme v\u011b\u0159ili, \u017ee\u00a0<strong><span style=\"color: #800000;\">Jan \u0160m\u00edda<\/span> <\/strong>s <span style=\"color: #800000;\"><strong>Mat\u011bjem Maz\u00e1nkem<\/strong> <\/span>u\u017e dos\u00e1hnou na vytou\u017een\u00e9 body. By\u0165 na n\u00e1ro\u010dn\u00e9, pra\u0161n\u00e9 trati nechali v z\u00e1vod\u011b v\u0161echny s\u00edly i tentokr\u00e1t byl tento \u00fakol v t\u011b\u017ek\u00e9 konkurenci 57 borc\u016f nad jejich\u00a0mo\u017enosti\u00a0(Honza \u0160m\u00edda 38. m\u00edsto, Mat\u011bj\u00a0Maz\u00e1nek 42. m\u00edsto).\u00a0Ve startovn\u00edm poli kadetek nebyla tentokr\u00e1t Jana Tesa\u0159ov\u00e1 osamocena. Svoji mistrovskou premi\u00e9ru za\u017eila <strong><span style=\"color: #800000;\">Monika Kone\u010dn\u00e1<\/span><\/strong> a na nov\u00e1\u010dka si vedla bravurn\u011b. Z\u00e1vod odjela se svoj\u00ed typickou, j\u00ed tak vlastn\u00ed zarputilou bojovnost\u00ed\u00a0(ne nadarmo m\u00e1 p\u0159ezd\u00edvku Tyg\u0159ice z Okrouhl\u00e9) a dokon\u010dila jej\u00a0s pln\u00fdm po\u010dtem kol na 14. m\u00edst\u011b! Jej\u00ed t\u00fdmov\u00e1 kolegyn\u011b <span style=\"color: #800000;\"><strong>Jana Tesa\u0159ov\u00e1<\/strong> <\/span>n\u00e1m pak p\u0159ipravila jeden z nejhez\u010d\u00edch z\u00e1\u017eitk\u016f dne. Po startu se nezadr\u017eiteln\u011b posouvala startovn\u00edm polem \u0161estn\u00e1cti kadetek v p\u0159ed a v posledn\u00edm kole notn\u011b znerv\u00f3z\u0148ovala na t\u0159et\u00edm m\u00edst\u011b jezd\u00edc\u00ed Moniku Ku\u010derovou (VRV Team). Tentokr\u00e1t medaili Jana sice je\u0161t\u011b t\u011bsn\u011b nevybojovala, ale i jej\u00ed &#8222;bramborov\u00e9&#8220; um\u00edst\u011bn\u00ed m\u00e1 vysokou cenu! A kdo v\u00ed? P\u0159\u00ed\u0161t\u011b u\u017e to m\u016f\u017ee &#8222;D\u017eejn&#8220;\u00a0medailov\u011b zacinkat&#8230;<\/p>\n<figure id=\"attachment_590\" aria-describedby=\"caption-attachment-590\" style=\"width: 1024px\" class=\"wp-caption alignnone\"><a href=\"http:\/\/www.moravecteam.cz\/?attachment_id=590\" rel=\"attachment wp-att-590\"><img decoding=\"async\" loading=\"lazy\" class=\" wp-image-590 \" alt=\"04\" src=\"http:\/\/www.moravecteam.cz\/wp-content\/uploads\/2015\/05\/04.jpg\" width=\"1024\" height=\"683\" srcset=\"https:\/\/www.moravecteam.cz\/wp-content\/uploads\/2015\/05\/04.jpg 1024w, https:\/\/www.moravecteam.cz\/wp-content\/uploads\/2015\/05\/04-300x200.jpg 300w\" sizes=\"(max-width: 1024px) 100vw, 1024px\" \/><\/a><figcaption id=\"caption-attachment-590\" class=\"wp-caption-text\">U\u017e od startu si Jaroslav Kulhav\u00fd hl\u00eddal \u010delo. Pak ale p\u0159i\u0161la ne\u010dekan\u00e1 z\u00e1pletka a div\u00e1ci byli d\u00edky n\u00ed sv\u011bdky jednoho z nejdramati\u010dt\u011bj\u0161\u00edch z\u00e1vod\u016f za posledn\u00ed l\u00e9ta.<\/figcaption><\/figure>\n<p style=\"text-align: justify;\">Interesovaly n\u00e1s samoz\u0159ejm\u011b i starty junior\u016f a juniorek. <span style=\"color: #800000;\"><strong>Patrik Kol\u00e1\u0159<\/strong><\/span> vyd\u0159el dva bod\u00edky za 34. m\u00edsto, kdy\u017e ho zdr\u017eel a o n\u011bkolik m\u00edst vzad posunul nep\u0159\u00edjemn\u00fd p\u00e1d v pov\u011bstn\u00e9 \u0158epsk\u00e9 roklin\u011b. N\u00e1\u0161 odchovanec <strong><span style=\"color: #800000;\">Dominik Prudek<\/span> <\/strong>m\u011bl v\u00fdborn\u00fd start, kdy\u017e se udr\u017eel na medailov\u00fdch pozic\u00edch, ale ne\u0161\u0165astn\u011b smeknut\u00fd \u0159et\u011bz ho taky zna\u010dn\u011b p\u0159ibrzdil a Dom\u010da se r\u00e1zem propadl hluboko do v\u00edce jak pades\u00e1tihlav\u00e9ho startovn\u00edho pole. Op\u011bt v\u0161ak potvrdil svoji bojovnost s v\u00fdbu\u0161nost\u00ed z\u00e1rove\u0148\u00a0a po st\u00edhac\u00ed j\u00edzd\u011b se mohl v c\u00edli pot\u011b\u0161it ze 16. m\u00edsta. Juniorky jakoby p\u0159es kop\u00edr\u00e1k zopakovali teplick\u00fd z\u00e1vod. Za v\u00edt\u011bznou Janou Ceczinkarovou k na\u0161\u00ed radosti fini\u0161ovala pro st\u0159\u00edbro <span style=\"color: #800000;\"><strong>Ad\u00e9la \u0160af\u00e1\u0159ov\u00e1<\/strong><\/span>, kter\u00e1 zvl\u00e1dla z\u00e1vod na v\u00fdbornou i z hlediska taktiky.<\/p>\n<figure id=\"attachment_589\" aria-describedby=\"caption-attachment-589\" style=\"width: 1024px\" class=\"wp-caption alignnone\"><a href=\"http:\/\/www.moravecteam.cz\/?attachment_id=589\" rel=\"attachment wp-att-589\"><img decoding=\"async\" loading=\"lazy\" class=\"wp-image-589 \" alt=\"03\" src=\"http:\/\/www.moravecteam.cz\/wp-content\/uploads\/2015\/05\/03.jpg\" width=\"1024\" height=\"683\" srcset=\"https:\/\/www.moravecteam.cz\/wp-content\/uploads\/2015\/05\/03.jpg 1024w, https:\/\/www.moravecteam.cz\/wp-content\/uploads\/2015\/05\/03-300x200.jpg 300w\" sizes=\"(max-width: 1024px) 100vw, 1024px\" \/><\/a><figcaption id=\"caption-attachment-589\" class=\"wp-caption-text\">Ond\u0159ej Cink zajel v Praze &#8211; \u0158ep\u00edch excelentn\u011b: vyu\u017eil technick\u00fdch pot\u00ed\u017e\u00ed J\u00e1ry Kulhav\u00e9ho a v z\u00e1v\u011bru dok\u00e1zal odolat i jeho mohutn\u00e9mu fini\u0161i. Objektivn\u011b je ale nutno zhodnotit, \u017ee to byl &#8222;Kulhec&#8220;, kdo &#8222;ud\u011blal z\u00e1vod&#8220;.<\/figcaption><\/figure>\n<p style=\"text-align: justify;\">Zaj\u00edmal n\u00e1s i fin\u00e1ln\u00ed start, kdy se v 15.30 vydala na tra\u0165 kategorie mu\u017e\u016f ELITE. N\u00e1\u0161 &#8222;k\u016f\u0148&#8220; <span style=\"color: #800000;\"><strong>Radim Kov\u00e1\u0159<\/strong> <\/span>po \u010dty\u0159ech z deseti kol vzdal boj s tit\u00e1ny typu Kulhav\u00fd, Cink, McConnel (do t\u00e9 doby se dr\u017eel v konkurenci 78 rajdr\u016f okolo slu\u0161n\u00e9ho 40. m\u00edsta, tak\u017ee relativn\u011b v dosahu bod\u016f), kdy\u00a0ho v dosa\u017een\u00ed\u00a0vy\u0161\u0161\u00edho\u00a0\u00a0v\u00fdkonu, kter\u00fd je pot\u0159ebn\u00fd,\u00a0k udr\u017een\u00ed\u00a0kroku s nejlep\u0161\u00edmi, bohu\u017eel limituj\u00ed p\u0159etrv\u00e1vaj\u00edc\u00ed zdravotn\u00ed probl\u00e9my&#8230; I p\u0159esto ho v\u00fdpo\u010detn\u00ed syst\u00e9m klasifikoval jako 58. v po\u0159ad\u00ed. Mise SIGURVINSSON je tedy \u0161\u0165astn\u011b za n\u00e1mi. V sedmn\u00e1ct\u00e9m kv\u011btnov\u00e9m ve\u010deru se v\u0161echna invazn\u00ed vozidla vr\u00e1tila v po\u0159\u00e1dku na mate\u0159skou z\u00e1kladnu a akci\u00a0m\u016f\u017eeme\u00a0bez rozpak\u016f hodnotit &#8211; (nejen) d\u00edky placce Terky Obo\u0159ilov\u00e9 z elimin\u00e1tora &#8211;\u00a0 jako \u00fasp\u011b\u0161nou!\u00a0 Komplet v\u00fdsledky m\u016f\u017eete monitorovat, srovn\u00e1vat a\u00a0pe\u010dliv\u011b studovat z\u00e1rove\u0148 zde: <a href=\"http:\/\/sportsoft.cz\/cs\/zavod\/overview\/1506\"><strong><span style=\"color: #24890d;\">http:\/\/sportsoft.cz\/cs\/zavod\/overview\/1506<\/span><\/strong><\/a><\/p>\n<p style=\"text-align: justify;\">Fotky\u00a0\u00a0tu\u0165:\u00a0 <a href=\"http:\/\/moravecteam.rajce.idnes.cz\/2015.05.17._Cesky_pohar_MTB_Praha\/\"><strong><span style=\"color: #24890d;\">http:\/\/moravecteam.rajce.idnes.cz\/2015.05.17._Cesky_pohar_MTB_Praha\/<\/span><\/strong><\/a><\/p>\n<h5 style=\"text-align: justify;\"><span style=\"color: #800000;\">\u010cP MTB XCE 16.5.2015 Praha<\/span><\/h5>\n<p style=\"text-align: justify;\">Do sobotn\u00edho z\u00e1vodu ve sprintu zas\u00e1hlo hned dev\u011bt na\u0161ich mlad\u00fdch biker\u016f a vyznamenaly se p\u0159edev\u0161\u00edm \u017e\u00e1kyn\u011b: <span style=\"text-decoration: underline;\"><span style=\"color: #993300;\"><strong>Tereza Obo\u0159ilov\u00e1<\/strong><\/span><\/span> nav\u00e1zala na lo\u0148sk\u00fd bronzov\u00e1 \u00fasp\u011bch &#8211; tentokr\u00e1t \u00a0ziskem st\u0159\u00edbra! Bravo Tery, blahop\u0159ejeme a d\u00edky! V\u00fdte\u010dn\u011b zajela sprint i celkov\u011b p\u00e1t\u00e1, <strong><span style=\"color: #993300;\">Ani\u010dka Zem\u00e1nkov\u00e1<\/span><\/strong>, do elitn\u00ed des\u00edtky se dok\u00e1zala protla\u010dit i kadetka <span style=\"color: #993300;\"><strong>Jana Tesa\u0159ov\u00e1.<\/strong><\/span><\/p>\n<p style=\"text-align: justify;\">T\u011bsn\u011b za n\u00ed skon\u010dili ve sv\u00fdch kategori\u00edch <strong><span style=\"color: #993300;\">Michal \u0160m\u00edda<\/span><\/strong> a <span style=\"color: #993300;\"><strong>Patrik, Kol\u00e1\u0159<\/strong><\/span> (oba 11. m\u00edsto), nedaleko od n\u00ed byl i <strong><span style=\"color: #993300;\">Tom\u00e1\u0161 Tlamka &#8222;Contador&#8220;<\/span><\/strong> (14. m\u00edsto). State\u010dn\u011b se bil se star\u0161\u00edmi soupe\u0159i v kategorii star\u0161\u00edch \u017e\u00e1k\u016f i \u00a0<strong><span style=\"color: #993300;\">Jakub Tesa\u0159<\/span><\/strong>, kter\u00fd ve v\u00fdsledkov\u00e9 listin\u011b figuruje na 39. m\u00edst\u011b. Na po\u010d\u00e1tku t\u0159et\u00ed des\u00edtky se pak um\u00edstili oba na\u0161i kadeti: <span style=\"color: #993300;\"><strong>Honza \u0160m\u00edda<\/strong><\/span> byl klasifikov\u00e1n jako 22. a <span style=\"color: #993300;\"><strong>Mat\u011bj Maz\u00e1nek<\/strong><\/span> 24. D\u00edky v\u0161em na\u0161im repro\u0161\u016fm za bojovn\u00e9 v\u00fdkony a podp\u016frn\u00e9mu t\u00fdmu za bezchybn\u00e9 zvl\u00e1dnut\u00ed prvn\u00ed \u010d\u00e1sti pra\u017esk\u00e9ho bikov\u00e9ho v\u00edkendu.<\/p>\n<p style=\"text-align: justify;\">Dr\u017eeli jsme palce v z\u00e1vod\u011b juniorek i na\u0161\u00ed odchovankyni <strong><span style=\"color: #993300;\">Ad\u00e9le \u0160af\u00e1\u0159ov\u00e9<\/span><\/strong> (Nutrend Specialized), kterou ale postihla sm\u016fla v podob\u011b technick\u00fdch probl\u00e9m\u016f a ve v\u00fdsledc\u00edch je zaps\u00e1na na 8. m\u00edst\u011b. Technick\u00e9 pot\u00ed\u017ee na pokra\u010dov\u00e1n\u00ed st\u00e1le dus\u00ed i dal\u0161\u00edho na\u0161eho b\u00fdval\u00e9ho z\u00e1vo\u010f\u00e1ka,v\u00fdbu\u0161n\u00e9ho <strong><span style=\"color: #993300;\">Dominika Prudka<\/span><\/strong> (GT Opportunity), kter\u00fd se probojoval do fin\u00e1le, ale p\u0159etr\u017een\u00fd \u0159et\u011bz bohu\u017eel vystavil ve fin\u00e1lov\u00e9 j\u00edzd\u011b stop jeho medailov\u00e9 nad\u011bji (klasifikov\u00e1n tedy na 4. m\u00edst\u011b)&#8230;<\/p>\n<p style=\"text-align: justify;\">V\u00fdsledky elimin\u00e1toru nazna\u010duj\u00ed, \u017ee jsou na\u0161i v \u0158ep\u00edch v dobr\u00e9 form\u011b, a \u017ee se budou sna\u017eit na sobotn\u00ed v\u00fdkony nav\u00e1zat i v ned\u011bli. Budeme op\u011bt dr\u017eet palce! V\u00fdsledkov\u00fd servis ze sobotn\u00edch sprint\u016f je zde:\u00a0<strong><a href=\"http:\/\/sportsoft.cz\/cs\/zavod\/overview\/1506\">http:\/\/sportsoft.cz\/cs\/zavod\/overview\/1506<\/a><\/strong><\/p>\n","protected":false},"excerpt":{"rendered":"<p>\u010cP MTB XCO 17.5.2015 Praha &#8222;Full&#8220; sestava MORAVCE se p\u0159edstavila v ned\u011bln\u00edm klasick\u00e9m cross country p\u0159i druh\u00e9m pokra\u010dov\u00e1n\u00ed \u010cesk\u00e9ho poh\u00e1ru v Praze &#8211; \u0158ep\u00edch. A jako v sobotu p\u0159i sprintech\u00a0i o den pozd\u011bji se v\u0161ichni na\u0161i na n\u00e1ro\u010dn\u00e9 mistrovsk\u00e9 trati op\u011bt prezentovali kvalitn\u00edmi v\u00fdkony &#8222;na doraz&#8220;. V\u00fdsledkov\u011b l\u00e9pe se podle p\u0159edpoklad\u016f da\u0159ilo d\u00edvk\u00e1m, kdy p\u0159edev\u0161\u00edm &hellip; <a href=\"https:\/\/www.moravecteam.cz\/?p=555\" class=\"more-link\">Pokra\u010dov\u00e1n\u00ed textu <span class=\"screen-reader-text\">Radost z Prahy!<\/span> <span class=\"meta-nav\">&rarr;<\/span><\/a><\/p>\n","protected":false},"author":3,"featured_media":565,"comment_status":"closed","ping_status":"open","sticky":false,"template":"","format":"standard","meta":[],"categories":[1],"tags":[],"_links":{"self":[{"href":"https:\/\/www.moravecteam.cz\/index.php?rest_route=\/wp\/v2\/posts\/555"}],"collection":[{"href":"https:\/\/www.moravecteam.cz\/index.php?rest_route=\/wp\/v2\/posts"}],"about":[{"href":"https:\/\/www.moravecteam.cz\/index.php?rest_route=\/wp\/v2\/types\/post"}],"author":[{"embeddable":true,"href":"https:\/\/www.moravecteam.cz\/index.php?rest_route=\/wp\/v2\/users\/3"}],"replies":[{"embeddable":true,"href":"https:\/\/www.moravecteam.cz\/index.php?rest_route=%2Fwp%2Fv2%2Fcomments&post=555"}],"version-history":[{"count":17,"href":"https:\/\/www.moravecteam.cz\/index.php?rest_route=\/wp\/v2\/posts\/555\/revisions"}],"predecessor-version":[{"id":591,"href":"https:\/\/www.moravecteam.cz\/index.php?rest_route=\/wp\/v2\/posts\/555\/revisions\/591"}],"wp:featuredmedia":[{"embeddable":true,"href":"https:\/\/www.moravecteam.cz\/index.php?rest_route=\/wp\/v2\/media\/565"}],"wp:attachment":[{"href":"https:\/\/www.moravecteam.cz\/index.php?rest_route=%2Fwp%2Fv2%2Fmedia&parent=555"}],"wp:term":[{"taxonomy":"category","embeddable":true,"href":"https:\/\/www.moravecteam.cz\/index.php?rest_route=%2Fwp%2Fv2%2Fcategories&post=555"},{"taxonomy":"post_tag","embeddable":true,"href":"https:\/\/www.moravecteam.cz\/index.php?rest_route=%2Fwp%2Fv2%2Ftags&post=555"}],"curies":[{"name":"wp","href":"https:\/\/api.w.org\/{rel}","templated":true}]}}